{"id":150800,"date":"2026-09-02T12:55:55","date_gmt":"2026-09-02T09:55:55","guid":{"rendered":"https:\/\/www.kibrishost.com\/tak\/rum-bakanlar-kurulundan-olumsuz-havalarda-gemilerin-denize-acilmasini-yasakladi\/"},"modified":"2026-09-02T12:55:55","modified_gmt":"2026-09-02T09:55:55","slug":"rum-bakanlar-kurulundan-olumsuz-havalarda-gemilerin-denize-acilmasini-yasakladi","status":"publish","type":"post","link":"https:\/\/www.kibrishost.com\/tak\/rum-bakanlar-kurulundan-olumsuz-havalarda-gemilerin-denize-acilmasini-yasakladi\/","title":{"rendered":"Rum Bakanlar Kurulu\u2019ndan olumsuz havalarda gemilerin denize a\u00e7\u0131lmas\u0131n\u0131 yasaklad\u0131"},"content":{"rendered":"<p>Rum y\u00f6netimi, 29 A\u011fustos\u2019ta Greko Burnu a\u00e7\u0131klar\u0131nda iki teknenin batmas\u0131 ve bir ki\u015finin hayat\u0131n\u0131 kaybetmesinin ard\u0131ndan olumsuz havalarda gemi ve teknelerin denize a\u00e7\u0131lmas\u0131n\u0131 yasaklamay\u0131 \u00f6ng\u00f6ren acil \u00f6nlem kararla\u015ft\u0131rd\u0131.<\/p>\n<p>SigmaLive\u2019in haberine g\u00f6re, Rum Y\u00f6netimi Ba\u015fkan\u0131 Nikos Hristodulidis ba\u015fkanl\u0131\u011f\u0131nda bu sabah toplanan Bakanlar Kurulu, 16 Mart 2026\u2019da karar verdi\u011fi Sahil G\u00fcvenlik Hizmetleri birimi kurulana kadar, ge\u00e7ici \u00f6nlem olarak olumsuz hava ko\u015fullar\u0131nda gemilerin denize a\u00e7\u0131lmas\u0131n\u0131 yasaklama ve gemi ve teknelerin zorunlu g\u00fcvenli bar\u0131nak ya da limanlara ta\u015f\u0131nmas\u0131n\u0131 kararla\u015ft\u0131rd\u0131. <\/p>\n<p>Rum Denizcilik M\u00fcste\u015far\u0131 Maria Hacimanoli, bug\u00fcnk\u00fc toplant\u0131da Denizcilik M\u00fcste\u015farl\u0131\u011f\u0131 ve yetkili devlet birimlerinin kat\u0131l\u0131m\u0131yla Demirleme Yerleri Komisyonu kurulmas\u0131na da karar verildi\u011fini a\u00e7\u0131klad\u0131. Komisyonun g\u00fcvenlik, gemilerin demirli kalma ko\u015fullar\u0131, at\u0131klar\u0131n toplanmas\u0131 ve do\u011fru y\u00f6netimi ile ilgili konularda kapsaml\u0131 inceleme yapacak. <\/p>\n<p>Hacimanoli, hala y\u00fcr\u00fcrl\u00fckteki yasan\u0131n, olumsuz hava ko\u015fullar\u0131nda denize a\u00e7\u0131lma yasa\u011f\u0131n\u0131n belirli kategorilerdeki gemileri kapsad\u0131\u011f\u0131n\u0131, yeni d\u00fczenlemeyle jetski gibi kiralanan deniz unsurlar\u0131 ve gezi tekneleri konusundaki bo\u015flu\u011fun giderilece\u011fini\u00a0 \u00a0a\u00e7\u0131klad\u0131. Buna ra\u011fmen \u00f6zel yatlar\u0131n, olumsuz hava ko\u015fullar\u0131nda denize a\u00e7\u0131lmas\u0131n\u0131n yasaklanmas\u0131 ve zorunlu yer de\u011fi\u015ftirme konusunda yasal bo\u015fluklar bulundu\u011funa dikkat \u00e7ekti.<\/p>\n<p>Maria Hacimanoli, Bakanlar Kurulu\u2019nun, denizde de insan hayat\u0131n\u0131 korumak ve g\u00fcvenli seyir ko\u015fullar\u0131n\u0131 sa\u011flamak amac\u0131yla denize a\u00e7\u0131lmay\u0131 Meteoroloji Dairesi&#8217;nin resmi b\u00fcltenlerine ba\u011flamay\u0131 hedefledi\u011fini s\u00f6yledi.<\/p>\n<p>(\u015eA\/TU\u011e)\u00a0<\/p><\/p>\n","protected":false},"excerpt":{"rendered":"<p>Rum y\u00f6netimi, 29 A\u011fustos\u2019ta Greko Burnu a\u00e7\u0131klar\u0131nda iki teknenin batmas\u0131 ve bir ki\u015finin hayat\u0131n\u0131 kaybetmesinin ard\u0131ndan olumsuz havalarda gemi ve teknelerin denize a\u00e7\u0131lmas\u0131n\u0131 yasaklamay\u0131 \u00f6ng\u00f6ren acil \u00f6nlem kararla\u015ft\u0131rd\u0131. SigmaLive\u2019in haberine g\u00f6re, Rum Y\u00f6netimi Ba\u015fkan\u0131 Nikos Hristodulidis ba\u015fkanl\u0131\u011f\u0131nda bu sabah toplanan Bakanlar Kurulu, 16 Mart 2026\u2019da karar verdi\u011fi Sahil G\u00fcvenlik Hizmetleri birimi kurulana kadar, ge\u00e7ici \u00f6nlem &hellip;<\/p>\n","protected":false},"author":1,"featured_media":0,"comment_status":"open","ping_status":"open","sticky":false,"template":"","format":"standard","meta":{"footnotes":""},"categories":[5],"tags":[10157,2769,3559,20798,46376,4098,4438,1118,3578],"class_list":["post-150800","post","type-post","status-publish","format-standard","hentry","category-guney-kibris","tag-acilmasini","tag-bakanlar","tag-denize","tag-gemilerin","tag-havalarda","tag-kurulundan","tag-olumsuz","tag-rum","tag-yasakladi"],"_links":{"self":[{"href":"https:\/\/www.kibrishost.com\/tak\/wp-json\/wp\/v2\/posts\/150800"}],"collection":[{"href":"https:\/\/www.kibrishost.com\/tak\/wp-json\/wp\/v2\/posts"}],"about":[{"href":"https:\/\/www.kibrishost.com\/tak\/wp-json\/wp\/v2\/types\/post"}],"author":[{"embeddable":true,"href":"https:\/\/www.kibrishost.com\/tak\/wp-json\/wp\/v2\/users\/1"}],"replies":[{"embeddable":true,"href":"https:\/\/www.kibrishost.com\/tak\/wp-json\/wp\/v2\/comments?post=150800"}],"version-history":[{"count":0,"href":"https:\/\/www.kibrishost.com\/tak\/wp-json\/wp\/v2\/posts\/150800\/revisions"}],"wp:attachment":[{"href":"https:\/\/www.kibrishost.com\/tak\/wp-json\/wp\/v2\/media?parent=150800"}],"wp:term":[{"taxonomy":"category","embeddable":true,"href":"https:\/\/www.kibrishost.com\/tak\/wp-json\/wp\/v2\/categories?post=150800"},{"taxonomy":"post_tag","embeddable":true,"href":"https:\/\/www.kibrishost.com\/tak\/wp-json\/wp\/v2\/tags?post=150800"}],"curies":[{"name":"wp","href":"https:\/\/api.w.org\/{rel}","templated":true}]}}