{"id":150798,"date":"2026-09-02T12:55:37","date_gmt":"2026-09-02T09:55:37","guid":{"rendered":"https:\/\/www.kibrishost.com\/tak\/rusya-almanya-ukrayna-icin-techizat-ureten-tesislerine-dogrudan-saldiriyi-hak-ediyor\/"},"modified":"2026-09-02T12:55:37","modified_gmt":"2026-09-02T09:55:37","slug":"rusya-almanya-ukrayna-icin-techizat-ureten-tesislerine-dogrudan-saldiriyi-hak-ediyor","status":"publish","type":"post","link":"https:\/\/www.kibrishost.com\/tak\/rusya-almanya-ukrayna-icin-techizat-ureten-tesislerine-dogrudan-saldiriyi-hak-ediyor\/","title":{"rendered":"Rusya: Almanya, Ukrayna i\u00e7in te\u00e7hizat \u00fcreten tesislerine do\u011frudan sald\u0131r\u0131y\u0131 &#8220;hak ediyor&#8221;"},"content":{"rendered":"<p>Rusya G\u00fcvenlik Konseyi Ba\u015fkan Yard\u0131mc\u0131s\u0131 Dmitriy Medvedev, Almanya&#8217;n\u0131n Ukrayna ordusu i\u00e7in askeri te\u00e7hizat \u00fcreten tesislerine do\u011frudan sald\u0131r\u0131y\u0131 &#8220;hak etti\u011fini&#8221; belirtti.<\/p>\n<p>Medvedev, sosyal medya hesab\u0131ndan yapt\u0131\u011f\u0131 a\u00e7\u0131klamada, Almanya\u2019n\u0131n Leipzig-Halle Havaliman\u0131&#8217;nda patlay\u0131c\u0131 y\u00fckl\u00fc \u0130HA bulundu\u011fu gerek\u00e7esiyle Rusya&#8217;ya kar\u015f\u0131 baz\u0131 tedbirler alma karar\u0131n\u0131 de\u011ferlendirdi.<\/p>\n<p>Almanya&#8217;n\u0131n \u0130HA konusundaki su\u00e7lamalar\u0131n\u0131n kan\u0131ts\u0131z oldu\u011funu vurgulayan Medvedev, Alman y\u00f6netiminin Rusya&#8217;ya kar\u015f\u0131 yakla\u015f\u0131m sergiledi\u011fini belirterek, &#8220;Onlar (Almanlar), Bandera y\u00f6netimi i\u00e7in askeri te\u00e7hizat \u00fcreten tesislere, hatta Berlin&#8217;deki ba\u015fka yerlere do\u011frudan sald\u0131r\u0131 hak ediyor.&#8221; ifadesini kulland\u0131.<\/p>\n<p>Medvedev, Ukrayna Devlet Ba\u015fkan\u0131 Volodimir Zelenskiy&#8217;nin Rus sivil havac\u0131l\u0131\u011f\u0131na y\u00f6nelik tehdidine ili\u015fkin &#8220;Ter\u00f6ristlerle m\u00fczakere edilmez, eylemlerine kar\u015f\u0131l\u0131k misilleme yap\u0131l\u0131r. Her t\u00fcrl\u00fc ter\u00f6r\u00fcn sponsorlar\u0131 vard\u0131r. \u015eu anda bunlar, ba\u015fta Avrupal\u0131 \u00fclkeler olmak \u00fczere Bat\u0131l\u0131 \u00fclkelerin liderleri. Onlar, Kiev&#8217;e trenle s\u0131k s\u0131k gidiyor.&#8221; de\u011ferlendirmesinde bulundu.<\/p><\/p>\n","protected":false},"excerpt":{"rendered":"<p>Rusya G\u00fcvenlik Konseyi Ba\u015fkan Yard\u0131mc\u0131s\u0131 Dmitriy Medvedev, Almanya&#8217;n\u0131n Ukrayna ordusu i\u00e7in askeri te\u00e7hizat \u00fcreten tesislerine do\u011frudan sald\u0131r\u0131y\u0131 &#8220;hak etti\u011fini&#8221; belirtti. Medvedev, sosyal medya hesab\u0131ndan yapt\u0131\u011f\u0131 a\u00e7\u0131klamada, Almanya\u2019n\u0131n Leipzig-Halle Havaliman\u0131&#8217;nda patlay\u0131c\u0131 y\u00fckl\u00fc \u0130HA bulundu\u011fu gerek\u00e7esiyle Rusya&#8217;ya kar\u015f\u0131 baz\u0131 tedbirler alma karar\u0131n\u0131 de\u011ferlendirdi. Almanya&#8217;n\u0131n \u0130HA konusundaki su\u00e7lamalar\u0131n\u0131n kan\u0131ts\u0131z oldu\u011funu vurgulayan Medvedev, Alman y\u00f6netiminin Rusya&#8217;ya kar\u015f\u0131 yakla\u015f\u0131m sergiledi\u011fini &hellip;<\/p>\n","protected":false},"author":1,"featured_media":150799,"comment_status":"open","ping_status":"open","sticky":false,"template":"","format":"standard","meta":{"footnotes":""},"categories":[4],"tags":[7203,1671,6194,6740,341,10480,116,718,48715,11346,765],"class_list":["post-150798","post","type-post","status-publish","format-standard","has-post-thumbnail","hentry","category-dunya","tag-dogrudan","tag-saldiriyi","tag-ureten","tag-almanya","tag-ediyor","tag-hak","tag-icin","tag-rusya","tag-techizat","tag-tesislerine","tag-ukrayna"],"_links":{"self":[{"href":"https:\/\/www.kibrishost.com\/tak\/wp-json\/wp\/v2\/posts\/150798"}],"collection":[{"href":"https:\/\/www.kibrishost.com\/tak\/wp-json\/wp\/v2\/posts"}],"about":[{"href":"https:\/\/www.kibrishost.com\/tak\/wp-json\/wp\/v2\/types\/post"}],"author":[{"embeddable":true,"href":"https:\/\/www.kibrishost.com\/tak\/wp-json\/wp\/v2\/users\/1"}],"replies":[{"embeddable":true,"href":"https:\/\/www.kibrishost.com\/tak\/wp-json\/wp\/v2\/comments?post=150798"}],"version-history":[{"count":0,"href":"https:\/\/www.kibrishost.com\/tak\/wp-json\/wp\/v2\/posts\/150798\/revisions"}],"wp:featuredmedia":[{"embeddable":true,"href":"https:\/\/www.kibrishost.com\/tak\/wp-json\/wp\/v2\/media\/150799"}],"wp:attachment":[{"href":"https:\/\/www.kibrishost.com\/tak\/wp-json\/wp\/v2\/media?parent=150798"}],"wp:term":[{"taxonomy":"category","embeddable":true,"href":"https:\/\/www.kibrishost.com\/tak\/wp-json\/wp\/v2\/categories?post=150798"},{"taxonomy":"post_tag","embeddable":true,"href":"https:\/\/www.kibrishost.com\/tak\/wp-json\/wp\/v2\/tags?post=150798"}],"curies":[{"name":"wp","href":"https:\/\/api.w.org\/{rel}","templated":true}]}}