{"id":150797,"date":"2026-09-02T12:48:19","date_gmt":"2026-09-02T09:48:19","guid":{"rendered":"https:\/\/www.kibrishost.com\/tak\/turkiyede-kamu-personeline-zorunlu-yapay-zeka-egitimi-yolda\/"},"modified":"2026-09-02T12:48:19","modified_gmt":"2026-09-02T09:48:19","slug":"turkiyede-kamu-personeline-zorunlu-yapay-zeka-egitimi-yolda","status":"publish","type":"post","link":"https:\/\/www.kibrishost.com\/tak\/turkiyede-kamu-personeline-zorunlu-yapay-zeka-egitimi-yolda\/","title":{"rendered":"T\u00fcrkiye\u2019de kamu personeline zorunlu yapay zeka e\u011fitimi yolda"},"content":{"rendered":"<p>\u00a0T\u00fcrkiye, kamu \u00e7al\u0131\u015fanlar\u0131n\u0131n yapay zeka teknolojilerini g\u00fcvenli ve etkin kullanabilmeleri amac\u0131yla temel yapay zeka okuryazarl\u0131\u011f\u0131 e\u011fitimini zorunlu hale getirecek.<\/p>\n<p>AA muhabirinin edindi\u011fi bilgiye g\u00f6re kamu \u00e7al\u0131\u015fanlar\u0131na, Sanayi ve Teknoloji Bakanl\u0131\u011f\u0131 koordinesinde y\u00fcr\u00fct\u00fclen 2026-2030 d\u00f6nemi &#8220;T\u00fcrkiye Yapay Zeka Eylem Plan\u0131&#8221;ndaki hedeflere uyumlu \u015fekilde e-\u00f6\u011frenme y\u00f6ntemiyle temel yapay zeka okuryazarl\u0131\u011f\u0131 e\u011fitimi verilecek.<\/p>\n<p>\u00c7al\u0131\u015fanlara ayr\u0131ca g\u00f6rev ve sorumluluklar\u0131na g\u00f6re haz\u0131rlanan k\u0131sa uygulama mod\u00fclleri sunulacak. E\u011fitimler, kamu kurumlar\u0131n\u0131n insan kaynaklar\u0131 sistemleri \u00fczerinden zorunlu tutulacak.<\/p>\n<p>Personelin yaln\u0131zca e\u011fitimleri tamamlay\u0131p tamamlamad\u0131\u011f\u0131 de\u011fil, e\u011fitimlerdeki ba\u015far\u0131 d\u00fczeyi de d\u00fczenli izlenecek.<\/p>\n<p>Kamu personelinin de hedef gruplar\u0131 aras\u0131nda bulundu\u011fu yapay zeka okuryazarl\u0131\u011f\u0131 programlar\u0131nda, yapay zekan\u0131n temel kavramlar\u0131, \u00fcretken yapay zeka ara\u00e7lar\u0131n\u0131n g\u00fcvenli kullan\u0131m\u0131, ki\u015fisel verilerin korunmas\u0131, yanl\u0131\u015f bilgi ve &#8220;derin sahte&#8221; i\u00e7eriklere kar\u015f\u0131 fark\u0131ndal\u0131k ile etik kullan\u0131m ilkeleri \u00f6\u011fretilecek.<\/p>\n<p>E\u011fitimleri tamamlayanlara, \u00f6l\u00e7me ve de\u011ferlendirme sonucunda kazand\u0131klar\u0131 temel yetkinlikleri g\u00f6steren seviye bazl\u0131 mikro sertifikalar verilecek.<\/p>\n<p>&#8211; Her kurumun yapay zeka y\u00f6neticisi olacak<\/p>\n<p>Kamu kurumlar\u0131ndaki d\u00f6n\u00fc\u015f\u00fcm, kullan\u0131m alanlar\u0131n\u0131n belirlenmesi, uygulamalar\u0131n sahada denenmesi ve ba\u015far\u0131l\u0131 projelerin yayg\u0131nla\u015ft\u0131r\u0131lmas\u0131n\u0131 i\u00e7eren &#8220;tara-pilotla-\u00f6l\u00e7ekle&#8221; d\u00f6ng\u00fcs\u00fcyle b\u00fct\u00fcnc\u00fcl bir y\u00f6neti\u015fim ve g\u00fcven \u00e7er\u00e7evesinde y\u00fcr\u00fct\u00fclecek.<\/p>\n<p>Kamudaki bu d\u00f6n\u00fc\u015f\u00fcm\u00fc y\u00f6netmek \u00fczere kurumlarda bu alandan sorumlu birim amiri veya ba\u015fkana ba\u011fl\u0131 \u00fcst d\u00fczey y\u00f6netici g\u00f6revlendirilecek.<\/p>\n<p>S\u00f6z konusu y\u00f6netici, kurumun yapay zeka proje ve uygulamalar\u0131ndan olu\u015fan portf\u00f6y\u00fcn\u00fc y\u00f6netecek, \u00e7al\u0131\u015fmalar\u0131n ilerleme durumunu d\u00fczenli olarak raporlayacak.<\/p>\n<p>G\u00f6revlendirmelerin tamamlanmas\u0131n\u0131n ard\u0131ndan t\u00fcm kurumlar, 12 hafta i\u00e7inde \u00fc\u00e7 y\u0131ll\u0131k &#8220;Yapay Zeka Yol Haritas\u0131&#8221; ile y\u0131ll\u0131k hedeflerini haz\u0131rlayacak.<\/p>\n<p>Pilot ve ilk \u00f6l\u00e7ekli konu\u015fland\u0131rmalar i\u00e7in k\u00fc\u00e7\u00fck-orta hacimli al\u0131mlar \u00f6nceliklendirilecek, yapay zeka projelerine y\u00f6nelik kamu al\u0131mlar\u0131na kat\u0131lacak giri\u015fimlerin teknogiri\u015fim belgesine sahip olmas\u0131 esas al\u0131nacak.<\/p>\n<p>Her bakanl\u0131kta yapay zekadan yararlan\u0131labilecek alanlar sistematik olarak taranacak. Potansiyeli y\u00fcksek alanlarda h\u0131zl\u0131 pilot uygulamalar ba\u015flat\u0131lacak, belirlenen ba\u015far\u0131 e\u015fi\u011fini ge\u00e7en projeler 6 ile 12 ay i\u00e7inde \u00f6l\u00e7eklendirilecek.<\/p>\n<p>&#8211; 10 bakanl\u0131kta 30 pilot ba\u015flat\u0131lacak<\/p>\n<p>Plan kapsam\u0131nda ilk 12 ayda en az 2 pilot dalgas\u0131yla 10 veya daha fazla bakanl\u0131kta toplam en az 30 yapay zeka pilotunun ba\u015flat\u0131lmas\u0131 hedefleniyor.<\/p>\n<p>En az 10 kritik kamu hizmeti i\u00e7in pilot a\u015famas\u0131ndan \u00f6l\u00e7eklendirmeye uzanan u\u00e7tan uca &#8220;pilot-\u00f6l\u00e7ek hatt\u0131&#8221; kurulacak.<\/p>\n<p>e-Devlet, vatanda\u015flar\u0131n yapay zeka destekli kamu hizmetlerini do\u011frudan deneyimleyece\u011fi \u00f6ncelikli d\u00f6n\u00fc\u015f\u00fcm alan\u0131 olacak. Ki\u015fiselle\u015ftirilmi\u015f hizmet y\u00f6nlendirmesi, ba\u015fvurular\u0131n \u00f6n kontrol\u00fc ve ak\u0131ll\u0131 belge deste\u011fi gibi uygulamalar \u00f6ncelikle pilot olarak hayata ge\u00e7irilecek.<\/p>\n<p>En az 5 yapay zeka destekli vatanda\u015f hizmetinin e-Devlet \u00fczerinden pilotlanarak \u00f6l\u00e7eklendirilmesi planlan\u0131yor. Uygulamalarda ki\u015fisel verilerin korunmas\u0131, kararlar\u0131n a\u00e7\u0131klanabilir olmas\u0131 ve insan g\u00f6zetimi ilkeleri dikkate al\u0131nacak.<\/p>\n<p>Kamu kurumlar\u0131nda devreye al\u0131nan y\u00fcksek etkili yapay zeka sistemlerinin de belgelendirme ve de\u011ferlendirme s\u00fcre\u00e7lerinden ge\u00e7irilmesi zorunlu olacak.<\/p><\/p>\n","protected":false},"excerpt":{"rendered":"<p>\u00a0T\u00fcrkiye, kamu \u00e7al\u0131\u015fanlar\u0131n\u0131n yapay zeka teknolojilerini g\u00fcvenli ve etkin kullanabilmeleri amac\u0131yla temel yapay zeka okuryazarl\u0131\u011f\u0131 e\u011fitimini zorunlu hale getirecek. AA muhabirinin edindi\u011fi bilgiye g\u00f6re kamu \u00e7al\u0131\u015fanlar\u0131na, Sanayi ve Teknoloji Bakanl\u0131\u011f\u0131 koordinesinde y\u00fcr\u00fct\u00fclen 2026-2030 d\u00f6nemi &#8220;T\u00fcrkiye Yapay Zeka Eylem Plan\u0131&#8221;ndaki hedeflere uyumlu \u015fekilde e-\u00f6\u011frenme y\u00f6ntemiyle temel yapay zeka okuryazarl\u0131\u011f\u0131 e\u011fitimi verilecek. \u00c7al\u0131\u015fanlara ayr\u0131ca g\u00f6rev ve sorumluluklar\u0131na &hellip;<\/p>\n","protected":false},"author":1,"featured_media":0,"comment_status":"open","ping_status":"open","sticky":false,"template":"","format":"standard","meta":{"footnotes":""},"categories":[3],"tags":[1531,2041,6572,1892,1450,8325,1863,13733],"class_list":["post-150797","post","type-post","status-publish","format-standard","hentry","category-turkiye","tag-egitimi","tag-kamu","tag-personeline","tag-turkiyede","tag-yapay","tag-yolda","tag-zeka","tag-zorunlu"],"_links":{"self":[{"href":"https:\/\/www.kibrishost.com\/tak\/wp-json\/wp\/v2\/posts\/150797"}],"collection":[{"href":"https:\/\/www.kibrishost.com\/tak\/wp-json\/wp\/v2\/posts"}],"about":[{"href":"https:\/\/www.kibrishost.com\/tak\/wp-json\/wp\/v2\/types\/post"}],"author":[{"embeddable":true,"href":"https:\/\/www.kibrishost.com\/tak\/wp-json\/wp\/v2\/users\/1"}],"replies":[{"embeddable":true,"href":"https:\/\/www.kibrishost.com\/tak\/wp-json\/wp\/v2\/comments?post=150797"}],"version-history":[{"count":0,"href":"https:\/\/www.kibrishost.com\/tak\/wp-json\/wp\/v2\/posts\/150797\/revisions"}],"wp:attachment":[{"href":"https:\/\/www.kibrishost.com\/tak\/wp-json\/wp\/v2\/media?parent=150797"}],"wp:term":[{"taxonomy":"category","embeddable":true,"href":"https:\/\/www.kibrishost.com\/tak\/wp-json\/wp\/v2\/categories?post=150797"},{"taxonomy":"post_tag","embeddable":true,"href":"https:\/\/www.kibrishost.com\/tak\/wp-json\/wp\/v2\/tags?post=150797"}],"curies":[{"name":"wp","href":"https:\/\/api.w.org\/{rel}","templated":true}]}}