{"id":150796,"date":"2026-09-02T12:48:07","date_gmt":"2026-09-02T09:48:07","guid":{"rendered":"https:\/\/www.kibrishost.com\/tak\/ogretmenlere-yonelik-yapay-zeka-egitimi-basladi\/"},"modified":"2026-09-02T12:48:07","modified_gmt":"2026-09-02T09:48:07","slug":"ogretmenlere-yonelik-yapay-zeka-egitimi-basladi","status":"publish","type":"post","link":"https:\/\/www.kibrishost.com\/tak\/ogretmenlere-yonelik-yapay-zeka-egitimi-basladi\/","title":{"rendered":"\u00d6\u011fretmenlere y\u00f6nelik yapay zeka e\u011fitimi ba\u015flad\u0131"},"content":{"rendered":"<p>Do\u011fu Akdeniz \u00dcniversitesi (DA\u00dc) ile Milli E\u011fitim Bakanl\u0131\u011f\u0131&#8217;n\u0131n \u00f6\u011fretmenlere y\u00f6nelik yapay zeka konulu e\u011fitim program\u0131 d\u00fcn DA\u00dc Bilgisayar ve Bili\u015fim Bilimleri Fak\u00fcltesi laboratuvarlar\u0131nda ba\u015flad\u0131.DA\u00dc&#8217;den verilen bilgiye g\u00f6re, 11 Eyl\u00fcl&#8217;de sona erecek e\u011fitim Gazima\u011fusa b\u00f6lgesindeki okul \u00f6ncesi e\u011fitim kurumlar\u0131, ilkokul, ortaokul ve liselerde g\u00f6rev yapan yakla\u015f\u0131k bin 500 \u00f6\u011fretmene y\u00f6nelik tasarland\u0131.DA\u00dc Akademik \u0130\u015flerden Sorumlu Rekt\u00f6r Yard\u0131mc\u0131s\u0131 Prof. Dr. Osman M. Karatepe, konuyla ilgili a\u00e7\u0131klamas\u0131nda, e\u011fitimin \u00f6\u011fretmenlerin dijital d\u00f6n\u00fc\u015f\u00fcm s\u00fcrecine uyum sa\u011flamalar\u0131 ve yapay zek\u00e2 teknolojilerini e\u011fitim-\u00f6\u011fretim s\u00fcre\u00e7lerinde bilin\u00e7li ve etkili bi\u00e7imde kullanabilmeleri a\u00e7\u0131s\u0131ndan b\u00fcy\u00fck \u00f6nem ta\u015f\u0131d\u0131\u011f\u0131n\u0131 s\u00f6yledi.(ID\/R\u00c7)<\/p><\/p>\n","protected":false},"excerpt":{"rendered":"<p>Do\u011fu Akdeniz \u00dcniversitesi (DA\u00dc) ile Milli E\u011fitim Bakanl\u0131\u011f\u0131&#8217;n\u0131n \u00f6\u011fretmenlere y\u00f6nelik yapay zeka konulu e\u011fitim program\u0131 d\u00fcn DA\u00dc Bilgisayar ve Bili\u015fim Bilimleri Fak\u00fcltesi laboratuvarlar\u0131nda ba\u015flad\u0131.DA\u00dc&#8217;den verilen bilgiye g\u00f6re, 11 Eyl\u00fcl&#8217;de sona erecek e\u011fitim Gazima\u011fusa b\u00f6lgesindeki okul \u00f6ncesi e\u011fitim kurumlar\u0131, ilkokul, ortaokul ve liselerde g\u00f6rev yapan yakla\u015f\u0131k bin 500 \u00f6\u011fretmene y\u00f6nelik tasarland\u0131.DA\u00dc Akademik \u0130\u015flerden Sorumlu Rekt\u00f6r Yard\u0131mc\u0131s\u0131 &hellip;<\/p>\n","protected":false},"author":1,"featured_media":0,"comment_status":"open","ping_status":"open","sticky":false,"template":"","format":"standard","meta":{"footnotes":""},"categories":[2],"tags":[398,1531,13491,1450,1046,1863],"class_list":["post-150796","post","type-post","status-publish","format-standard","hentry","category-kibris","tag-basladi","tag-egitimi","tag-ogretmenlere","tag-yapay","tag-yonelik","tag-zeka"],"_links":{"self":[{"href":"https:\/\/www.kibrishost.com\/tak\/wp-json\/wp\/v2\/posts\/150796"}],"collection":[{"href":"https:\/\/www.kibrishost.com\/tak\/wp-json\/wp\/v2\/posts"}],"about":[{"href":"https:\/\/www.kibrishost.com\/tak\/wp-json\/wp\/v2\/types\/post"}],"author":[{"embeddable":true,"href":"https:\/\/www.kibrishost.com\/tak\/wp-json\/wp\/v2\/users\/1"}],"replies":[{"embeddable":true,"href":"https:\/\/www.kibrishost.com\/tak\/wp-json\/wp\/v2\/comments?post=150796"}],"version-history":[{"count":0,"href":"https:\/\/www.kibrishost.com\/tak\/wp-json\/wp\/v2\/posts\/150796\/revisions"}],"wp:attachment":[{"href":"https:\/\/www.kibrishost.com\/tak\/wp-json\/wp\/v2\/media?parent=150796"}],"wp:term":[{"taxonomy":"category","embeddable":true,"href":"https:\/\/www.kibrishost.com\/tak\/wp-json\/wp\/v2\/categories?post=150796"},{"taxonomy":"post_tag","embeddable":true,"href":"https:\/\/www.kibrishost.com\/tak\/wp-json\/wp\/v2\/tags?post=150796"}],"curies":[{"name":"wp","href":"https:\/\/api.w.org\/{rel}","templated":true}]}}