{"id":150795,"date":"2026-09-02T12:47:58","date_gmt":"2026-09-02T09:47:58","guid":{"rendered":"https:\/\/www.kibrishost.com\/tak\/greko-burnundaki-olumlu-deniz-kazalari-icin-enkaz-arama-toplama-ve-kaldirma-calismalari-basladi\/"},"modified":"2026-09-02T12:47:58","modified_gmt":"2026-09-02T09:47:58","slug":"greko-burnundaki-olumlu-deniz-kazalari-icin-enkaz-arama-toplama-ve-kaldirma-calismalari-basladi","status":"publish","type":"post","link":"https:\/\/www.kibrishost.com\/tak\/greko-burnundaki-olumlu-deniz-kazalari-icin-enkaz-arama-toplama-ve-kaldirma-calismalari-basladi\/","title":{"rendered":"Greko Burnu\u2019ndaki \u00f6l\u00fcml\u00fc deniz kazalar\u0131 i\u00e7in enkaz arama, toplama ve kald\u0131rma \u00e7al\u0131\u015fmalar\u0131 ba\u015flad\u0131"},"content":{"rendered":"<p>Greko Burnu a\u00e7\u0131klar\u0131nda cumartesi g\u00fcn\u00fc k\u00f6t\u00fc hava ko\u015fullar\u0131 alt\u0131nda batan ve Rum i\u015f insan\u0131 Dimis Mavrupulos\u2019un da hayat\u0131n\u0131 kaybetti\u011fi \u201cPERLA BIANCA\u201d isimli yat ve bir ki\u015finin operasyonla kurtar\u0131ld\u0131\u011f\u0131 \u201cPETSAS I\u201d k\u0131y\u0131 gezinti teknesinin enkaz\u0131n\u0131n toplanmas\u0131na bug\u00fcn ba\u015flan\u0131yor. Olaylarla ilgili iki de soru\u015fturma y\u00fcr\u00fct\u00fcl\u00fcyor. <\/p>\n<p>CyprusTimes Rum Arama Kurtarma Koordinasyon Merkezi\u2019nin, deniz y\u00fczeyinde, dibinde ve karada yap\u0131lacak enkaz arama, bulma ve \u00e7\u0131karma \u00e7al\u0131\u015fmalar\u0131 i\u00e7in bu sabah itibar\u0131yla b\u00f6lgede NAVTEX ilan etti\u011fi bilgisini verdi.<\/p>\n<p>Philenews, Rum i\u015f insan\u0131na ait teknenin batt\u0131\u011f\u0131 Greko Burnu k\u00f6rfezinin kordon alt\u0131na al\u0131nd\u0131\u011f\u0131n\u0131, batan iki teknenin enkaz\u0131n\u0131 arama, toplama, denizden \u00e7\u0131karma operasyonun Rum Denizcilik M\u00fcste\u015farl\u0131\u011f\u0131 taraf\u0131ndan tutulan uzman bir \u00f6zel \u015firket taraf\u0131ndan ger\u00e7ekle\u015ftirilece\u011fini aktard\u0131.<\/p>\n<p>Haberde, Rum polisinin, Denizcili M\u00fcste\u015farl\u0131\u011f\u0131 ve Deniz Kazalar\u0131n\u0131 ve Olaylar\u0131n\u0131 Ara\u015ft\u0131rma Komisyonu i\u015f birli\u011fiyle iki ara\u015ft\u0131rma y\u00fcr\u00fctt\u00fc\u011f\u00fc bilgisi verildi. Rum polisinin, i\u015f insan\u0131 Mavropulos\u2019un \u00f6l\u00fcm \u015fekli ve sebebiyle ilgili ara\u015ft\u0131rma ve soru\u015fturmas\u0131 da devam ediyor. <\/p>\n<p>Deniz Kazalar\u0131n\u0131 ve Olaylar\u0131n\u0131 Ara\u015ft\u0131rma Komisyonu\u2019nun ara\u015ft\u0131rmas\u0131, \u201cPETSAS I\u201d k\u0131y\u0131 gezinti teknesi ile ilgili cezai veya disiplin soru\u015fturmas\u0131 de\u011fil, teknenin deniz g\u00fcvenli\u011fi kurallar\u0131n\u0131 yerine getirip getirmedi\u011fi ile s\u0131n\u0131rl\u0131 kalacak. Bu \u00e7er\u00e7evede iade al\u0131nacak, gemiyle ve kaza ko\u015fullar\u0131yla ilgili delil, belge, foto\u011fraflar toplanacak. \u00a0Bu ara\u015ft\u0131rmadan \u00e7\u0131kar\u0131lacak deniz g\u00fcvenli\u011fiyle ilgili sonu\u00e7lar raporla\u015ft\u0131r\u0131lacak ve Rum Ula\u015ft\u0131rma Bakanl\u0131\u011f\u0131 taraf\u0131ndan Avrupa Komisyonu ve Uluslararas\u0131 Denizcilik \u00d6rg\u00fct\u00fc\u2019ne sunulacak. <\/p>\n<p>(\u015eA\/TU\u011e)\u00a0<\/p><\/p>\n","protected":false},"excerpt":{"rendered":"<p>Greko Burnu a\u00e7\u0131klar\u0131nda cumartesi g\u00fcn\u00fc k\u00f6t\u00fc hava ko\u015fullar\u0131 alt\u0131nda batan ve Rum i\u015f insan\u0131 Dimis Mavrupulos\u2019un da hayat\u0131n\u0131 kaybetti\u011fi \u201cPERLA BIANCA\u201d isimli yat ve bir ki\u015finin operasyonla kurtar\u0131ld\u0131\u011f\u0131 \u201cPETSAS I\u201d k\u0131y\u0131 gezinti teknesinin enkaz\u0131n\u0131n toplanmas\u0131na bug\u00fcn ba\u015flan\u0131yor. Olaylarla ilgili iki de soru\u015fturma y\u00fcr\u00fct\u00fcl\u00fcyor. CyprusTimes Rum Arama Kurtarma Koordinasyon Merkezi\u2019nin, deniz y\u00fczeyinde, dibinde ve karada yap\u0131lacak &hellip;<\/p>\n","protected":false},"author":1,"featured_media":0,"comment_status":"open","ping_status":"open","sticky":false,"template":"","format":"standard","meta":{"footnotes":""},"categories":[5],"tags":[4573,398,48714,784,521,35185,48713,116,9360,2804,4099,1369],"class_list":["post-150795","post","type-post","status-publish","format-standard","hentry","category-guney-kibris","tag-arama","tag-basladi","tag-burnundaki","tag-calismalari","tag-deniz","tag-enkaz","tag-greko","tag-icin","tag-kaldirma","tag-kazalari","tag-olumlu","tag-toplama"],"_links":{"self":[{"href":"https:\/\/www.kibrishost.com\/tak\/wp-json\/wp\/v2\/posts\/150795"}],"collection":[{"href":"https:\/\/www.kibrishost.com\/tak\/wp-json\/wp\/v2\/posts"}],"about":[{"href":"https:\/\/www.kibrishost.com\/tak\/wp-json\/wp\/v2\/types\/post"}],"author":[{"embeddable":true,"href":"https:\/\/www.kibrishost.com\/tak\/wp-json\/wp\/v2\/users\/1"}],"replies":[{"embeddable":true,"href":"https:\/\/www.kibrishost.com\/tak\/wp-json\/wp\/v2\/comments?post=150795"}],"version-history":[{"count":0,"href":"https:\/\/www.kibrishost.com\/tak\/wp-json\/wp\/v2\/posts\/150795\/revisions"}],"wp:attachment":[{"href":"https:\/\/www.kibrishost.com\/tak\/wp-json\/wp\/v2\/media?parent=150795"}],"wp:term":[{"taxonomy":"category","embeddable":true,"href":"https:\/\/www.kibrishost.com\/tak\/wp-json\/wp\/v2\/categories?post=150795"},{"taxonomy":"post_tag","embeddable":true,"href":"https:\/\/www.kibrishost.com\/tak\/wp-json\/wp\/v2\/tags?post=150795"}],"curies":[{"name":"wp","href":"https:\/\/api.w.org\/{rel}","templated":true}]}}