{"id":150792,"date":"2026-09-02T12:43:45","date_gmt":"2026-09-02T09:43:45","guid":{"rendered":"https:\/\/www.kibrishost.com\/tak\/denktas-butun-sorumlular-hesap-vermelidir\/"},"modified":"2026-09-02T12:43:45","modified_gmt":"2026-09-02T09:43:45","slug":"denktas-butun-sorumlular-hesap-vermelidir","status":"publish","type":"post","link":"https:\/\/www.kibrishost.com\/tak\/denktas-butun-sorumlular-hesap-vermelidir\/","title":{"rendered":"Denkta\u015f: \u201cB\u00fct\u00fcn sorumlular hesap vermelidir\u201d"},"content":{"rendered":"<p>TAM PART\u0130 Genel Ba\u015fkan\u0131 Serdar Denkta\u015f, Girne a\u00e7\u0131klar\u0131nda meydana gelen feribot facias\u0131yla ilgili b\u00fct\u00fcn sorumlular\u0131n hesap vermesi gerekti\u011fini belirtti.<\/p>\n<\/p>\n<p>Faciaya giden s\u00fcre\u00e7te ciddi bir denetimsizlik ve idaresizlik ya\u015fand\u0131\u011f\u0131n\u0131 ifade eden Denkta\u015f, hasarl\u0131 bir gemiye seyir izni verilmesini ele\u015ftirdi.<\/p>\n<p>TAM Parti&#8217;den verilen bilgiye g\u00f6re, Denkta\u015f, Gen\u00e7 TV\u2019de Mustafa Alkan\u2019\u0131n Er Meydan\u0131 program\u0131na canl\u0131 yay\u0131n konu\u011fu oldu.<\/p>\n<p>Denkta\u015f, kazan\u0131n sadece kaptan hatas\u0131na veya belli bir olaya indirgenemeyece\u011fini belirterek, \u201cHer ayr\u0131nt\u0131dan, geminin ge\u00e7mi\u015fteki g\u00f6r\u00fcnt\u00fclerinden ve kazazedelerin ifadelerinden anla\u015f\u0131l\u0131yor ki, ortada bir ihmaller zinciri var. Bu zincirin her kademesindeki sorumlular hesap vermelidir.\u201d dedi.<\/p>\n<p>Denkta\u015f, bunun sadece bir kaptan hatas\u0131 olmad\u0131\u011f\u0131n\u0131 ve ihmaller zincirinin sonucu oldu\u011funu dile getirdi.<\/p>\n<p>Geminin daha \u00f6nce hasarl\u0131 oldu\u011funu ve maliyeti d\u00fc\u015f\u00fcrmek amac\u0131yla yetkisiz ki\u015filere, hatta bir iddiaya g\u00f6re araba kaportac\u0131s\u0131na tamir ettirildi\u011fini savunan eden Denkta\u015f, maliyeti az tutmak i\u00e7in 260 ki\u015finin hayat\u0131n\u0131n tehlikeye at\u0131ld\u0131\u011f\u0131n\u0131 belirtti. Denkta\u015f, tamirat\u0131 yapanlar\u0131n, sefere uygunluk onay\u0131 verenlerin, liman amirli\u011finin, Bay\u0131nd\u0131rl\u0131k ve Ula\u015ft\u0131rma Bakanl\u0131\u011f\u0131\u2019n\u0131n, bu s\u00fcre\u00e7teki t\u00fcm yetkililerin su\u00e7lu oldu\u011funu ileri s\u00fcrd\u00fc.\u00a0<\/p>\n<\/p>\n<p>-&#8220;Zincirin her halkas\u0131ndaki sorumlular, tek tek ortaya \u00e7\u0131kar\u0131lmal\u0131d\u0131r&#8221;<\/p>\n<p>Denkta\u015f ayr\u0131ca, gemide Honduras\u2019tan al\u0131nma denkli\u011fi belirsiz kaptanl\u0131k belgeleriyle kaptan \u00e7al\u0131\u015ft\u0131r\u0131ld\u0131\u011f\u0131n\u0131 belirterek, &#8220;Zincirin her halkas\u0131ndaki sorumlular, tek tek ortaya \u00e7\u0131kar\u0131lmal\u0131d\u0131r.&#8221; dedi. <\/p>\n<p>\u201cGemi zaten hasarl\u0131ym\u0131\u015f, bu geminin tamirini kim yapt\u0131? Do\u011fru tamir edildi mi? Tamirden sonra sefer uygunlu\u011funu veren kimlerdi? Kaptan\u0131n ehliyet durumu nedir? Sefere uygundur g\u00f6r\u00fc\u015f\u00fcn\u00fc kim nas\u0131l verdi? Liman amiri o g\u00fcn, sefere \u00e7\u0131kabilir iznini nas\u0131l verdi? T\u00fcm bu sorular\u0131n yan\u0131t\u0131n\u0131 alana kadar ve sorumlular hesab\u0131n\u0131 verene kadar pe\u015fini b\u0131rakmayaca\u011f\u0131z.\u201d diye konu\u015fan Denkta\u015f, ele\u015ftirilerini s\u00fcrd\u00fcrd\u00fc.<\/p>\n<p>Bay\u0131nd\u0131rl\u0131k ve Ula\u015ft\u0131rma Bakanl\u0131\u011f\u0131\u2019na ba\u011fl\u0131 bir k\u0131y\u0131 emniyeti \u015firketi oldu\u011funu hat\u0131rlatan Denkta\u015f, bu s\u00fcre\u00e7te bu \u015firketin ad\u0131n\u0131n hi\u00e7 duyulmad\u0131\u011f\u0131n\u0131 ve \u015firketin ne i\u015f yapt\u0131\u011f\u0131n\u0131 sorgulad\u0131.<\/p>\n<p>-&#8220;Toplumsal bir travma ya\u015fad\u0131k, unutmayaca\u011f\u0131z&#8221;<\/p>\n<p>Kazazedelerin ailelerinin adaya ula\u015fmaya \u00e7al\u0131\u015ft\u0131\u011f\u0131 bu kriz an\u0131nda hava yolu \u015firketlerinin bilet fiyatlar\u0131n\u0131 20-25 bin TL band\u0131na \u00e7ekmesini de ele\u015ftiren Denkta\u015f, yap\u0131lan\u0131 &#8220;F\u0131rsat\u00e7\u0131l\u0131k, h\u0131rs\u0131zl\u0131k ve ya\u011fmac\u0131l\u0131k&#8221; olarak nitelendirdi. <\/p>\n<p>H\u00fck\u00fcmet yetkililerinin s\u00f6z konusu firmalara kar\u015f\u0131 yapt\u0131r\u0131m uygulama veya u\u00e7u\u015f izinlerini iptal etme cesaretini g\u00f6steremedi\u011fini savunan Denkta\u015f, \u015fu ifadelere yer verdi:<\/p>\n<p>\u201cBu ortamda sorumlu h\u00fck\u00fcmetin kendisidir. Bu geminin adaya giri\u015finden sefere \u00e7\u0131k\u0131\u015f\u0131na kadar kim s\u00fcrece dahilse hepsi sorumludur. Toplumsal bir travma ya\u015fad\u0131k. Bu halk bunu unutmayacak. Tamir maliyeti az olsun diye 260 insan\u0131n hayat\u0131yla oynand\u0131. Bu \u00fclkede bu facia ya\u015fand\u0131ysa, zincirin her halkas\u0131ndaki sorumlular tek tek ortaya \u00e7\u0131kar\u0131lmal\u0131. \u201d <\/p>\n<p>Ma\u011fdur olan vatanda\u015flara parti olarak hukuki ve psikolojik destek vermeye ba\u015flad\u0131klar\u0131n\u0131 belirten Denkta\u015f, parti \u00fcyesi g\u00f6n\u00fcll\u00fc hukuk\u00e7ular\u0131n ve psikologlar\u0131n ihtiya\u00e7 duyan ma\u011fdurlara destek verdi\u011fini kaydetti. Denkta\u015f, vatanda\u015flar\u0131n destek hatt\u0131na \u201c0548 895 08 26\u201d \u00fczerinden ula\u015fabilece\u011fini duyurdu.<\/p>\n<p>Denkta\u015f, benzer ac\u0131lar\u0131n tekrar ya\u015fanmamas\u0131 i\u00e7in deniz yolu ula\u015f\u0131m\u0131nda gerekli t\u00fcm g\u00fcvenlik standartlar\u0131n\u0131n derhal sa\u011flanmas\u0131 \u00e7a\u011fr\u0131s\u0131nda da bulundu.<\/p><\/p>\n","protected":false},"excerpt":{"rendered":"<p>TAM PART\u0130 Genel Ba\u015fkan\u0131 Serdar Denkta\u015f, Girne a\u00e7\u0131klar\u0131nda meydana gelen feribot facias\u0131yla ilgili b\u00fct\u00fcn sorumlular\u0131n hesap vermesi gerekti\u011fini belirtti. Faciaya giden s\u00fcre\u00e7te ciddi bir denetimsizlik ve idaresizlik ya\u015fand\u0131\u011f\u0131n\u0131 ifade eden Denkta\u015f, hasarl\u0131 bir gemiye seyir izni verilmesini ele\u015ftirdi. TAM Parti&#8217;den verilen bilgiye g\u00f6re, Denkta\u015f, Gen\u00e7 TV\u2019de Mustafa Alkan\u2019\u0131n Er Meydan\u0131 program\u0131na canl\u0131 yay\u0131n konu\u011fu oldu. &hellip;<\/p>\n","protected":false},"author":1,"featured_media":150793,"comment_status":"open","ping_status":"open","sticky":false,"template":"","format":"standard","meta":{"footnotes":""},"categories":[2],"tags":[5275,1135,836,4928,27988],"class_list":["post-150792","post","type-post","status-publish","format-standard","has-post-thumbnail","hentry","category-kibris","tag-butun","tag-denktas","tag-hesap","tag-sorumlular","tag-vermelidir"],"_links":{"self":[{"href":"https:\/\/www.kibrishost.com\/tak\/wp-json\/wp\/v2\/posts\/150792"}],"collection":[{"href":"https:\/\/www.kibrishost.com\/tak\/wp-json\/wp\/v2\/posts"}],"about":[{"href":"https:\/\/www.kibrishost.com\/tak\/wp-json\/wp\/v2\/types\/post"}],"author":[{"embeddable":true,"href":"https:\/\/www.kibrishost.com\/tak\/wp-json\/wp\/v2\/users\/1"}],"replies":[{"embeddable":true,"href":"https:\/\/www.kibrishost.com\/tak\/wp-json\/wp\/v2\/comments?post=150792"}],"version-history":[{"count":0,"href":"https:\/\/www.kibrishost.com\/tak\/wp-json\/wp\/v2\/posts\/150792\/revisions"}],"wp:featuredmedia":[{"embeddable":true,"href":"https:\/\/www.kibrishost.com\/tak\/wp-json\/wp\/v2\/media\/150793"}],"wp:attachment":[{"href":"https:\/\/www.kibrishost.com\/tak\/wp-json\/wp\/v2\/media?parent=150792"}],"wp:term":[{"taxonomy":"category","embeddable":true,"href":"https:\/\/www.kibrishost.com\/tak\/wp-json\/wp\/v2\/categories?post=150792"},{"taxonomy":"post_tag","embeddable":true,"href":"https:\/\/www.kibrishost.com\/tak\/wp-json\/wp\/v2\/tags?post=150792"}],"curies":[{"name":"wp","href":"https:\/\/api.w.org\/{rel}","templated":true}]}}