{"id":150790,"date":"2026-09-01T19:20:20","date_gmt":"2026-09-01T16:20:20","guid":{"rendered":"https:\/\/www.kibrishost.com\/tak\/ustel-kayiplarimiza-ulasmak-icin-gece-gunduz-calisiyoruz\/"},"modified":"2026-09-01T19:20:20","modified_gmt":"2026-09-01T16:20:20","slug":"ustel-kayiplarimiza-ulasmak-icin-gece-gunduz-calisiyoruz","status":"publish","type":"post","link":"https:\/\/www.kibrishost.com\/tak\/ustel-kayiplarimiza-ulasmak-icin-gece-gunduz-calisiyoruz\/","title":{"rendered":"\u00dcstel: \u201cKay\u0131plar\u0131m\u0131za ula\u015fmak i\u00e7in gece g\u00fcnd\u00fcz \u00e7al\u0131\u015f\u0131yoruz\u201d"},"content":{"rendered":"<p>Ba\u015fbakan \u00dcnal \u00dcstel, Girne a\u00e7\u0131klar\u0131nda meydana gelen gemi facias\u0131n\u0131n ard\u0131ndan kay\u0131plara ula\u015fmak i\u00e7in gece g\u00fcnd\u00fcz \u00e7al\u0131\u015ft\u0131klar\u0131n\u0131 ve arama \u00e7al\u0131\u015fmalar\u0131n\u0131n T\u00fcrkiye Cumhuriyeti\u2019nin g\u00fc\u00e7l\u00fc deste\u011fiyle aral\u0131ks\u0131z devam etti\u011fini belirtti.<\/p>\n<p>\u00dcstel, yapt\u0131\u011f\u0131 yaz\u0131l\u0131 a\u00e7\u0131klamada, y\u00fcr\u00fct\u00fclen \u00e7al\u0131\u015fmalar sonucunda yakla\u015f\u0131k 550 metre derinlikte bir cismin yerinin tespit edildi\u011fini, cismin gemi enkaz\u0131 olup olmad\u0131\u011f\u0131n\u0131n kesinle\u015ftirilmesine y\u00f6nelik \u00e7al\u0131\u015fmalar\u0131n gece boyunca s\u00fcrece\u011fini kaydetti.<\/p>\n<\/p>\n<p>&#8211;<\/p>\n<p>\u00a0&#8220;TCG Alemdar\u2019\u0131n b\u00f6lgeye ula\u015fmas\u0131yla \u00e7al\u0131\u015fmalar g\u00fc\u00e7lenecek&#8221; <\/p>\n<p>Yar\u0131n TCG Alemdar\u2019\u0131n da b\u00f6lgeye ula\u015fmas\u0131yla \u00e7al\u0131\u015fmalar\u0131n daha da g\u00fc\u00e7lenece\u011fini ifade eden \u00dcstel, deniz \u00fczerindeki arama faaliyetlerinin de 7\/24 esas\u0131na g\u00f6re aral\u0131ks\u0131z s\u00fcrd\u00fc\u011f\u00fcn\u00fc belirtti.<\/p>\n<p>\u201cDevletimizin t\u00fcm imkanlar\u0131, kay\u0131plar\u0131m\u0131za ula\u015fmak i\u00e7in seferber edilmeye devam edecektir.\u201d diyen \u00dcstel, s\u00fcre\u00e7te en a\u011f\u0131r y\u00fck\u00fc, yak\u0131nlar\u0131n\u0131 kaybeden ve kay\u0131plar\u0131ndan gelecek tek bir haber i\u00e7in umutla bekleyen ailelerin ta\u015f\u0131d\u0131\u011f\u0131n\u0131 kaydetti.\u00a0<\/p>\n<p>\u00dcstel, \u201cOnlar\u0131n feryad\u0131 bizim de y\u00fcre\u011fimizi da\u011fl\u0131yor. Ya\u015fad\u0131klar\u0131 ac\u0131n\u0131n fark\u0131nday\u0131z. Devletimiz, ailelerimizin yan\u0131nda olmaya, yaralar\u0131n\u0131 sarmaya ve kay\u0131plar\u0131m\u0131za ula\u015fmak i\u00e7in eldeki t\u00fcm imkanlar\u0131 kullanmaya devam edecektir.\u201d ifadelerini kulland\u0131.<\/p>\n<p>Pandemide oldu\u011fu gibi deprem felaketinde de toplumun omuz omuza verdi\u011fini hat\u0131rlatan \u00dcstel, \u201cBug\u00fcn de birlik ve dayan\u0131\u015fmam\u0131z\u0131 koruyarak bu ac\u0131 dolu g\u00fcnleri hep birlikte a\u015faca\u011f\u0131z.\u201d dedi.<\/p>\n<p>Facian\u0131n b\u00fct\u00fcn y\u00f6nleriyle sonuna kadar ara\u015ft\u0131r\u0131laca\u011f\u0131n\u0131 vurgulayan \u00dcstel, \u201cHi\u00e7 kimsenin ku\u015fkusu olmas\u0131n. \u0130hmal, kusur veya sorumlulu\u011fu bulunan kim olursa olsun hukuk \u00f6n\u00fcnde hesap verecektir.\u201d ifadelerine yer verdi.<\/p><\/p>\n","protected":false},"excerpt":{"rendered":"<p>Ba\u015fbakan \u00dcnal \u00dcstel, Girne a\u00e7\u0131klar\u0131nda meydana gelen gemi facias\u0131n\u0131n ard\u0131ndan kay\u0131plara ula\u015fmak i\u00e7in gece g\u00fcnd\u00fcz \u00e7al\u0131\u015ft\u0131klar\u0131n\u0131 ve arama \u00e7al\u0131\u015fmalar\u0131n\u0131n T\u00fcrkiye Cumhuriyeti\u2019nin g\u00fc\u00e7l\u00fc deste\u011fiyle aral\u0131ks\u0131z devam etti\u011fini belirtti. \u00dcstel, yapt\u0131\u011f\u0131 yaz\u0131l\u0131 a\u00e7\u0131klamada, y\u00fcr\u00fct\u00fclen \u00e7al\u0131\u015fmalar sonucunda yakla\u015f\u0131k 550 metre derinlikte bir cismin yerinin tespit edildi\u011fini, cismin gemi enkaz\u0131 olup olmad\u0131\u011f\u0131n\u0131n kesinle\u015ftirilmesine y\u00f6nelik \u00e7al\u0131\u015fmalar\u0131n gece boyunca s\u00fcrece\u011fini kaydetti. &hellip;<\/p>\n","protected":false},"author":1,"featured_media":150791,"comment_status":"open","ping_status":"open","sticky":false,"template":"","format":"standard","meta":{"footnotes":""},"categories":[2],"tags":[48711,2745,89,20796,116,14297,1016],"class_list":["post-150790","post","type-post","status-publish","format-standard","has-post-thumbnail","hentry","category-kibris","tag-kayiplarimiza","tag-calisiyoruz","tag-gece","tag-gunduz","tag-icin","tag-ulasmak","tag-ustel"],"_links":{"self":[{"href":"https:\/\/www.kibrishost.com\/tak\/wp-json\/wp\/v2\/posts\/150790"}],"collection":[{"href":"https:\/\/www.kibrishost.com\/tak\/wp-json\/wp\/v2\/posts"}],"about":[{"href":"https:\/\/www.kibrishost.com\/tak\/wp-json\/wp\/v2\/types\/post"}],"author":[{"embeddable":true,"href":"https:\/\/www.kibrishost.com\/tak\/wp-json\/wp\/v2\/users\/1"}],"replies":[{"embeddable":true,"href":"https:\/\/www.kibrishost.com\/tak\/wp-json\/wp\/v2\/comments?post=150790"}],"version-history":[{"count":0,"href":"https:\/\/www.kibrishost.com\/tak\/wp-json\/wp\/v2\/posts\/150790\/revisions"}],"wp:featuredmedia":[{"embeddable":true,"href":"https:\/\/www.kibrishost.com\/tak\/wp-json\/wp\/v2\/media\/150791"}],"wp:attachment":[{"href":"https:\/\/www.kibrishost.com\/tak\/wp-json\/wp\/v2\/media?parent=150790"}],"wp:term":[{"taxonomy":"category","embeddable":true,"href":"https:\/\/www.kibrishost.com\/tak\/wp-json\/wp\/v2\/categories?post=150790"},{"taxonomy":"post_tag","embeddable":true,"href":"https:\/\/www.kibrishost.com\/tak\/wp-json\/wp\/v2\/tags?post=150790"}],"curies":[{"name":"wp","href":"https:\/\/api.w.org\/{rel}","templated":true}]}}