{"id":150786,"date":"2026-09-01T18:20:27","date_gmt":"2026-09-01T15:20:27","guid":{"rendered":"https:\/\/www.kibrishost.com\/tak\/erhurman-bu-isin-ucu-nereye-varirsa-varsin-her-turlu-sorumlulugun-karsiligi-olacak\/"},"modified":"2026-09-01T18:20:27","modified_gmt":"2026-09-01T15:20:27","slug":"erhurman-bu-isin-ucu-nereye-varirsa-varsin-her-turlu-sorumlulugun-karsiligi-olacak","status":"publish","type":"post","link":"https:\/\/www.kibrishost.com\/tak\/erhurman-bu-isin-ucu-nereye-varirsa-varsin-her-turlu-sorumlulugun-karsiligi-olacak\/","title":{"rendered":"Erh\u00fcrman: \u201cBu i\u015fin ucu nereye var\u0131rsa vars\u0131n, her t\u00fcrl\u00fc sorumlulu\u011fun kar\u015f\u0131l\u0131\u011f\u0131 olacak\u201d"},"content":{"rendered":"<p>Cumhurba\u015fkan\u0131 Tufan Erh\u00fcrman, yak\u0131nlar\u0131ndan haber bekleyen ailelerin s\u00f6zle anlat\u0131lamayacak kadar ac\u0131l\u0131 ve \u00e7ok hakl\u0131 olarak \u00f6fkeli oldu\u011funu belirterek, \u201cBu i\u015fin ucu nereye var\u0131rsa vars\u0131n, her t\u00fcrl\u00fc sorumlulu\u011fun kar\u015f\u0131l\u0131\u011f\u0131 olacak.\u201d dedi.<\/p>\n<p>Erh\u00fcrman, yapt\u0131\u011f\u0131 a\u00e7\u0131klamada, \u201cBize d\u00fc\u015fen, her ne olursa olsun onlar\u0131n yan\u0131nda olmak, her ne derlerse desinler onlar\u0131 dinlemek ve verebilece\u011fimiz t\u00fcm bilgileri vermek.\u201d ifadelerini kulland\u0131.<\/p>\n<p>Erh\u00fcrman, deniz \u00fcst\u00fcnde ve alt\u0131nda en \u00fcst d\u00fczeyde teknik olanaklarla \u00e7al\u0131\u015fmalar\u0131n gece-g\u00fcnd\u00fcz aral\u0131ks\u0131z devam etti\u011fini belirtti.<\/p>\n<p>(MK\/TU\u011e)\u00a0\u00a0<\/p><\/p>\n","protected":false},"excerpt":{"rendered":"<p>Cumhurba\u015fkan\u0131 Tufan Erh\u00fcrman, yak\u0131nlar\u0131ndan haber bekleyen ailelerin s\u00f6zle anlat\u0131lamayacak kadar ac\u0131l\u0131 ve \u00e7ok hakl\u0131 olarak \u00f6fkeli oldu\u011funu belirterek, \u201cBu i\u015fin ucu nereye var\u0131rsa vars\u0131n, her t\u00fcrl\u00fc sorumlulu\u011fun kar\u015f\u0131l\u0131\u011f\u0131 olacak.\u201d dedi. Erh\u00fcrman, yapt\u0131\u011f\u0131 a\u00e7\u0131klamada, \u201cBize d\u00fc\u015fen, her ne olursa olsun onlar\u0131n yan\u0131nda olmak, her ne derlerse desinler onlar\u0131 dinlemek ve verebilece\u011fimiz t\u00fcm bilgileri vermek.\u201d ifadelerini kulland\u0131. &hellip;<\/p>\n","protected":false},"author":1,"featured_media":150787,"comment_status":"open","ping_status":"open","sticky":false,"template":"","format":"standard","meta":{"footnotes":""},"categories":[2],"tags":[452,13697,494,82,10725,22094,828,48710,5176,9584,48708,48709],"class_list":["post-150786","post","type-post","status-publish","format-standard","has-post-thumbnail","hentry","category-kibris","tag-bu","tag-isin","tag-erhurman","tag-her","tag-karsiligi","tag-nereye","tag-olacak","tag-sorumlulugun","tag-turlu","tag-ucu","tag-varirsa","tag-varsin"],"_links":{"self":[{"href":"https:\/\/www.kibrishost.com\/tak\/wp-json\/wp\/v2\/posts\/150786"}],"collection":[{"href":"https:\/\/www.kibrishost.com\/tak\/wp-json\/wp\/v2\/posts"}],"about":[{"href":"https:\/\/www.kibrishost.com\/tak\/wp-json\/wp\/v2\/types\/post"}],"author":[{"embeddable":true,"href":"https:\/\/www.kibrishost.com\/tak\/wp-json\/wp\/v2\/users\/1"}],"replies":[{"embeddable":true,"href":"https:\/\/www.kibrishost.com\/tak\/wp-json\/wp\/v2\/comments?post=150786"}],"version-history":[{"count":0,"href":"https:\/\/www.kibrishost.com\/tak\/wp-json\/wp\/v2\/posts\/150786\/revisions"}],"wp:featuredmedia":[{"embeddable":true,"href":"https:\/\/www.kibrishost.com\/tak\/wp-json\/wp\/v2\/media\/150787"}],"wp:attachment":[{"href":"https:\/\/www.kibrishost.com\/tak\/wp-json\/wp\/v2\/media?parent=150786"}],"wp:term":[{"taxonomy":"category","embeddable":true,"href":"https:\/\/www.kibrishost.com\/tak\/wp-json\/wp\/v2\/categories?post=150786"},{"taxonomy":"post_tag","embeddable":true,"href":"https:\/\/www.kibrishost.com\/tak\/wp-json\/wp\/v2\/tags?post=150786"}],"curies":[{"name":"wp","href":"https:\/\/api.w.org\/{rel}","templated":true}]}}