{"id":150779,"date":"2026-09-01T18:10:38","date_gmt":"2026-09-01T15:10:38","guid":{"rendered":"https:\/\/www.kibrishost.com\/tak\/kktcdeki-gemi-kazasinda-hayatini-kaybeden-reyhan-verimin-cenazesi-mersinde-defnedildi\/"},"modified":"2026-09-01T18:11:24","modified_gmt":"2026-09-01T15:11:24","slug":"kktcdeki-gemi-kazasinda-hayatini-kaybeden-reyhan-verimin-cenazesi-mersinde-defnedildi","status":"publish","type":"post","link":"https:\/\/www.kibrishost.com\/tak\/kktcdeki-gemi-kazasinda-hayatini-kaybeden-reyhan-verimin-cenazesi-mersinde-defnedildi\/","title":{"rendered":"KKTC&#8217;deki gemi kazas\u0131nda hayat\u0131n\u0131 kaybeden Reyhan Verim&#8217;in cenazesi Mersin&#8217;de defnedildi"},"content":{"rendered":"<p>Girne a\u00e7\u0131klar\u0131nda yolcu gemisinin alabora olmas\u0131 sonucu ya\u015fam\u0131n\u0131 yitiren Reyhan Verim&#8217;in cenazesi, Mersin&#8217;de topra\u011fa verildi.<\/p>\n<p>KKTC&#8217;nin Girne Liman\u0131&#8217;ndan Mersin&#8217;in Silifke il\u00e7esindeki Ta\u015fucu Liman\u0131&#8217;na gitmek i\u00e7in demir alan geminin 30 A\u011fustos&#8217;ta alabora oldu\u011fu kazada hayat\u0131n\u0131 kaybeden 55 ya\u015f\u0131ndaki Verim&#8217;in naa\u015f\u0131, merkez Toroslar il\u00e7esindeki \u015eehir Mezarl\u0131\u011f\u0131&#8217;na g\u00f6t\u00fcr\u00fcld\u00fc.<\/p>\n<p>Burada k\u0131l\u0131nan cenaze namaz\u0131na Verim&#8217;in ailesi ve yak\u0131nlar\u0131 ile Mersin Valisi Atilla Toros, CHP Mersin Milletvekili G\u00fclcan K\u0131\u015f, KKTC Mersin Ba\u015fkonsolosu \u00dclk\u00fc Alemdar, Yeni\u015fehir Kaymakam\u0131 Nevzat \u015eeng\u00f6k, Toroslar Kaymakam\u0131 H\u00fcseyin Karame\u015fe, \u0130l Emniyet M\u00fcd\u00fcr\u00fc Fahri Akta\u015f, Yeni\u015fehir Belediye Ba\u015fkan\u0131 Abdullah \u00d6zyi\u011fit, AK Parti Mersin \u0130l Ba\u015fkan\u0131 Adem Aldemir ve vatanda\u015flar kat\u0131ld\u0131.<\/p>\n<p>Namazda, Verim&#8217;in kazadan yaral\u0131 kurtar\u0131lan ablas\u0131 Seyran Kahveci ile kuzenleri Oya Oru\u00e7 ve Ayda Arkal\u0131 da yer ald\u0131.<\/p>\n<p>K\u0131l\u0131nan namaz\u0131n ard\u0131ndan 1 \u00e7ocuk annesi Verim&#8217;in cenazesi dualar e\u015fli\u011finde topra\u011fa verildi.<\/p>\n<p>&#8211; &#8220;Gemideyken sesler gelmeye ba\u015flad\u0131&#8221;<\/p>\n<p>Verim&#8217;in ablas\u0131 Seyran Kahveci, gazetecilere yapt\u0131\u011f\u0131 a\u00e7\u0131klamada, tatil i\u00e7in gittikleri KKTC&#8217;den Mersin&#8217;e d\u00f6nerken kazaya kar\u0131\u015ft\u0131klar\u0131n\u0131 s\u00f6yledi.<\/p>\n<p>G\u00f6zya\u015flar\u0131na hakim olamayan Kahveci, ya\u015fad\u0131klar\u0131n\u0131 \u015f\u00f6yle anlatt\u0131:<\/p>\n<p>&#8220;Gemideyken sesler gelmeye ba\u015flad\u0131. Bakt\u0131m yan\u0131ma biri geldi ve &#8216;Ben ikinci kaptan\u0131m teyze.&#8217; dedi. &#8216;K\u0131z\u0131m bu havada \u00e7\u0131k\u0131l\u0131r m\u0131?&#8217; dedim. &#8216;Panik yapma teyze, ben asl\u0131nda buraya gelmem ama sizler panik yapmayas\u0131n\u0131z diye geldim.&#8217; dedi. &#8216;Yollar \u00e7ok k\u00f6t\u00fc k\u0131z\u0131m, geri d\u00f6nelim.&#8217; dedim. &#8216;Bir \u015fey olmaz teyze.&#8217; dedi. Bakt\u0131m a\u015fa\u011f\u0131dan su geliyor. Damacanadaki bardaklar devrilmeye ba\u015flad\u0131.&#8221;<\/p>\n<p>Kahveci, m\u00fcrettebat\u0131n yanlar\u0131ndan ayr\u0131ld\u0131\u011f\u0131n\u0131 belirterek, &#8220;Sonra hepsi atlad\u0131. Biz kapal\u0131 kald\u0131k kap\u0131lar ard\u0131nda. Sonra bas\u0131n\u00e7tan camlar patlad\u0131. Hepimiz d\u0131\u015far\u0131da gittik kendi \u00e7abalar\u0131m\u0131zla. Simit bulamad\u0131k, suda y\u00fczd\u00fck. Y\u00fczme bilmiyordum. \u00c7ocuklar, yalvaran anneler&#8230; Bir g\u00f6revli, m\u00fcrettebat yok. Herkes kendi \u00e7abas\u0131yla atlad\u0131. M\u00fcrettebat hi\u00e7 bizimle ilgilenmedi. Bac\u0131m\u0131 kaybettim.&#8221; diye konu\u015ftu.<\/p>\n<p>K\u0131z karde\u015fini kurtaramad\u0131klar\u0131n\u0131 dile getiren Kahveci, olay\u0131n ard\u0131ndan kendileriyle ilgilenen kurumlara ve yetkililere te\u015fekk\u00fcr etti.<\/p>\n<p>&#8211; Girne a\u00e7\u0131klar\u0131nda alabora olan gemi<\/p>\n<p>KKTC&#8217;deki Girne Liman\u0131 ile Mersin&#8217;deki Ta\u015fucu Liman\u0131 aras\u0131nda sefer yapan hatta bulunan &#8220;Filo Jet&#8221; isimli y\u00fcksek h\u0131zl\u0131 yolcu gemisi, pazar g\u00fcn\u00fc \u00f6\u011fle saatlerinde Girne&#8217;den hareket ettikten k\u0131sa s\u00fcre sonra \u00f6n k\u0131sm\u0131ndan su almaya ba\u015flam\u0131\u015ft\u0131. Girne Liman\u0131&#8217;na d\u00f6nmeye \u00e7al\u0131\u015ft\u0131\u011f\u0131 s\u0131rada alabora olan gemiden 241 ki\u015fi sa\u011f kurtar\u0131lm\u0131\u015f, 8 ki\u015finin cenazesine ula\u015f\u0131lm\u0131\u015f, kay\u0131p 20 ki\u015fi i\u00e7in arama \u00e7al\u0131\u015fmas\u0131 ba\u015flat\u0131lm\u0131\u015ft\u0131.<\/p>\n<p>Batan geminin enkaz\u0131n\u0131n denizin 514 metre derinli\u011finde bulundu\u011fu bildirilmi\u015fti.<\/p>\n<\/p>\n<p><img decoding=\"async\" width=\"1024\" height=\"683\" src=\"https:\/\/www.kibrishost.com\/tak\/wp-content\/uploads\/2026\/09\/kktcdeki-gemi-kazasinda-hayatini-kaybeden-reyhan-verimin-cenazesi-mersinde-defnedildi-1-1024x683.jpeg\" class=\"aligncenter wp-image-150781\" alt=\"KKTC&#039;deki gemi kazas\u0131nda hayat\u0131n\u0131 kaybeden Reyhan Verim&#039;in cenazesi Mersin&#039;de defnedildi\" loading=\"lazy\" srcset=\"https:\/\/www.kibrishost.com\/tak\/wp-content\/uploads\/2026\/09\/kktcdeki-gemi-kazasinda-hayatini-kaybeden-reyhan-verimin-cenazesi-mersinde-defnedildi-1-1024x683.jpeg 1024w, https:\/\/www.kibrishost.com\/tak\/wp-content\/uploads\/2026\/09\/kktcdeki-gemi-kazasinda-hayatini-kaybeden-reyhan-verimin-cenazesi-mersinde-defnedildi-1-300x200.jpeg 300w, https:\/\/www.kibrishost.com\/tak\/wp-content\/uploads\/2026\/09\/kktcdeki-gemi-kazasinda-hayatini-kaybeden-reyhan-verimin-cenazesi-mersinde-defnedildi-1-768x512.jpeg 768w, https:\/\/www.kibrishost.com\/tak\/wp-content\/uploads\/2026\/09\/kktcdeki-gemi-kazasinda-hayatini-kaybeden-reyhan-verimin-cenazesi-mersinde-defnedildi-1-1536x1024.jpeg 1536w, https:\/\/www.kibrishost.com\/tak\/wp-content\/uploads\/2026\/09\/kktcdeki-gemi-kazasinda-hayatini-kaybeden-reyhan-verimin-cenazesi-mersinde-defnedildi-1-2048x1365.jpeg 2048w\" sizes=\"(max-width: 1024px) 100vw, 1024px\" \/><\/p>\n<p><img decoding=\"async\" width=\"1024\" height=\"683\" src=\"https:\/\/www.kibrishost.com\/tak\/wp-content\/uploads\/2026\/09\/kktcdeki-gemi-kazasinda-hayatini-kaybeden-reyhan-verimin-cenazesi-mersinde-defnedildi-2-1024x683.jpeg\" class=\"aligncenter wp-image-150782\" alt=\"KKTC&#039;deki gemi kazas\u0131nda hayat\u0131n\u0131 kaybeden Reyhan Verim&#039;in cenazesi Mersin&#039;de defnedildi\" loading=\"lazy\" srcset=\"https:\/\/www.kibrishost.com\/tak\/wp-content\/uploads\/2026\/09\/kktcdeki-gemi-kazasinda-hayatini-kaybeden-reyhan-verimin-cenazesi-mersinde-defnedildi-2-1024x683.jpeg 1024w, https:\/\/www.kibrishost.com\/tak\/wp-content\/uploads\/2026\/09\/kktcdeki-gemi-kazasinda-hayatini-kaybeden-reyhan-verimin-cenazesi-mersinde-defnedildi-2-300x200.jpeg 300w, https:\/\/www.kibrishost.com\/tak\/wp-content\/uploads\/2026\/09\/kktcdeki-gemi-kazasinda-hayatini-kaybeden-reyhan-verimin-cenazesi-mersinde-defnedildi-2-768x512.jpeg 768w, https:\/\/www.kibrishost.com\/tak\/wp-content\/uploads\/2026\/09\/kktcdeki-gemi-kazasinda-hayatini-kaybeden-reyhan-verimin-cenazesi-mersinde-defnedildi-2-1536x1024.jpeg 1536w, https:\/\/www.kibrishost.com\/tak\/wp-content\/uploads\/2026\/09\/kktcdeki-gemi-kazasinda-hayatini-kaybeden-reyhan-verimin-cenazesi-mersinde-defnedildi-2-2048x1365.jpeg 2048w\" sizes=\"(max-width: 1024px) 100vw, 1024px\" \/><\/p>\n","protected":false},"excerpt":{"rendered":"<p>Girne a\u00e7\u0131klar\u0131nda yolcu gemisinin alabora olmas\u0131 sonucu ya\u015fam\u0131n\u0131 yitiren Reyhan Verim&#8217;in cenazesi, Mersin&#8217;de topra\u011fa verildi. KKTC&#8217;nin Girne Liman\u0131&#8217;ndan Mersin&#8217;in Silifke il\u00e7esindeki Ta\u015fucu Liman\u0131&#8217;na gitmek i\u00e7in demir alan geminin 30 A\u011fustos&#8217;ta alabora oldu\u011fu kazada hayat\u0131n\u0131 kaybeden 55 ya\u015f\u0131ndaki Verim&#8217;in naa\u015f\u0131, merkez Toroslar il\u00e7esindeki \u015eehir Mezarl\u0131\u011f\u0131&#8217;na g\u00f6t\u00fcr\u00fcld\u00fc. Burada k\u0131l\u0131nan cenaze namaz\u0131na Verim&#8217;in ailesi ve yak\u0131nlar\u0131 ile Mersin &hellip;<\/p>\n","protected":false},"author":1,"featured_media":150780,"comment_status":"open","ping_status":"open","sticky":false,"template":"","format":"standard","meta":{"footnotes":""},"categories":[2],"tags":[6411,17926,16445,676,3634,1972,2280,1428,48706,48707],"class_list":["post-150779","post","type-post","status-publish","format-standard","has-post-thumbnail","hentry","category-kibris","tag-cenazesi","tag-defnedildi","tag-gemi","tag-hayatini","tag-kaybeden","tag-kazasinda","tag-kktcdeki","tag-mersinde","tag-reyhan","tag-verimin"],"_links":{"self":[{"href":"https:\/\/www.kibrishost.com\/tak\/wp-json\/wp\/v2\/posts\/150779"}],"collection":[{"href":"https:\/\/www.kibrishost.com\/tak\/wp-json\/wp\/v2\/posts"}],"about":[{"href":"https:\/\/www.kibrishost.com\/tak\/wp-json\/wp\/v2\/types\/post"}],"author":[{"embeddable":true,"href":"https:\/\/www.kibrishost.com\/tak\/wp-json\/wp\/v2\/users\/1"}],"replies":[{"embeddable":true,"href":"https:\/\/www.kibrishost.com\/tak\/wp-json\/wp\/v2\/comments?post=150779"}],"version-history":[{"count":1,"href":"https:\/\/www.kibrishost.com\/tak\/wp-json\/wp\/v2\/posts\/150779\/revisions"}],"predecessor-version":[{"id":150783,"href":"https:\/\/www.kibrishost.com\/tak\/wp-json\/wp\/v2\/posts\/150779\/revisions\/150783"}],"wp:featuredmedia":[{"embeddable":true,"href":"https:\/\/www.kibrishost.com\/tak\/wp-json\/wp\/v2\/media\/150780"}],"wp:attachment":[{"href":"https:\/\/www.kibrishost.com\/tak\/wp-json\/wp\/v2\/media?parent=150779"}],"wp:term":[{"taxonomy":"category","embeddable":true,"href":"https:\/\/www.kibrishost.com\/tak\/wp-json\/wp\/v2\/categories?post=150779"},{"taxonomy":"post_tag","embeddable":true,"href":"https:\/\/www.kibrishost.com\/tak\/wp-json\/wp\/v2\/tags?post=150779"}],"curies":[{"name":"wp","href":"https:\/\/api.w.org\/{rel}","templated":true}]}}