{"id":150775,"date":"2026-09-01T17:20:19","date_gmt":"2026-09-01T14:20:19","guid":{"rendered":"https:\/\/www.kibrishost.com\/tak\/ktmmobden-1-eylul-dunya-baris-gunu-mesaji\/"},"modified":"2026-09-01T17:20:19","modified_gmt":"2026-09-01T14:20:19","slug":"ktmmobden-1-eylul-dunya-baris-gunu-mesaji","status":"publish","type":"post","link":"https:\/\/www.kibrishost.com\/tak\/ktmmobden-1-eylul-dunya-baris-gunu-mesaji\/","title":{"rendered":"KTMMOB\u2019den 1 Eyl\u00fcl D\u00fcnya Bar\u0131\u015f G\u00fcn\u00fc mesaj\u0131"},"content":{"rendered":"<p>K\u0131br\u0131s T\u00fcrk M\u00fchendis ve Mimar Odalar\u0131 Birli\u011fi (KTMMOB) Genel Ba\u015fkan\u0131 G\u00f6rkem \u00c7elik, K\u0131br\u0131s\u2019\u0131n gelece\u011finin ayr\u0131\u015fma ve \u00e7at\u0131\u015fma yerine diyalog, i\u015f birli\u011fi ve kar\u015f\u0131l\u0131kl\u0131 g\u00fcven temelinde \u015fekillenmesi gerekti\u011fini s\u00f6yledi.<\/p>\n<p>\u00c7elik, 1 Eyl\u00fcl D\u00fcnya Bar\u0131\u015f G\u00fcn\u00fc dolay\u0131s\u0131yla Y\u00f6netim Kurulu ad\u0131na mesaj yay\u0131mlayarak, \u201cBar\u0131\u015f; yaln\u0131zca \u00e7at\u0131\u015fmalar\u0131n sona ermesi de\u011fil, toplumlar\u0131n adalet, e\u015fitlik, demokrasi ve insan haklar\u0131 temelinde ortak bir gelecek kurabilmesidir.\u201d dedi.\u00a0<\/p>\n<p>Bilim ve akl\u0131n rehberli\u011finde s\u00fcrd\u00fcr\u00fclebilir kalk\u0131nma, toplumsal ilerleme ve kal\u0131c\u0131 bar\u0131\u015f\u0131n birbirinden ayr\u0131 d\u00fc\u015f\u00fcn\u00fclemeyece\u011fini kaydeden \u00c7elik, adadaki iki toplumun ortak sorunlara ortak \u00e7\u00f6z\u00fcmler \u00fcretebildi\u011fi ve gen\u00e7lerin gelece\u011fe umutla bakt\u0131\u011f\u0131 bir K\u0131br\u0131s\u2019\u0131n ancak kal\u0131c\u0131 bar\u0131\u015fla m\u00fcmk\u00fcn olabilece\u011fi g\u00f6r\u00fc\u015f\u00fcn\u00fc dile getirdi.<\/p>\n<p>KTMMOB\u2019nin bar\u0131\u015f k\u00fclt\u00fcr\u00fcn\u00fcn g\u00fc\u00e7lendirilmesi, toplumlar aras\u0131 i\u015f birli\u011finin geli\u015ftirilmesi ve ortak bir gelece\u011fin olu\u015fturulmas\u0131na katk\u0131 koymay\u0131 s\u00fcrd\u00fcrece\u011fini ifade eden \u00c7elik, \u201c1 Eyl\u00fcl D\u00fcnya Bar\u0131\u015f G\u00fcn\u00fc\u2019nde, K\u0131br\u0131s\u2019ta kal\u0131c\u0131 bar\u0131\u015f\u0131n ve ortak gelece\u011fin m\u00fcmk\u00fcn oldu\u011funa olan inanc\u0131m\u0131z\u0131 bir kez daha yineliyoruz.\u201d dedi.<\/p><\/p>\n","protected":false},"excerpt":{"rendered":"<p>K\u0131br\u0131s T\u00fcrk M\u00fchendis ve Mimar Odalar\u0131 Birli\u011fi (KTMMOB) Genel Ba\u015fkan\u0131 G\u00f6rkem \u00c7elik, K\u0131br\u0131s\u2019\u0131n gelece\u011finin ayr\u0131\u015fma ve \u00e7at\u0131\u015fma yerine diyalog, i\u015f birli\u011fi ve kar\u015f\u0131l\u0131kl\u0131 g\u00fcven temelinde \u015fekillenmesi gerekti\u011fini s\u00f6yledi. \u00c7elik, 1 Eyl\u00fcl D\u00fcnya Bar\u0131\u015f G\u00fcn\u00fc dolay\u0131s\u0131yla Y\u00f6netim Kurulu ad\u0131na mesaj yay\u0131mlayarak, \u201cBar\u0131\u015f; yaln\u0131zca \u00e7at\u0131\u015fmalar\u0131n sona ermesi de\u011fil, toplumlar\u0131n adalet, e\u015fitlik, demokrasi ve insan haklar\u0131 temelinde ortak &hellip;<\/p>\n","protected":false},"author":1,"featured_media":150776,"comment_status":"open","ping_status":"open","sticky":false,"template":"","format":"standard","meta":{"footnotes":""},"categories":[2],"tags":[416,226,3166,607,40292,2548],"class_list":["post-150775","post","type-post","status-publish","format-standard","has-post-thumbnail","hentry","category-kibris","tag-baris","tag-dunya","tag-eylul","tag-gunu","tag-ktmmobden","tag-mesaji"],"_links":{"self":[{"href":"https:\/\/www.kibrishost.com\/tak\/wp-json\/wp\/v2\/posts\/150775"}],"collection":[{"href":"https:\/\/www.kibrishost.com\/tak\/wp-json\/wp\/v2\/posts"}],"about":[{"href":"https:\/\/www.kibrishost.com\/tak\/wp-json\/wp\/v2\/types\/post"}],"author":[{"embeddable":true,"href":"https:\/\/www.kibrishost.com\/tak\/wp-json\/wp\/v2\/users\/1"}],"replies":[{"embeddable":true,"href":"https:\/\/www.kibrishost.com\/tak\/wp-json\/wp\/v2\/comments?post=150775"}],"version-history":[{"count":0,"href":"https:\/\/www.kibrishost.com\/tak\/wp-json\/wp\/v2\/posts\/150775\/revisions"}],"wp:featuredmedia":[{"embeddable":true,"href":"https:\/\/www.kibrishost.com\/tak\/wp-json\/wp\/v2\/media\/150776"}],"wp:attachment":[{"href":"https:\/\/www.kibrishost.com\/tak\/wp-json\/wp\/v2\/media?parent=150775"}],"wp:term":[{"taxonomy":"category","embeddable":true,"href":"https:\/\/www.kibrishost.com\/tak\/wp-json\/wp\/v2\/categories?post=150775"},{"taxonomy":"post_tag","embeddable":true,"href":"https:\/\/www.kibrishost.com\/tak\/wp-json\/wp\/v2\/tags?post=150775"}],"curies":[{"name":"wp","href":"https:\/\/api.w.org\/{rel}","templated":true}]}}