{"id":150767,"date":"2026-09-01T16:50:19","date_gmt":"2026-09-01T13:50:19","guid":{"rendered":"https:\/\/www.kibrishost.com\/tak\/ktto-acimiz-sonsuz-uzuntumuz-buyuktur\/"},"modified":"2026-09-01T16:50:19","modified_gmt":"2026-09-01T13:50:19","slug":"ktto-acimiz-sonsuz-uzuntumuz-buyuktur","status":"publish","type":"post","link":"https:\/\/www.kibrishost.com\/tak\/ktto-acimiz-sonsuz-uzuntumuz-buyuktur\/","title":{"rendered":"KTTO: \u201cAc\u0131m\u0131z sonsuz, \u00fcz\u00fcnt\u00fcm\u00fcz b\u00fcy\u00fckt\u00fcr\u201d"},"content":{"rendered":"<p>K\u0131br\u0131s T\u00fcrk Ticaret Odas\u0131 (KTTO), gemi facias\u0131n\u0131n ard\u0131ndan beklentilerinin, her kademedeki sorumlular hakk\u0131nda gerekli soru\u015fturmalar\u0131n y\u00fcr\u00fct\u00fclmesi, hesap sorulmas\u0131, adil ve ger\u00e7ek bir yarg\u0131lama yap\u0131larak, sorumlulu\u011fu tespit edilenlerin gerekli \u015fekilde cezaland\u0131r\u0131lmas\u0131 oldu\u011funu vurgulad\u0131.<\/p>\n<p>KTTO&#8217;dan yap\u0131lan yaz\u0131l\u0131 a\u00e7\u0131klamada, Girne Liman\u0131\u2019ndan ayr\u0131lan yolcu gemisinin batmas\u0131 sonucu ya\u015fanan b\u00fcy\u00fck deniz facias\u0131n\u0131n herkesi derinden sarst\u0131\u011f\u0131n\u0131, ac\u0131lar\u0131n\u0131n sonsuz, \u00fcz\u00fcnt\u00fclerinin b\u00fcy\u00fck oldu\u011funu belirtildi.\u00a0<\/p>\n<p>\u201cSorumluluk ta\u015f\u0131yan hi\u00e7 kimsenin makam\u0131, g\u00f6revi veya konumu nedeniyle bu s\u00fcrecin d\u0131\u015f\u0131nda kalmamas\u0131 gerekir\u201d denilen a\u00e7\u0131klamada, ya\u015fanan facian\u0131n nedenlerinin t\u00fcm y\u00f6nleriyle ortaya \u00e7\u0131kar\u0131lmas\u0131; benzer ac\u0131lar\u0131n bir daha ya\u015fanmamas\u0131 i\u00e7in deniz ula\u015f\u0131m\u0131, g\u00fcvenlik, denetim ve ilgili kamu hizmetlerindeki eksikliklerin giderilip, gecikmeden tedbirlerin al\u0131nmas\u0131 gerekti\u011fi kaydedildi.\u00a0<\/p>\n<p>A\u00e7\u0131klamada \u015fu ifadelere yer verildi:\u00a0<\/p>\n<p>&#8220;Yap\u0131lacak inceleme ve de\u011ferlendirmelerin g\u00fcvenilir ve tarafs\u0131z olmas\u0131, kamu vicdan\u0131nda herhangi bir soru i\u015fareti b\u0131rak\u0131lmamas\u0131 a\u00e7\u0131s\u0131ndan b\u00fcy\u00fck \u00f6nem ta\u015f\u0131maktad\u0131r. Bu \u00e7er\u00e7evede, gerekti\u011finde T\u00fcrkiye\u2019den ve uluslararas\u0131 alandan uzman ve bilirki\u015fi deste\u011fi al\u0131nmas\u0131n\u0131n yararl\u0131 olaca\u011f\u0131na inan\u0131yoruz.<\/p>\n<p>Bu elim faciada hayat\u0131n\u0131 kaybedenlere Allah\u2019tan rahmet, ailelerine ve yak\u0131nlar\u0131na sab\u0131r ve ba\u015fsa\u011fl\u0131\u011f\u0131 diliyor; kazadan sa\u011f kurtulanlara ge\u00e7mi\u015f olsun dileklerimizi iletiyoruz.<\/p>\n<p>Hepimize ge\u00e7mi\u015f olsun. Halk\u0131m\u0131z\u0131n ba\u015f\u0131 sa\u011f olsun\u201d<\/p><\/p>\n","protected":false},"excerpt":{"rendered":"<p>K\u0131br\u0131s T\u00fcrk Ticaret Odas\u0131 (KTTO), gemi facias\u0131n\u0131n ard\u0131ndan beklentilerinin, her kademedeki sorumlular hakk\u0131nda gerekli soru\u015fturmalar\u0131n y\u00fcr\u00fct\u00fclmesi, hesap sorulmas\u0131, adil ve ger\u00e7ek bir yarg\u0131lama yap\u0131larak, sorumlulu\u011fu tespit edilenlerin gerekli \u015fekilde cezaland\u0131r\u0131lmas\u0131 oldu\u011funu vurgulad\u0131. KTTO&#8217;dan yap\u0131lan yaz\u0131l\u0131 a\u00e7\u0131klamada, Girne Liman\u0131\u2019ndan ayr\u0131lan yolcu gemisinin batmas\u0131 sonucu ya\u015fanan b\u00fcy\u00fck deniz facias\u0131n\u0131n herkesi derinden sarst\u0131\u011f\u0131n\u0131, ac\u0131lar\u0131n\u0131n sonsuz, \u00fcz\u00fcnt\u00fclerinin b\u00fcy\u00fck oldu\u011funu &hellip;<\/p>\n","protected":false},"author":1,"featured_media":150768,"comment_status":"open","ping_status":"open","sticky":false,"template":"","format":"standard","meta":{"footnotes":""},"categories":[2],"tags":[20752,34428,1869,35896,48705],"class_list":["post-150767","post","type-post","status-publish","format-standard","has-post-thumbnail","hentry","category-kibris","tag-acimiz","tag-buyuktur","tag-ktto","tag-sonsuz","tag-uzuntumuz"],"_links":{"self":[{"href":"https:\/\/www.kibrishost.com\/tak\/wp-json\/wp\/v2\/posts\/150767"}],"collection":[{"href":"https:\/\/www.kibrishost.com\/tak\/wp-json\/wp\/v2\/posts"}],"about":[{"href":"https:\/\/www.kibrishost.com\/tak\/wp-json\/wp\/v2\/types\/post"}],"author":[{"embeddable":true,"href":"https:\/\/www.kibrishost.com\/tak\/wp-json\/wp\/v2\/users\/1"}],"replies":[{"embeddable":true,"href":"https:\/\/www.kibrishost.com\/tak\/wp-json\/wp\/v2\/comments?post=150767"}],"version-history":[{"count":0,"href":"https:\/\/www.kibrishost.com\/tak\/wp-json\/wp\/v2\/posts\/150767\/revisions"}],"wp:featuredmedia":[{"embeddable":true,"href":"https:\/\/www.kibrishost.com\/tak\/wp-json\/wp\/v2\/media\/150768"}],"wp:attachment":[{"href":"https:\/\/www.kibrishost.com\/tak\/wp-json\/wp\/v2\/media?parent=150767"}],"wp:term":[{"taxonomy":"category","embeddable":true,"href":"https:\/\/www.kibrishost.com\/tak\/wp-json\/wp\/v2\/categories?post=150767"},{"taxonomy":"post_tag","embeddable":true,"href":"https:\/\/www.kibrishost.com\/tak\/wp-json\/wp\/v2\/tags?post=150767"}],"curies":[{"name":"wp","href":"https:\/\/api.w.org\/{rel}","templated":true}]}}