{"id":150759,"date":"2026-09-01T16:20:21","date_gmt":"2026-09-01T13:20:21","guid":{"rendered":"https:\/\/www.kibrishost.com\/tak\/ustel-tcg-isinda-calismalari-yerinde-inceliyor\/"},"modified":"2026-09-01T16:20:24","modified_gmt":"2026-09-01T13:20:24","slug":"ustel-tcg-isinda-calismalari-yerinde-inceliyor","status":"publish","type":"post","link":"https:\/\/www.kibrishost.com\/tak\/ustel-tcg-isinda-calismalari-yerinde-inceliyor\/","title":{"rendered":"\u00dcstel, TCG I\u015f\u0131n\u2019da \u00e7al\u0131\u015fmalar\u0131 yerinde inceliyor"},"content":{"rendered":"<p>Ba\u015fbakan \u00dcnal \u00dcstel, sabah saatlerinden itibaren Girne Liman\u0131\u2019ndaki kriz merkezinde arama kurtarma \u00e7al\u0131\u015fmalar\u0131n\u0131 yak\u0131ndan takip ederek ilgili birimlerle koordinasyonu s\u00fcrd\u00fcr\u00fcyor.<\/p>\n<p>Ba\u015fbakanl\u0131k\u2019tan yap\u0131lan a\u00e7\u0131klamaya g\u00f6re, \u00dcstel, Cumhurba\u015fkan\u0131 Tufan Erh\u00fcrman ve T\u00fcrkiye Cumhuriyeti Lefko\u015fa B\u00fcy\u00fckel\u00e7isi Ali Murat Ba\u015f\u00e7eri ile T\u00fcrk Deniz Kuvvetlerine ba\u011fl\u0131 TCG I\u015f\u0131n Kurtarma ve Yedekleme Gemisi\u2019ne \u00e7\u0131kt\u0131 ve yakla\u015f\u0131k 500 metre derinlikte bulunan gemi enkaz\u0131na y\u00f6nelik y\u00fcr\u00fct\u00fclen \u00e7al\u0131\u015fmalar\u0131 yerinde inceledi.\u00a0<\/p>\n<p>Cumhurba\u015fkan\u0131 Erh\u00fcrman, Ba\u015fbakan \u00dcstel ve B\u00fcy\u00fckel\u00e7i Ba\u015f\u00e7eri, \u015fu s\u0131ralarda TCG I\u015f\u0131n&#8217;da s\u00fcrd\u00fcr\u00fclen operasyon, enkaza y\u00f6nelik y\u00fcr\u00fct\u00fclen \u00e7al\u0131\u015fmalar ve bundan sonraki a\u015famalar hakk\u0131nda TCG I\u015f\u0131n Komutan\u0131 Deniz Binba\u015f\u0131 Ula\u015f Cesur\u2019dan bilgi al\u0131yor.<\/p>\n<p>A\u00e7\u0131klamada \u00dcstel\u2019in, TCG I\u015f\u0131n\u2019daki incelemelerinin ard\u0131ndan arama kurtarma \u00e7al\u0131\u015fmalar\u0131n\u0131 Girne Liman\u0131\u2019ndaki kriz merkezinden takip etmeye ve ilgili t\u00fcm birimlerle koordinasyonu s\u00fcrd\u00fcrmeye devam edece\u011fi bildirildi.<\/p>\n<p>-TCG I\u015f\u0131n Kurtarma ve Yedekleme Gemisi&#8230;<\/p>\n<p>TCG I\u015f\u0131n, derin sularda arama kurtarma, sualt\u0131 g\u00f6r\u00fcnt\u00fcleme ve enkaz tespit faaliyetleri ger\u00e7ekle\u015ftirebilen, geli\u015fmi\u015f sualt\u0131 ara\u00e7lar\u0131 ve sonar sistemleriyle donat\u0131lm\u0131\u015f bir Kurtarma ve Yedekleme Gemisi.\u00a0<\/p>\n<p>Gemi, sahip oldu\u011fu teknik imkanlarla sualt\u0131ndaki enkaz\u0131n yerinin belirlenmesi, g\u00f6r\u00fcnt\u00fclenmesi ve detayl\u0131 incelenmesine y\u00f6nelik g\u00f6revleri yerine getirebiliyor.<\/p>\n<p>Yakla\u015f\u0131k 500 metre derinlikte bulunan gemi enkaz\u0131na y\u00f6nelik \u00e7al\u0131\u015fmalar da, TCG I\u015f\u0131n\u2019\u0131n sahip oldu\u011fu teknik imkan ve kabiliyetlerden yararlan\u0131larak s\u00fcrd\u00fcr\u00fcl\u00fcyor.<\/p>\n<p>(MK\/TU\u011e)\u00a0 Foto\u011frafl\u0131 <\/p>\n<\/p>\n<p>\u00a0<\/p>\n<p>\u00a0<\/p>\n<\/p>\n<p><img decoding=\"async\" width=\"1024\" height=\"683\" src=\"https:\/\/www.kibrishost.com\/tak\/wp-content\/uploads\/2026\/09\/ustel-tcg-isinda-calismalari-yerinde-inceliyor-1-1024x683.jpeg\" class=\"aligncenter wp-image-150761\" alt=\"\u00dcstel, TCG I\u015f\u0131n\u2019da \u00e7al\u0131\u015fmalar\u0131 yerinde inceliyor\" loading=\"lazy\" srcset=\"https:\/\/www.kibrishost.com\/tak\/wp-content\/uploads\/2026\/09\/ustel-tcg-isinda-calismalari-yerinde-inceliyor-1-1024x683.jpeg 1024w, https:\/\/www.kibrishost.com\/tak\/wp-content\/uploads\/2026\/09\/ustel-tcg-isinda-calismalari-yerinde-inceliyor-1-300x200.jpeg 300w, https:\/\/www.kibrishost.com\/tak\/wp-content\/uploads\/2026\/09\/ustel-tcg-isinda-calismalari-yerinde-inceliyor-1-768x512.jpeg 768w, https:\/\/www.kibrishost.com\/tak\/wp-content\/uploads\/2026\/09\/ustel-tcg-isinda-calismalari-yerinde-inceliyor-1-1536x1024.jpeg 1536w, https:\/\/www.kibrishost.com\/tak\/wp-content\/uploads\/2026\/09\/ustel-tcg-isinda-calismalari-yerinde-inceliyor-1.jpeg 1599w\" sizes=\"(max-width: 1024px) 100vw, 1024px\" \/><\/p>\n","protected":false},"excerpt":{"rendered":"<p>Ba\u015fbakan \u00dcnal \u00dcstel, sabah saatlerinden itibaren Girne Liman\u0131\u2019ndaki kriz merkezinde arama kurtarma \u00e7al\u0131\u015fmalar\u0131n\u0131 yak\u0131ndan takip ederek ilgili birimlerle koordinasyonu s\u00fcrd\u00fcr\u00fcyor. Ba\u015fbakanl\u0131k\u2019tan yap\u0131lan a\u00e7\u0131klamaya g\u00f6re, \u00dcstel, Cumhurba\u015fkan\u0131 Tufan Erh\u00fcrman ve T\u00fcrkiye Cumhuriyeti Lefko\u015fa B\u00fcy\u00fckel\u00e7isi Ali Murat Ba\u015f\u00e7eri ile T\u00fcrk Deniz Kuvvetlerine ba\u011fl\u0131 TCG I\u015f\u0131n Kurtarma ve Yedekleme Gemisi\u2019ne \u00e7\u0131kt\u0131 ve yakla\u015f\u0131k 500 metre derinlikte bulunan gemi &hellip;<\/p>\n","protected":false},"author":1,"featured_media":150760,"comment_status":"open","ping_status":"open","sticky":false,"template":"","format":"standard","meta":{"footnotes":""},"categories":[2],"tags":[1511,784,11751,48704,10953,1016],"class_list":["post-150759","post","type-post","status-publish","format-standard","has-post-thumbnail","hentry","category-kibris","tag-yerinde","tag-calismalari","tag-inceliyor","tag-isinda","tag-tcg","tag-ustel"],"_links":{"self":[{"href":"https:\/\/www.kibrishost.com\/tak\/wp-json\/wp\/v2\/posts\/150759"}],"collection":[{"href":"https:\/\/www.kibrishost.com\/tak\/wp-json\/wp\/v2\/posts"}],"about":[{"href":"https:\/\/www.kibrishost.com\/tak\/wp-json\/wp\/v2\/types\/post"}],"author":[{"embeddable":true,"href":"https:\/\/www.kibrishost.com\/tak\/wp-json\/wp\/v2\/users\/1"}],"replies":[{"embeddable":true,"href":"https:\/\/www.kibrishost.com\/tak\/wp-json\/wp\/v2\/comments?post=150759"}],"version-history":[{"count":1,"href":"https:\/\/www.kibrishost.com\/tak\/wp-json\/wp\/v2\/posts\/150759\/revisions"}],"predecessor-version":[{"id":150762,"href":"https:\/\/www.kibrishost.com\/tak\/wp-json\/wp\/v2\/posts\/150759\/revisions\/150762"}],"wp:featuredmedia":[{"embeddable":true,"href":"https:\/\/www.kibrishost.com\/tak\/wp-json\/wp\/v2\/media\/150760"}],"wp:attachment":[{"href":"https:\/\/www.kibrishost.com\/tak\/wp-json\/wp\/v2\/media?parent=150759"}],"wp:term":[{"taxonomy":"category","embeddable":true,"href":"https:\/\/www.kibrishost.com\/tak\/wp-json\/wp\/v2\/categories?post=150759"},{"taxonomy":"post_tag","embeddable":true,"href":"https:\/\/www.kibrishost.com\/tak\/wp-json\/wp\/v2\/tags?post=150759"}],"curies":[{"name":"wp","href":"https:\/\/api.w.org\/{rel}","templated":true}]}}