{"id":150757,"date":"2026-09-01T16:10:20","date_gmt":"2026-09-01T13:10:20","guid":{"rendered":"https:\/\/www.kibrishost.com\/tak\/baraka-kultur-merkezi-baris-bizlerin-ellerindedir\/"},"modified":"2026-09-01T16:10:20","modified_gmt":"2026-09-01T13:10:20","slug":"baraka-kultur-merkezi-baris-bizlerin-ellerindedir","status":"publish","type":"post","link":"https:\/\/www.kibrishost.com\/tak\/baraka-kultur-merkezi-baris-bizlerin-ellerindedir\/","title":{"rendered":"Baraka K\u00fclt\u00fcr Merkezi: \u201cBar\u0131\u015f bizlerin ellerindedir\u201d"},"content":{"rendered":"<p>Baraka K\u00fclt\u00fcr Merkezi, 1 Eyl\u00fcl D\u00fcnya Bar\u0131\u015f G\u00fcn\u00fc dolay\u0131s\u0131yla mesaj yay\u0131mlad\u0131.\u00a0<\/p>\n<p>Baraka mesaj\u0131nda, bar\u0131\u015f\u0131n; &#8220;sadece sava\u015f\u0131n olmad\u0131\u011f\u0131 g\u00fcn de\u011fil, insan\u0131n \u00f6l\u00fcme terk edilmedi\u011fi, eme\u011fin s\u00f6m\u00fcr\u00fclmedi\u011fi, kamunun sermayeye teslim edilmedi\u011fi, halk\u0131n iradesinin yok say\u0131lmad\u0131\u011f\u0131&#8221; bir ya\u015fam oldu\u011funu belirtti.<\/p>\n<p>K\u0131br\u0131s\u2019\u0131n yolunun; federal \u00e7\u00f6z\u00fcmden, e\u015fitlikten ve ortak ya\u015famdan ge\u00e7ti\u011fini dile getiren Baraka K\u00fclt\u00fcr Merkezi, K\u0131br\u0131s halklar\u0131n\u0131n, \u00f6rg\u00fctlenece\u011fini, birle\u015fece\u011fini ve bunu de\u011fi\u015ftirece\u011fini,\u00a0bunu yapacak s\u00f6z\u00fcn\u00fcn iradesinin ve g\u00fcc\u00fcn\u00fcn oldu\u011funu kaydetti.\u00a0<\/p>\n<p>Baraka, &#8220;Eksik olan o ortak s\u00f6z\u00fc birlikte hayk\u0131rmakt\u0131r. Sava\u015fa kar\u015f\u0131 bar\u0131\u015f.\u00a0K\u0131br\u0131s halklar\u0131n\u0131n e\u015fit ve \u00f6zg\u00fcr gelece\u011fi i\u00e7in bar\u0131\u015f.\u00a0Bar\u0131\u015f bizlerin ellerindedir\u201d<\/p>\n<\/p>\n<p>(AK\/EMR)\u00a0\u00a0<\/p>\n<\/p>\n<p>\u00a0<\/p><\/p>\n","protected":false},"excerpt":{"rendered":"<p>Baraka K\u00fclt\u00fcr Merkezi, 1 Eyl\u00fcl D\u00fcnya Bar\u0131\u015f G\u00fcn\u00fc dolay\u0131s\u0131yla mesaj yay\u0131mlad\u0131.\u00a0 Baraka mesaj\u0131nda, bar\u0131\u015f\u0131n; &#8220;sadece sava\u015f\u0131n olmad\u0131\u011f\u0131 g\u00fcn de\u011fil, insan\u0131n \u00f6l\u00fcme terk edilmedi\u011fi, eme\u011fin s\u00f6m\u00fcr\u00fclmedi\u011fi, kamunun sermayeye teslim edilmedi\u011fi, halk\u0131n iradesinin yok say\u0131lmad\u0131\u011f\u0131&#8221; bir ya\u015fam oldu\u011funu belirtti. K\u0131br\u0131s\u2019\u0131n yolunun; federal \u00e7\u00f6z\u00fcmden, e\u015fitlikten ve ortak ya\u015famdan ge\u00e7ti\u011fini dile getiren Baraka K\u00fclt\u00fcr Merkezi, K\u0131br\u0131s halklar\u0131n\u0131n, \u00f6rg\u00fctlenece\u011fini, birle\u015fece\u011fini &hellip;<\/p>\n","protected":false},"author":1,"featured_media":150758,"comment_status":"open","ping_status":"open","sticky":false,"template":"","format":"standard","meta":{"footnotes":""},"categories":[2],"tags":[43365,4770,416,48703,779,395],"class_list":["post-150757","post","type-post","status-publish","format-standard","has-post-thumbnail","hentry","category-kibris","tag-bizlerin","tag-baraka","tag-baris","tag-ellerindedir","tag-kultur","tag-merkezi"],"_links":{"self":[{"href":"https:\/\/www.kibrishost.com\/tak\/wp-json\/wp\/v2\/posts\/150757"}],"collection":[{"href":"https:\/\/www.kibrishost.com\/tak\/wp-json\/wp\/v2\/posts"}],"about":[{"href":"https:\/\/www.kibrishost.com\/tak\/wp-json\/wp\/v2\/types\/post"}],"author":[{"embeddable":true,"href":"https:\/\/www.kibrishost.com\/tak\/wp-json\/wp\/v2\/users\/1"}],"replies":[{"embeddable":true,"href":"https:\/\/www.kibrishost.com\/tak\/wp-json\/wp\/v2\/comments?post=150757"}],"version-history":[{"count":0,"href":"https:\/\/www.kibrishost.com\/tak\/wp-json\/wp\/v2\/posts\/150757\/revisions"}],"wp:featuredmedia":[{"embeddable":true,"href":"https:\/\/www.kibrishost.com\/tak\/wp-json\/wp\/v2\/media\/150758"}],"wp:attachment":[{"href":"https:\/\/www.kibrishost.com\/tak\/wp-json\/wp\/v2\/media?parent=150757"}],"wp:term":[{"taxonomy":"category","embeddable":true,"href":"https:\/\/www.kibrishost.com\/tak\/wp-json\/wp\/v2\/categories?post=150757"},{"taxonomy":"post_tag","embeddable":true,"href":"https:\/\/www.kibrishost.com\/tak\/wp-json\/wp\/v2\/tags?post=150757"}],"curies":[{"name":"wp","href":"https:\/\/api.w.org\/{rel}","templated":true}]}}