{"id":150749,"date":"2026-09-01T15:31:05","date_gmt":"2026-09-01T12:31:05","guid":{"rendered":"https:\/\/www.kibrishost.com\/tak\/erdogan-biskekte-konustu-sanghay-isbirligi-teskilati-cok-kutuplu-duzenin-vazgecilmez-unsurlarindan-biri-haline-gelmistir\/"},"modified":"2026-09-01T15:31:19","modified_gmt":"2026-09-01T12:31:19","slug":"erdogan-biskekte-konustu-sanghay-isbirligi-teskilati-cok-kutuplu-duzenin-vazgecilmez-unsurlarindan-biri-haline-gelmistir","status":"publish","type":"post","link":"https:\/\/www.kibrishost.com\/tak\/erdogan-biskekte-konustu-sanghay-isbirligi-teskilati-cok-kutuplu-duzenin-vazgecilmez-unsurlarindan-biri-haline-gelmistir\/","title":{"rendered":"Erdo\u011fan Bi\u015fkek\u2019te konu\u015ftu: \u201c\u015eanghay \u0130\u015fbirli\u011fi Te\u015fkilat\u0131 \u00e7ok kutuplu d\u00fczenin vazge\u00e7ilmez unsurlar\u0131ndan biri haline gelmi\u015ftir\u201d"},"content":{"rendered":"<p>T\u00fcrkiye Cumhurba\u015fkan\u0131 Recep Tayyip Erdo\u011fan, &#8220;T\u00fcrkiye olarak etraf\u0131m\u0131zda ya\u015fanan \u00e7at\u0131\u015fmalar\u0131n diyalog ve diplomasi yoluyla \u00e7\u00f6z\u00fcme kavu\u015fturulmas\u0131 i\u00e7in sorumluluk al\u0131yor, b\u00f6lgemizle birlikte t\u00fcm d\u00fcnyada bar\u0131\u015f i\u00e7in, huzur ve istikrar i\u00e7in \u00e7al\u0131\u015fmaya devam ediyoruz.&#8221; dedi.<\/p>\n<p>Cumhurba\u015fkan\u0131 Erdo\u011fan, K\u0131rg\u0131zistan&#8217;\u0131n ba\u015fkenti Bi\u015fkek&#8217;teki Iris Ordo Kongre Merkezi&#8217;nde d\u00fczenlenen \u015eanghay \u0130\u015fbirli\u011fi \u00d6rg\u00fct\u00fc Devlet Ba\u015fkanlar\u0131 Konseyi Zirvesi Geni\u015fletilmi\u015f Oturumu&#8217;na kat\u0131ld\u0131.<\/p>\n<p>Nepal&#8217;de ya\u015fanan do\u011fal felakette vatanda\u015flar\u0131n\u0131 kaybeden \u00fclkelere taziyelerini ileten Erdo\u011fan, K\u0131rg\u0131zistan Cumhurba\u015fkan\u0131 Sad\u0131r Caparov ba\u015fta olmak \u00fczere Zirve&#8217;nin d\u00fczenlenmesinde eme\u011fi ge\u00e7enlere te\u015fekk\u00fcr etti.<\/p>\n<p>Diyalog Ortakl\u0131\u011f\u0131na kabul edilen Laos&#8217;u tebrik eden Erdo\u011fan, K\u0131rg\u0131zistan&#8217;a Birle\u015fmi\u015f Milletler G\u00fcvenlik Konseyi 2027-2028 Ge\u00e7ici \u00dcyeli\u011fine se\u00e7ilmi\u015f olmas\u0131ndan \u00f6t\u00fcr\u00fc ba\u015far\u0131lar diledi.<\/p>\n<p>&#8211; &#8220;Te\u015fkilat, \u00e7ok kutuplu d\u00fczenin vazge\u00e7ilmezlerinden biri haline gelmi\u015ftir&#8221;<\/p>\n<p>Zirvede, \u00e7ok kutuplu uluslararas\u0131 sisteme katk\u0131lar\u0131 ele alacak olmalar\u0131n\u0131 k\u0131ymetli buldu\u011funu vurgulayan Erdo\u011fan, \u015f\u00f6yle konu\u015ftu:<\/p>\n<p>&#8220;Yakla\u015f\u0131k 3,5 milyar insan\u0131 ve 35 trilyon dolarl\u0131k yurt i\u00e7i has\u0131lay\u0131 temsil eden \u015eanghay \u0130\u015fbirli\u011fi Te\u015fkilat\u0131 son 25 y\u0131lda \u00e7ok kutuplu d\u00fczenin vazge\u00e7ilmez unsurlar\u0131ndan biri haline gelmi\u015ftir. Asya Pasifik B\u00f6lgesi&#8217;yle Orta Do\u011fu&#8217;yu ayn\u0131 zeminde bulu\u015fturan Te\u015fkilat&#8217;\u0131, Birle\u015fmi\u015f Milletler&#8217;in destekleyicisi ve tamamlay\u0131c\u0131s\u0131 olarak g\u00f6r\u00fcyoruz. \u015eanghay \u0130\u015fbirli\u011fi Te\u015fkilat\u0131 her \u015feyden evvel bizim b\u00f6lgesel sahiplenmeyi merkeze alan \u00e7ok boyutlu d\u0131\u015f politikam\u0131zla \u00f6rt\u00fc\u015fen bir yap\u0131ya sahiptir. T\u00fcrkiye olarak etraf\u0131m\u0131zda ya\u015fanan \u00e7at\u0131\u015fmalar\u0131n diyalog ve diplomasi yoluyla \u00e7\u00f6z\u00fcme kavu\u015fturulmas\u0131 i\u00e7in sorumluluk al\u0131yor, b\u00f6lgemizle birlikte t\u00fcm d\u00fcnyada bar\u0131\u015f i\u00e7in, huzur ve istikrar i\u00e7in \u00e7al\u0131\u015fmaya devam ediyoruz.&#8221;<\/p>\n<p>&#8211; &#8220;Her alanda i\u015fbirli\u011fimizi ilerletmenin gayreti i\u00e7inde olaca\u011f\u0131z&#8221;<\/p>\n<p>Erdo\u011fan, \u015eanghay \u0130\u015fbirli\u011fi \u00d6rg\u00fct\u00fcn\u00fcn \u00f6nemine de\u011finerek, \u015fu ifadeleri kulland\u0131:<\/p>\n<p>&#8220;Te\u015fkilat&#8217;\u0131n sadece bar\u0131\u015f ve istikrar\u0131n temininde de\u011fil, halklar\u0131m\u0131z\u0131n refah\u0131 i\u00e7in \u00e7ok \u00f6nemli olan kesintisiz ve g\u00fcvenli ula\u015ft\u0131rma koridorlar\u0131n\u0131n tesisiyle enerji arz\u0131 g\u00fcvenli\u011fi gibi alanlarda da rol oynayabilece\u011fini d\u00fc\u015f\u00fcn\u00fcyoruz. \u00dclkemizin Te\u015fkilat co\u011frafyas\u0131n\u0131n Bat\u0131 pazarlar\u0131na eri\u015fimi noktas\u0131nda bilhassa enerji koridorlar\u0131n\u0131n \u00e7e\u015fitlendirilmesi ve jeopolitik risklerin y\u00f6netilmesinde kritik rol\u00fcn\u00fcn alt\u0131n\u0131 \u00e7izmek istiyorum. Hazar Ge\u00e7i\u015fli Orta Koridor Giri\u015fimi&#8217;ni, Ku\u015fak ve Yol Giri\u015fimi&#8217;yle de uyumlu hale getirilmesini istiyor, bu ba\u011flamda Te\u015fkilat b\u00fcnyesindeki i\u015fbirli\u011fine b\u00fcy\u00fck \u00f6nem veriyoruz. Y\u00fckselen bir y\u0131ld\u0131z olarak g\u00f6rd\u00fc\u011f\u00fcm\u00fcz \u015eanghay \u0130\u015fbirli\u011fi Te\u015fkilat\u0131yla her alanda i\u015fbirli\u011fimizi ilerletmenin gayreti i\u00e7inde olaca\u011f\u0131z.&#8221;<\/p>\n<p>&#8211; &#8220;\u0130klim de\u011fi\u015fikli\u011fiyle m\u00fccadelede \u00fczerimize d\u00fc\u015feni yapmay\u0131 hedefliyoruz&#8221;<\/p>\n<p>Adil d\u00fczen aray\u0131\u015flar\u0131n\u0131n temel gayelerinden birinin de gelecek nesillere daha istikrarl\u0131, m\u00fcreffeh ve ya\u015fanabilir bir d\u00fcnya b\u0131rakmak oldu\u011funu dile getiren Erdo\u011fan, \u015funlar\u0131 kaydetti:<\/p>\n<p>&#8220;\u0130klim de\u011fi\u015fikli\u011fi, d\u00fczensiz g\u00f6\u00e7, ter\u00f6rizm, s\u0131n\u0131r a\u015fan su\u00e7lar ve g\u0131da g\u00fcvenli\u011fi gibi meseleler art\u0131k bir\u00e7ok \u00fclke i\u00e7in tehdit te\u015fkil etmektedir. T\u00fcrkiye olarak iklim de\u011fi\u015fikli\u011finin farkl\u0131 co\u011frafyalar \u00fczerindeki olumsuz etkileriyle m\u00fccadelede \u00fczerimize d\u00fc\u015feni yapmay\u0131 hedefliyoruz. Bu ama\u00e7la 11-12 Kas\u0131m 2026 tarihlerinde Antalya&#8217;da COP31 Zirvesi&#8217;ne ev sahipli\u011fi yapaca\u011f\u0131z. Bu \u00f6nemli zirvede siz de\u011ferli dostlar\u0131m\u0131z\u0131 da aram\u0131zda g\u00f6rmekten b\u00fcy\u00fck bir memnuniyet duyaca\u011f\u0131m\u0131z\u0131 ifade etmek isterim. S\u00f6zlerime son verirken, Te\u015fkilat&#8217;\u0131m\u0131z\u0131n \u015eanghay ruhundan ald\u0131\u011f\u0131 motivasyonla ger\u00e7ek anlamda \u00e7ok kutuplu bir d\u00fcnya in\u015fa edilmesinde \u00f6nemli rol \u00fcstlenece\u011fine inand\u0131\u011f\u0131m\u0131 bir kez daha vurguluyorum. K\u0131rg\u0131zistan&#8217;dan d\u00f6nem ba\u015fkanl\u0131\u011f\u0131n\u0131 devralacak olan Pakistan&#8217;a ba\u015far\u0131lar diliyor, toplant\u0131lar\u0131m\u0131z\u0131n b\u00f6lgemiz ve \u00fclkelerimizin ortak gelece\u011fi i\u00e7in hay\u0131rlara vesile olmas\u0131n\u0131 temenni ediyorum.&#8221;<\/p>\n<p>&#8211; &#8220;\u0130srail&#8217;in sald\u0131r\u0131lar\u0131yla 74 bin insan\u0131n hayat\u0131n\u0131 kaybetti\u011fini unutmamal\u0131y\u0131z&#8221;<\/p>\n<p>Erdo\u011fan, Mekke Savunma \u0130ttifak\u0131&#8217;na da de\u011finerek, konu\u015fmas\u0131n\u0131 \u015f\u00f6yle tamamlad\u0131:<\/p>\n<p>&#8220;Suudi Arabistan ve Pakistan&#8217;la hayata ge\u00e7irdi\u011fimiz Mekke Savunma \u0130ttifak\u0131, b\u00f6lgesel sahiplenme ve kolektif cayd\u0131r\u0131c\u0131l\u0131k temelinde b\u00f6lge ve d\u00fcnya bar\u0131\u015f\u0131na, istikrar\u0131na \u00f6nemli katk\u0131lar sa\u011flayacakt\u0131r. Bar\u0131\u015f\u0131 konu\u015furken \u0130srail&#8217;in sald\u0131r\u0131lar\u0131 nedeniyle \u00e7o\u011fu \u00e7ocuk ve kad\u0131n 74 bin insan\u0131n hayat\u0131n\u0131 kaybetti\u011fi Gazze&#8217;yi ve L\u00fcbnan&#8217;\u0131 unutmamal\u0131y\u0131z. Bu sald\u0131rgan politikan\u0131n bedelini t\u00fcm b\u00f6lgemiz \u00f6demektedir. Tekrar K\u0131rg\u0131zistan&#8217;dan d\u00f6nem ba\u015fkanl\u0131\u011f\u0131n\u0131 devralacak olan Pakistan&#8217;a ba\u015far\u0131lar diliyor, toplant\u0131lar\u0131m\u0131z\u0131n b\u00f6lgemiz ve \u00fclkelerimizin ortak gelece\u011fi i\u00e7in hay\u0131rlara vesile olmas\u0131n\u0131 temenni ediyorum.&#8221;<\/p>\n<p>\u00a0<\/p>\n<\/p>\n<p><img decoding=\"async\" width=\"1024\" height=\"735\" src=\"https:\/\/www.kibrishost.com\/tak\/wp-content\/uploads\/2026\/09\/erdogan-biskekte-konustu-sanghay-isbirligi-teskilati-cok-kutuplu-duzenin-vazgecilmez-unsurlarindan-biri-haline-gelmistir-1-1024x735.jpeg\" class=\"aligncenter wp-image-150751\" alt=\"Erdo\u011fan Bi\u015fkek\u2019te konu\u015ftu: \u201c\u015eanghay \u0130\u015fbirli\u011fi Te\u015fkilat\u0131 \u00e7ok kutuplu d\u00fczenin vazge\u00e7ilmez unsurlar\u0131ndan biri haline gelmi\u015ftir\u201d\" loading=\"lazy\" srcset=\"https:\/\/www.kibrishost.com\/tak\/wp-content\/uploads\/2026\/09\/erdogan-biskekte-konustu-sanghay-isbirligi-teskilati-cok-kutuplu-duzenin-vazgecilmez-unsurlarindan-biri-haline-gelmistir-1-1024x735.jpeg 1024w, https:\/\/www.kibrishost.com\/tak\/wp-content\/uploads\/2026\/09\/erdogan-biskekte-konustu-sanghay-isbirligi-teskilati-cok-kutuplu-duzenin-vazgecilmez-unsurlarindan-biri-haline-gelmistir-1-300x215.jpeg 300w, https:\/\/www.kibrishost.com\/tak\/wp-content\/uploads\/2026\/09\/erdogan-biskekte-konustu-sanghay-isbirligi-teskilati-cok-kutuplu-duzenin-vazgecilmez-unsurlarindan-biri-haline-gelmistir-1-768x551.jpeg 768w, https:\/\/www.kibrishost.com\/tak\/wp-content\/uploads\/2026\/09\/erdogan-biskekte-konustu-sanghay-isbirligi-teskilati-cok-kutuplu-duzenin-vazgecilmez-unsurlarindan-biri-haline-gelmistir-1-1536x1103.jpeg 1536w, https:\/\/www.kibrishost.com\/tak\/wp-content\/uploads\/2026\/09\/erdogan-biskekte-konustu-sanghay-isbirligi-teskilati-cok-kutuplu-duzenin-vazgecilmez-unsurlarindan-biri-haline-gelmistir-1-2048x1471.jpeg 2048w\" sizes=\"(max-width: 1024px) 100vw, 1024px\" \/><\/p>\n","protected":false},"excerpt":{"rendered":"<p>T\u00fcrkiye Cumhurba\u015fkan\u0131 Recep Tayyip Erdo\u011fan, &#8220;T\u00fcrkiye olarak etraf\u0131m\u0131zda ya\u015fanan \u00e7at\u0131\u015fmalar\u0131n diyalog ve diplomasi yoluyla \u00e7\u00f6z\u00fcme kavu\u015fturulmas\u0131 i\u00e7in sorumluluk al\u0131yor, b\u00f6lgemizle birlikte t\u00fcm d\u00fcnyada bar\u0131\u015f i\u00e7in, huzur ve istikrar i\u00e7in \u00e7al\u0131\u015fmaya devam ediyoruz.&#8221; dedi. Cumhurba\u015fkan\u0131 Erdo\u011fan, K\u0131rg\u0131zistan&#8217;\u0131n ba\u015fkenti Bi\u015fkek&#8217;teki Iris Ordo Kongre Merkezi&#8217;nde d\u00fczenlenen \u015eanghay \u0130\u015fbirli\u011fi \u00d6rg\u00fct\u00fc Devlet Ba\u015fkanlar\u0131 Konseyi Zirvesi Geni\u015fletilmi\u015f Oturumu&#8217;na kat\u0131ld\u0131. Nepal&#8217;de ya\u015fanan &hellip;<\/p>\n","protected":false},"author":1,"featured_media":150750,"comment_status":"open","ping_status":"open","sticky":false,"template":"","format":"standard","meta":{"footnotes":""},"categories":[3],"tags":[2015,13625,1810,38875,2248,8763,506,932,2368,7317,48667,8686,27602,15212],"class_list":["post-150749","post","type-post","status-publish","format-standard","has-post-thumbnail","hentry","category-turkiye","tag-biri","tag-biskekte","tag-cok","tag-duzenin","tag-erdogan","tag-gelmistir","tag-haline","tag-isbirligi","tag-konustu","tag-kutuplu","tag-sanghay","tag-teskilati","tag-unsurlarindan","tag-vazgecilmez"],"_links":{"self":[{"href":"https:\/\/www.kibrishost.com\/tak\/wp-json\/wp\/v2\/posts\/150749"}],"collection":[{"href":"https:\/\/www.kibrishost.com\/tak\/wp-json\/wp\/v2\/posts"}],"about":[{"href":"https:\/\/www.kibrishost.com\/tak\/wp-json\/wp\/v2\/types\/post"}],"author":[{"embeddable":true,"href":"https:\/\/www.kibrishost.com\/tak\/wp-json\/wp\/v2\/users\/1"}],"replies":[{"embeddable":true,"href":"https:\/\/www.kibrishost.com\/tak\/wp-json\/wp\/v2\/comments?post=150749"}],"version-history":[{"count":1,"href":"https:\/\/www.kibrishost.com\/tak\/wp-json\/wp\/v2\/posts\/150749\/revisions"}],"predecessor-version":[{"id":150752,"href":"https:\/\/www.kibrishost.com\/tak\/wp-json\/wp\/v2\/posts\/150749\/revisions\/150752"}],"wp:featuredmedia":[{"embeddable":true,"href":"https:\/\/www.kibrishost.com\/tak\/wp-json\/wp\/v2\/media\/150750"}],"wp:attachment":[{"href":"https:\/\/www.kibrishost.com\/tak\/wp-json\/wp\/v2\/media?parent=150749"}],"wp:term":[{"taxonomy":"category","embeddable":true,"href":"https:\/\/www.kibrishost.com\/tak\/wp-json\/wp\/v2\/categories?post=150749"},{"taxonomy":"post_tag","embeddable":true,"href":"https:\/\/www.kibrishost.com\/tak\/wp-json\/wp\/v2\/tags?post=150749"}],"curies":[{"name":"wp","href":"https:\/\/api.w.org\/{rel}","templated":true}]}}