{"id":150734,"date":"2026-09-01T14:50:20","date_gmt":"2026-09-01T11:50:20","guid":{"rendered":"https:\/\/www.kibrishost.com\/tak\/guc-sen-ulastirma-bakani-ariklinin-istifasi-ve-etkin-denetim-sistemi-cagrisinda-bulundu\/"},"modified":"2026-09-01T14:50:22","modified_gmt":"2026-09-01T11:50:22","slug":"guc-sen-ulastirma-bakani-ariklinin-istifasi-ve-etkin-denetim-sistemi-cagrisinda-bulundu","status":"publish","type":"post","link":"https:\/\/www.kibrishost.com\/tak\/guc-sen-ulastirma-bakani-ariklinin-istifasi-ve-etkin-denetim-sistemi-cagrisinda-bulundu\/","title":{"rendered":"G\u00fc\u00e7-Sen, Ula\u015ft\u0131rma Bakan\u0131 Ar\u0131kl\u0131&#8217;n\u0131n istifas\u0131 ve etkin denetim sistemi \u00e7a\u011fr\u0131s\u0131nda bulundu"},"content":{"rendered":"<p>G\u00fcmr\u00fck \u00c7al\u0131\u015fanlar\u0131 Sendikas\u0131(G\u00fc\u00e7-Sen), Bay\u0131nd\u0131rl\u0131k ve Ula\u015ft\u0131rma Bakan\u0131 Erhan Ar\u0131kl\u0131&#8217;n\u0131n istifas\u0131 ve\u00a0 benzer deniz kazalar\u0131n\u0131n bir daha ya\u015fanmamas\u0131 i\u00e7in etkin bir denetim sisteminin hayata ge\u00e7irilmesi \u00e7a\u011fr\u0131s\u0131nda bulundu.\u00a0G\u00fc\u00e7-Sen Ba\u015fkan\u0131 Ediz Kanatl\u0131 yapt\u0131\u011f\u0131 yaz\u0131l\u0131 a\u00e7\u0131klamada, \u00fclkede, ula\u015f\u0131m faaliyetlerinde yeterli denetim ve can g\u00fcvenli\u011fi sa\u011flanamad\u0131\u011f\u0131n\u0131 savunarak, bunda siyasi sorumlulu\u011fu bulundu\u011funu i\u015faret etti\u011fi Erhan Ar\u0131kl\u0131&#8217;n\u0131n istifa etmesi gerekti\u011fini kaydetti. Ya\u015fanan olayla ba\u011fl\u0131 olarak geminin uluslararas\u0131 standartlara uygunluk s\u00f6rveylerin, teknik kontrollerin ve hava ko\u015fullar\u0131na ili\u015fkin de\u011ferlendirmelerin eksiksiz bi\u00e7imde uygulan\u0131p uygulanmad\u0131\u011f\u0131n\u0131n ara\u015ft\u0131r\u0131lmas\u0131 gerekti\u011fini ifade eden Kanatl\u0131, t\u00fcm limanlarda i\u015f sa\u011fl\u0131\u011f\u0131 ve g\u00fcvenli\u011fi, teknik altyap\u0131, ekipman yeterlili\u011fi, bak\u0131m, personel kapasitesi ve denetim mekanizmalar\u0131n\u0131n kapsaml\u0131 bi\u00e7imde g\u00f6zden ge\u00e7irilmesi gerekti\u011fini dile getirdi. Can g\u00fcvenli\u011fini do\u011frudan ilgilendiren bak\u0131m, kontrol ve denetim mekanizmalar\u0131n\u0131n etkin bi\u00e7imde i\u015fletilmesinden ilgili makamlar\u0131n sorumlu oldu\u011funu belirten Kanatl\u0131, &#8220;Bu g\u00f6revlerin zaman\u0131nda, bilimsel veriler ve uluslararas\u0131 g\u00fcvenlik standartlar\u0131 do\u011frultusunda yerine getirilmemesi kabul edilemez. B\u00fct\u00fcn bu s\u00fcre\u00e7lerin siyasi ve idari sorumlulu\u011fu Ula\u015ft\u0131rma Bakanl\u0131\u011f\u0131\u2019na aittir&#8221; dedi.Kanatl\u0131, benzer olaylar\u0131n yeniden ya\u015fanmamas\u0131 ad\u0131na, olay\u0131n hi\u00e7bir ki\u015fi veya makam korunmaks\u0131z\u0131n soru\u015fturulmas\u0131, ihmali, kusuru veya sorumlulu\u011fu bulunan herkesin hesap vermesi ve ba\u015fta limanlar olmak \u00fczere \u00fclkenin t\u00fcm ula\u015f\u0131m altyap\u0131s\u0131nda g\u00fcvenli\u011fi esas alan etkin ve s\u00fcrd\u00fcr\u00fclebilir bir denetim sisteminin derhal hayata ge\u00e7irilmesini istedi.\u00a0(ID\/EMR)<\/p>\n<\/p>\n<p><img decoding=\"async\" width=\"1024\" height=\"1021\" src=\"https:\/\/www.kibrishost.com\/tak\/wp-content\/uploads\/2026\/09\/guc-sen-ulastirma-bakani-ariklinin-istifasi-ve-etkin-denetim-sistemi-cagrisinda-bulundu-1-1024x1021.jpeg\" class=\"aligncenter wp-image-150736\" alt=\"G\u00fc\u00e7-Sen, Ula\u015ft\u0131rma Bakan\u0131 Ar\u0131kl\u0131&#039;n\u0131n istifas\u0131 ve etkin denetim sistemi \u00e7a\u011fr\u0131s\u0131nda bulundu\" loading=\"lazy\" srcset=\"https:\/\/www.kibrishost.com\/tak\/wp-content\/uploads\/2026\/09\/guc-sen-ulastirma-bakani-ariklinin-istifasi-ve-etkin-denetim-sistemi-cagrisinda-bulundu-1-1024x1021.jpeg 1024w, https:\/\/www.kibrishost.com\/tak\/wp-content\/uploads\/2026\/09\/guc-sen-ulastirma-bakani-ariklinin-istifasi-ve-etkin-denetim-sistemi-cagrisinda-bulundu-1-300x300.jpeg 300w, https:\/\/www.kibrishost.com\/tak\/wp-content\/uploads\/2026\/09\/guc-sen-ulastirma-bakani-ariklinin-istifasi-ve-etkin-denetim-sistemi-cagrisinda-bulundu-1-150x150.jpeg 150w, https:\/\/www.kibrishost.com\/tak\/wp-content\/uploads\/2026\/09\/guc-sen-ulastirma-bakani-ariklinin-istifasi-ve-etkin-denetim-sistemi-cagrisinda-bulundu-1-768x766.jpeg 768w, https:\/\/www.kibrishost.com\/tak\/wp-content\/uploads\/2026\/09\/guc-sen-ulastirma-bakani-ariklinin-istifasi-ve-etkin-denetim-sistemi-cagrisinda-bulundu-1-1536x1532.jpeg 1536w, https:\/\/www.kibrishost.com\/tak\/wp-content\/uploads\/2026\/09\/guc-sen-ulastirma-bakani-ariklinin-istifasi-ve-etkin-denetim-sistemi-cagrisinda-bulundu-1.jpeg 2048w\" sizes=\"(max-width: 1024px) 100vw, 1024px\" \/><\/p>\n","protected":false},"excerpt":{"rendered":"<p>G\u00fcmr\u00fck \u00c7al\u0131\u015fanlar\u0131 Sendikas\u0131(G\u00fc\u00e7-Sen), Bay\u0131nd\u0131rl\u0131k ve Ula\u015ft\u0131rma Bakan\u0131 Erhan Ar\u0131kl\u0131&#8217;n\u0131n istifas\u0131 ve\u00a0 benzer deniz kazalar\u0131n\u0131n bir daha ya\u015fanmamas\u0131 i\u00e7in etkin bir denetim sisteminin hayata ge\u00e7irilmesi \u00e7a\u011fr\u0131s\u0131nda bulundu.\u00a0G\u00fc\u00e7-Sen Ba\u015fkan\u0131 Ediz Kanatl\u0131 yapt\u0131\u011f\u0131 yaz\u0131l\u0131 a\u00e7\u0131klamada, \u00fclkede, ula\u015f\u0131m faaliyetlerinde yeterli denetim ve can g\u00fcvenli\u011fi sa\u011flanamad\u0131\u011f\u0131n\u0131 savunarak, bunda siyasi sorumlulu\u011fu bulundu\u011funu i\u015faret etti\u011fi Erhan Ar\u0131kl\u0131&#8217;n\u0131n istifa etmesi gerekti\u011fini kaydetti. Ya\u015fanan &hellip;<\/p>\n","protected":false},"author":1,"featured_media":150735,"comment_status":"open","ping_status":"open","sticky":false,"template":"","format":"standard","meta":{"footnotes":""},"categories":[2],"tags":[11927,314,541,2578,551,6001,13550,14282,2569,4659],"class_list":["post-150734","post","type-post","status-publish","format-standard","has-post-thumbnail","hentry","category-kibris","tag-ariklinin","tag-bakani","tag-bulundu","tag-cagrisinda","tag-denetim","tag-etkin","tag-guc-sen","tag-istifasi","tag-sistemi","tag-ulastirma"],"_links":{"self":[{"href":"https:\/\/www.kibrishost.com\/tak\/wp-json\/wp\/v2\/posts\/150734"}],"collection":[{"href":"https:\/\/www.kibrishost.com\/tak\/wp-json\/wp\/v2\/posts"}],"about":[{"href":"https:\/\/www.kibrishost.com\/tak\/wp-json\/wp\/v2\/types\/post"}],"author":[{"embeddable":true,"href":"https:\/\/www.kibrishost.com\/tak\/wp-json\/wp\/v2\/users\/1"}],"replies":[{"embeddable":true,"href":"https:\/\/www.kibrishost.com\/tak\/wp-json\/wp\/v2\/comments?post=150734"}],"version-history":[{"count":1,"href":"https:\/\/www.kibrishost.com\/tak\/wp-json\/wp\/v2\/posts\/150734\/revisions"}],"predecessor-version":[{"id":150737,"href":"https:\/\/www.kibrishost.com\/tak\/wp-json\/wp\/v2\/posts\/150734\/revisions\/150737"}],"wp:featuredmedia":[{"embeddable":true,"href":"https:\/\/www.kibrishost.com\/tak\/wp-json\/wp\/v2\/media\/150735"}],"wp:attachment":[{"href":"https:\/\/www.kibrishost.com\/tak\/wp-json\/wp\/v2\/media?parent=150734"}],"wp:term":[{"taxonomy":"category","embeddable":true,"href":"https:\/\/www.kibrishost.com\/tak\/wp-json\/wp\/v2\/categories?post=150734"},{"taxonomy":"post_tag","embeddable":true,"href":"https:\/\/www.kibrishost.com\/tak\/wp-json\/wp\/v2\/tags?post=150734"}],"curies":[{"name":"wp","href":"https:\/\/api.w.org\/{rel}","templated":true}]}}