{"id":150729,"date":"2026-09-01T14:40:32","date_gmt":"2026-09-01T11:40:32","guid":{"rendered":"https:\/\/www.kibrishost.com\/tak\/girne-aciklarinda-batan-gemide-kaybolan-elmas-demirin-cocuklari-annelerinden-gelecek-haberi-bekliyor\/"},"modified":"2026-09-01T14:41:02","modified_gmt":"2026-09-01T11:41:02","slug":"girne-aciklarinda-batan-gemide-kaybolan-elmas-demirin-cocuklari-annelerinden-gelecek-haberi-bekliyor","status":"publish","type":"post","link":"https:\/\/www.kibrishost.com\/tak\/girne-aciklarinda-batan-gemide-kaybolan-elmas-demirin-cocuklari-annelerinden-gelecek-haberi-bekliyor\/","title":{"rendered":"Girne a\u00e7\u0131klar\u0131nda batan gemide kaybolan Elmas Demir\u2019in \u00e7ocuklar\u0131 annelerinden gelecek haberi bekliyor"},"content":{"rendered":"<p>Girne Liman\u0131 a\u00e7\u0131\u011f\u0131nda yolcu gemisinin alabora olmas\u0131 sonucu kaybolan 58 ya\u015f\u0131ndaki Elmas Demir\u200b\u200b\u200b\u200b\u200b\u200b\u200b&#8217;in \u00e7ocuklar\u0131, annelerinden gelecek haberi bekliyor.<\/p>\n<p>Girne Liman\u0131&#8217;ndan Mersin&#8217;in Silifke il\u00e7esindeki Ta\u015fucu Liman\u0131&#8217;na gitmek i\u00e7in demir alan &#8220;Filo Jet&#8221; isimli geminin 30 A\u011fustos&#8217;ta alabora oldu\u011fu kazada kaybolan be\u015f \u00e7ocuk annesi Elmas Demir&#8217;e b\u00f6lgede y\u00fcr\u00fct\u00fclen arama kurtarma \u00e7al\u0131\u015fmalar\u0131nda hen\u00fcz ula\u015f\u0131lamad\u0131.<\/p>\n<p>AA&#8217;n\u0131n haberine g\u00f6re yakla\u015f\u0131k iki y\u0131ld\u0131r KKTC&#8217;de bir otelde \u00e7al\u0131\u015ft\u0131\u011f\u0131 \u00f6\u011frenilen Demir&#8217;in, Eski\u015fehir&#8217;in Tepeba\u015f\u0131 il\u00e7esine ba\u011fl\u0131 Fevzi \u00c7akmak Mahallesi&#8217;nde ya\u015fayan \u00e7ocuklar\u0131 annelerinin bir an \u00f6nce bulunmas\u0131n\u0131 istiyor.<\/p>\n<p>&#8211; \u00d6zge Demir: \u201cNe olursunuz annemi bulun\u2026 Benim annem orada\u201d<\/p>\n<p>Demir&#8217;in k\u0131z\u0131 \u00d6zge Demir, gazetecilere, gemide ya\u015fananlara ili\u015fkin videolarda annesini g\u00f6rd\u00fc\u011f\u00fcn\u00fc s\u00f6yledi.<\/p>\n<p>Yetkililerden bir haber bekledi\u011fini ifade eden Demir, &#8220;Ne olursunuz annemi bulun. Biz sizden bunu istiyoruz. Ne olursunuz bize yard\u0131m edin. \u00c7aresiz bir durumday\u0131z. Benim annem orada, babam peri\u015fan bir halde.&#8221; diye konu\u015ftu.<\/p>\n<p>Demir, annesinin gemiye bindikten sonra babas\u0131n\u0131 aray\u0131p haber verdi\u011fini anlatarak, &#8220;Saat 11.00 civarlar\u0131nda babam\u0131 aram\u0131\u015f, &#8216;Bindim ben&#8217; demi\u015f. Saat 11.30&#8217;da yine gemide konu\u015fmu\u015flar. Saat 12.00&#8217;de her \u015fey kesilmi\u015f, babam ula\u015famam\u0131\u015f.&#8221; ifadelerini kulland\u0131.<\/p>\n<p>&#8211; Kazadan bir g\u00fcn \u00f6nce annesiyle g\u00f6r\u00fc\u015fm\u00fc\u015f<\/p>\n<p>Elmas Demir&#8217;in o\u011flu U\u011fur Demir de zor bir d\u00f6nemden ge\u00e7tiklerini s\u00f6yledi.<\/p>\n<p>Annesinin denizde oldu\u011funu d\u00fc\u015f\u00fcnd\u00fcklerini kaydeden Demir, &#8220;Annem suyun alt\u0131nda. Denizden \u00e7\u0131kanlar\u0131n i\u00e7inde de\u011fil, listeler a\u00e7\u0131kland\u0131. Kay\u0131p olan 20 ki\u015finin aras\u0131nda.&#8221; dedi.<\/p>\n<p>Demir, kazadan bir g\u00fcn \u00f6nce telefonla g\u00f6r\u00fc\u015ft\u00fc\u011f\u00fc annesine bilet almas\u0131 i\u00e7in para g\u00f6nderdi\u011fini belirterek &#8220;Annem bileti ald\u0131, gelecekti. Gemiye bindi, ondan sonra babamla konu\u015ftu, ondan sonra bir daha haber alamad\u0131k.&#8221; diye konu\u015ftu.<\/p>\n<p>&#8211; Cemal Demir:\u00a0 \u201cAnnem ba\u011f\u0131r\u0131yor, &#8216;Tut, tut&#8217; diye ba\u011f\u0131r\u0131yor. Gemi batarken resmen i\u00e7ine giriyor annem\u201d<\/p>\n<p>\u00c7ocuklardan Cemal Demir ise olayla ilgili izledi\u011fi videoda annesinin \u00e7\u0131\u011fl\u0131k seslerini duydu\u011funu ifade ederek, \u015funlar\u0131 kaydetti:<\/p>\n<p>&#8220;Elini uzat\u0131yor ama kimsenin yard\u0131m etmedi\u011fini g\u00f6r\u00fcyorum. Annem ba\u011f\u0131r\u0131yor, &#8216;Tut, tut&#8217; diye ba\u011f\u0131r\u0131yor. Gemi batarken resmen i\u00e7ine giriyor annem. Ben ne yapaca\u011f\u0131m? Haberini alam\u0131yoruz. Denizin alt\u0131nda m\u0131, s\u00fcr\u00fcklendi mi onu da bilmiyoruz.&#8221;<\/p>\n<p>&#8211; Girne a\u00e7\u0131klar\u0131nda alabora olan gemi<\/p>\n<p>KKTC&#8217;deki Girne Liman\u0131 ile Mersin&#8217;deki Ta\u015fucu Liman\u0131 aras\u0131nda sefer yapan hatta bulunan &#8220;Filo Jet&#8221; isimli y\u00fcksek h\u0131zl\u0131 yolcu gemisi, pazar g\u00fcn\u00fc \u00f6\u011fle saatlerinde Girne&#8217;den hareket ettikten k\u0131sa bir s\u00fcre sonra \u00f6n k\u0131sm\u0131ndan su almaya ba\u015flad\u0131.<\/p>\n<p>Gemi, Girne Liman\u0131&#8217;na d\u00f6nmeye \u00e7al\u0131\u015ft\u0131\u011f\u0131 s\u0131rada alabora oldu.<\/p>\n<p>Gemiden 241 ki\u015fi sa\u011f kurtar\u0131l\u0131rken, 8 ki\u015finin cenazesine ula\u015f\u0131ld\u0131 ve kay\u0131p 20 ki\u015fi i\u00e7in arama \u00e7al\u0131\u015fmalar\u0131na devam ediliyor.<\/p>\n<p>Geminin enkaz\u0131n\u0131n, denizin 514 metre derinli\u011finde bulundu\u011fu bildiriliyor.<\/p>\n<\/p>\n<p>\u00a0<\/p>\n<\/p>\n<p><img decoding=\"async\" width=\"1024\" height=\"683\" src=\"https:\/\/www.kibrishost.com\/tak\/wp-content\/uploads\/2026\/09\/girne-aciklarinda-batan-gemide-kaybolan-elmas-demirin-cocuklari-annelerinden-gelecek-haberi-bekliyor-1-1024x683.jpeg\" class=\"aligncenter wp-image-150731\" alt=\"Girne a\u00e7\u0131klar\u0131nda batan gemide kaybolan Elmas Demir\u2019in \u00e7ocuklar\u0131 annelerinden gelecek haberi bekliyor\" loading=\"lazy\" srcset=\"https:\/\/www.kibrishost.com\/tak\/wp-content\/uploads\/2026\/09\/girne-aciklarinda-batan-gemide-kaybolan-elmas-demirin-cocuklari-annelerinden-gelecek-haberi-bekliyor-1-1024x683.jpeg 1024w, https:\/\/www.kibrishost.com\/tak\/wp-content\/uploads\/2026\/09\/girne-aciklarinda-batan-gemide-kaybolan-elmas-demirin-cocuklari-annelerinden-gelecek-haberi-bekliyor-1-300x200.jpeg 300w, https:\/\/www.kibrishost.com\/tak\/wp-content\/uploads\/2026\/09\/girne-aciklarinda-batan-gemide-kaybolan-elmas-demirin-cocuklari-annelerinden-gelecek-haberi-bekliyor-1-768x512.jpeg 768w, https:\/\/www.kibrishost.com\/tak\/wp-content\/uploads\/2026\/09\/girne-aciklarinda-batan-gemide-kaybolan-elmas-demirin-cocuklari-annelerinden-gelecek-haberi-bekliyor-1-1536x1024.jpeg 1536w, https:\/\/www.kibrishost.com\/tak\/wp-content\/uploads\/2026\/09\/girne-aciklarinda-batan-gemide-kaybolan-elmas-demirin-cocuklari-annelerinden-gelecek-haberi-bekliyor-1-2048x1365.jpeg 2048w\" sizes=\"(max-width: 1024px) 100vw, 1024px\" \/><\/p>\n<p><img decoding=\"async\" width=\"1024\" height=\"683\" src=\"https:\/\/www.kibrishost.com\/tak\/wp-content\/uploads\/2026\/09\/girne-aciklarinda-batan-gemide-kaybolan-elmas-demirin-cocuklari-annelerinden-gelecek-haberi-bekliyor-2-1024x683.jpeg\" class=\"aligncenter wp-image-150732\" alt=\"Girne a\u00e7\u0131klar\u0131nda batan gemide kaybolan Elmas Demir\u2019in \u00e7ocuklar\u0131 annelerinden gelecek haberi bekliyor\" loading=\"lazy\" srcset=\"https:\/\/www.kibrishost.com\/tak\/wp-content\/uploads\/2026\/09\/girne-aciklarinda-batan-gemide-kaybolan-elmas-demirin-cocuklari-annelerinden-gelecek-haberi-bekliyor-2-1024x683.jpeg 1024w, https:\/\/www.kibrishost.com\/tak\/wp-content\/uploads\/2026\/09\/girne-aciklarinda-batan-gemide-kaybolan-elmas-demirin-cocuklari-annelerinden-gelecek-haberi-bekliyor-2-300x200.jpeg 300w, https:\/\/www.kibrishost.com\/tak\/wp-content\/uploads\/2026\/09\/girne-aciklarinda-batan-gemide-kaybolan-elmas-demirin-cocuklari-annelerinden-gelecek-haberi-bekliyor-2-768x512.jpeg 768w, https:\/\/www.kibrishost.com\/tak\/wp-content\/uploads\/2026\/09\/girne-aciklarinda-batan-gemide-kaybolan-elmas-demirin-cocuklari-annelerinden-gelecek-haberi-bekliyor-2-1536x1024.jpeg 1536w, https:\/\/www.kibrishost.com\/tak\/wp-content\/uploads\/2026\/09\/girne-aciklarinda-batan-gemide-kaybolan-elmas-demirin-cocuklari-annelerinden-gelecek-haberi-bekliyor-2-2048x1365.jpeg 2048w\" sizes=\"(max-width: 1024px) 100vw, 1024px\" \/><\/p>\n","protected":false},"excerpt":{"rendered":"<p>Girne Liman\u0131 a\u00e7\u0131\u011f\u0131nda yolcu gemisinin alabora olmas\u0131 sonucu kaybolan 58 ya\u015f\u0131ndaki Elmas Demir\u200b\u200b\u200b\u200b\u200b\u200b\u200b&#8217;in \u00e7ocuklar\u0131, annelerinden gelecek haberi bekliyor. Girne Liman\u0131&#8217;ndan Mersin&#8217;in Silifke il\u00e7esindeki Ta\u015fucu Liman\u0131&#8217;na gitmek i\u00e7in demir alan &#8220;Filo Jet&#8221; isimli geminin 30 A\u011fustos&#8217;ta alabora oldu\u011fu kazada kaybolan be\u015f \u00e7ocuk annesi Elmas Demir&#8217;e b\u00f6lgede y\u00fcr\u00fct\u00fclen arama kurtarma \u00e7al\u0131\u015fmalar\u0131nda hen\u00fcz ula\u015f\u0131lamad\u0131. AA&#8217;n\u0131n haberine g\u00f6re yakla\u015f\u0131k &hellip;<\/p>\n","protected":false},"author":1,"featured_media":150730,"comment_status":"open","ping_status":"open","sticky":false,"template":"","format":"standard","meta":{"footnotes":""},"categories":[3],"tags":[1504,48699,1542,244,7165,34774,8902,681,3705,1870,669,4946],"class_list":["post-150729","post","type-post","status-publish","format-standard","has-post-thumbnail","hentry","category-turkiye","tag-aciklarinda","tag-annelerinden","tag-batan","tag-bekliyor","tag-cocuklari","tag-demirin","tag-elmas","tag-gelecek","tag-gemide","tag-girne","tag-haberi","tag-kaybolan"],"_links":{"self":[{"href":"https:\/\/www.kibrishost.com\/tak\/wp-json\/wp\/v2\/posts\/150729"}],"collection":[{"href":"https:\/\/www.kibrishost.com\/tak\/wp-json\/wp\/v2\/posts"}],"about":[{"href":"https:\/\/www.kibrishost.com\/tak\/wp-json\/wp\/v2\/types\/post"}],"author":[{"embeddable":true,"href":"https:\/\/www.kibrishost.com\/tak\/wp-json\/wp\/v2\/users\/1"}],"replies":[{"embeddable":true,"href":"https:\/\/www.kibrishost.com\/tak\/wp-json\/wp\/v2\/comments?post=150729"}],"version-history":[{"count":1,"href":"https:\/\/www.kibrishost.com\/tak\/wp-json\/wp\/v2\/posts\/150729\/revisions"}],"predecessor-version":[{"id":150733,"href":"https:\/\/www.kibrishost.com\/tak\/wp-json\/wp\/v2\/posts\/150729\/revisions\/150733"}],"wp:featuredmedia":[{"embeddable":true,"href":"https:\/\/www.kibrishost.com\/tak\/wp-json\/wp\/v2\/media\/150730"}],"wp:attachment":[{"href":"https:\/\/www.kibrishost.com\/tak\/wp-json\/wp\/v2\/media?parent=150729"}],"wp:term":[{"taxonomy":"category","embeddable":true,"href":"https:\/\/www.kibrishost.com\/tak\/wp-json\/wp\/v2\/categories?post=150729"},{"taxonomy":"post_tag","embeddable":true,"href":"https:\/\/www.kibrishost.com\/tak\/wp-json\/wp\/v2\/tags?post=150729"}],"curies":[{"name":"wp","href":"https:\/\/api.w.org\/{rel}","templated":true}]}}