{"id":150724,"date":"2026-09-01T14:40:20","date_gmt":"2026-09-01T11:40:20","guid":{"rendered":"https:\/\/www.kibrishost.com\/tak\/erhurman-su-anda-butun-konsantrasyonumuz-derindeki-batiga-ulasmak\/"},"modified":"2026-09-01T14:40:23","modified_gmt":"2026-09-01T11:40:23","slug":"erhurman-su-anda-butun-konsantrasyonumuz-derindeki-batiga-ulasmak","status":"publish","type":"post","link":"https:\/\/www.kibrishost.com\/tak\/erhurman-su-anda-butun-konsantrasyonumuz-derindeki-batiga-ulasmak\/","title":{"rendered":"Erh\u00fcrman: \u201c\u015eu anda b\u00fct\u00fcn konsantrasyonumuz derindeki bat\u0131\u011fa ula\u015fmak\u201d"},"content":{"rendered":"<p>Cumhurba\u015fkan\u0131 Tufan Erh\u00fcrman ve Ba\u015fbakan \u00dcnal \u00dcstel, Girne Liman\u0131\u2019nda bekleyen ailelerin yan\u0131na geldi, bilgi verdi.<\/p>\n<p>Erh\u00fcrman burada yapt\u0131\u011f\u0131 a\u00e7\u0131klamada, son derece hassas bir \u00e7al\u0131\u015fma y\u00fcr\u00fct\u00fcld\u00fc\u011f\u00fcn\u00fc ve zaman alaca\u011f\u0131n\u0131 belirterek, TCG I\u015f\u0131n\u2019\u0131n bug\u00fcn \u00e7al\u0131\u015fmalara ba\u015flad\u0131\u011f\u0131n\u0131 yar\u0131n itibar\u0131yla da TCG Alemdar adl\u0131 ikinci bir geminin Girne\u2019de olaca\u011f\u0131n\u0131 ve \u00e7al\u0131\u015fmalara destek verece\u011fini s\u00f6yledi.<\/p>\n<p>Rakamlar\u0131n net oldu\u011funu dile getiren Erh\u00fcrman, 20 ki\u015finin kay\u0131p oldu\u011funu, 8 ki\u015finin hayat\u0131n\u0131 kaybetti\u011fini ve hepsinin te\u015fhis edildi\u011fini kaydetti.<\/p>\n<p>\u201cAc\u0131n\u0131z\u0131 y\u00fcre\u011fimde hissediyorum, bu anlat\u0131labilir bir ac\u0131 de\u011fil\u201d diyen Erh\u00fcrman, \u201c\u015eu anda b\u00fct\u00fcn konsantrasyonumuz derindeki bat\u0131\u011fa ula\u015fmak ve oradan ula\u015fabilece\u011fimizi her \u015feyi su y\u00fcz\u00fcne \u00e7\u0131karmak\u201d diye konu\u015ftu.<\/p>\n<p>Yarg\u0131daki i\u015flemlerin de h\u0131zla devam etti\u011fini ifade eden Erh\u00fcrman, idari ve teknik \u00e7al\u0131\u015fman\u0131n da s\u00fcrd\u00fcr\u00fcld\u00fc\u011f\u00fcn\u00fc s\u00f6yledi.<\/p>\n<p>Rakamlar konusunda \u015f\u00fcphe olmad\u0131\u011f\u0131n\u0131 yineleyen Erh\u00fcrman, \u201c\u015eu anda d\u00fcnyada bulunan en ileri teknolojiye sahip olan gemi geldi. Yar\u0131n gelecek gemi de destek i\u00e7in gelecek\u201d dedi.<\/p>\n<p>Erh\u00fcrman, aileleri belli aral\u0131klarla bilgilendirmeye devam edeceklerini belirtti.<\/p>\n<p>Cumhurba\u015fkan\u0131 Erh\u00fcrman, \u00e7al\u0131\u015fman\u0131n \u00e7ok yava\u015f s\u00fcrd\u00fcr\u00fclece\u011fini kaydederek, \u201c\u0130n\u015fallah bug\u00fcn belli bir noktada size bilgi verebilece\u011fiz. Bug\u00fcn arzu etti\u011fimiz sonu\u00e7lara ula\u015famazsak bu vazge\u00e7ece\u011fimiz anlam\u0131na gelmiyor. Yar\u0131n ikinci geminin deste\u011fiyle \u00e7al\u0131\u015fmalar devam edecek\u201d dedi.<\/p>\n<p>Haber: Afet \u0130lban\u00a0\u00a0\u00a0\u00a0 <\/p>\n<p>Foto\u011fraf: Timu\u00e7in Y\u0131ld\u0131r\u0131m<\/p>\n<\/p>\n<p><img decoding=\"async\" width=\"863\" height=\"575\" src=\"https:\/\/www.kibrishost.com\/tak\/wp-content\/uploads\/2026\/09\/erhurman-su-anda-butun-konsantrasyonumuz-derindeki-batiga-ulasmak-1.jpeg\" class=\"aligncenter wp-image-150726\" alt=\"Erh\u00fcrman: \u201c\u015eu anda b\u00fct\u00fcn konsantrasyonumuz derindeki bat\u0131\u011fa ula\u015fmak\u201d\" loading=\"lazy\" srcset=\"https:\/\/www.kibrishost.com\/tak\/wp-content\/uploads\/2026\/09\/erhurman-su-anda-butun-konsantrasyonumuz-derindeki-batiga-ulasmak-1.jpeg 863w, https:\/\/www.kibrishost.com\/tak\/wp-content\/uploads\/2026\/09\/erhurman-su-anda-butun-konsantrasyonumuz-derindeki-batiga-ulasmak-1-300x200.jpeg 300w, https:\/\/www.kibrishost.com\/tak\/wp-content\/uploads\/2026\/09\/erhurman-su-anda-butun-konsantrasyonumuz-derindeki-batiga-ulasmak-1-768x512.jpeg 768w\" sizes=\"(max-width: 863px) 100vw, 863px\" \/><\/p>\n<p><img decoding=\"async\" width=\"1024\" height=\"683\" src=\"https:\/\/www.kibrishost.com\/tak\/wp-content\/uploads\/2026\/09\/erhurman-su-anda-butun-konsantrasyonumuz-derindeki-batiga-ulasmak-2-1024x683.jpeg\" class=\"aligncenter wp-image-150727\" alt=\"Erh\u00fcrman: \u201c\u015eu anda b\u00fct\u00fcn konsantrasyonumuz derindeki bat\u0131\u011fa ula\u015fmak\u201d\" loading=\"lazy\" srcset=\"https:\/\/www.kibrishost.com\/tak\/wp-content\/uploads\/2026\/09\/erhurman-su-anda-butun-konsantrasyonumuz-derindeki-batiga-ulasmak-2-1024x683.jpeg 1024w, https:\/\/www.kibrishost.com\/tak\/wp-content\/uploads\/2026\/09\/erhurman-su-anda-butun-konsantrasyonumuz-derindeki-batiga-ulasmak-2-300x200.jpeg 300w, https:\/\/www.kibrishost.com\/tak\/wp-content\/uploads\/2026\/09\/erhurman-su-anda-butun-konsantrasyonumuz-derindeki-batiga-ulasmak-2-768x512.jpeg 768w, https:\/\/www.kibrishost.com\/tak\/wp-content\/uploads\/2026\/09\/erhurman-su-anda-butun-konsantrasyonumuz-derindeki-batiga-ulasmak-2-1536x1024.jpeg 1536w, https:\/\/www.kibrishost.com\/tak\/wp-content\/uploads\/2026\/09\/erhurman-su-anda-butun-konsantrasyonumuz-derindeki-batiga-ulasmak-2.jpeg 1620w\" sizes=\"(max-width: 1024px) 100vw, 1024px\" \/><\/p>\n","protected":false},"excerpt":{"rendered":"<p>Cumhurba\u015fkan\u0131 Tufan Erh\u00fcrman ve Ba\u015fbakan \u00dcnal \u00dcstel, Girne Liman\u0131\u2019nda bekleyen ailelerin yan\u0131na geldi, bilgi verdi. Erh\u00fcrman burada yapt\u0131\u011f\u0131 a\u00e7\u0131klamada, son derece hassas bir \u00e7al\u0131\u015fma y\u00fcr\u00fct\u00fcld\u00fc\u011f\u00fcn\u00fc ve zaman alaca\u011f\u0131n\u0131 belirterek, TCG I\u015f\u0131n\u2019\u0131n bug\u00fcn \u00e7al\u0131\u015fmalara ba\u015flad\u0131\u011f\u0131n\u0131 yar\u0131n itibar\u0131yla da TCG Alemdar adl\u0131 ikinci bir geminin Girne\u2019de olaca\u011f\u0131n\u0131 ve \u00e7al\u0131\u015fmalara destek verece\u011fini s\u00f6yledi. Rakamlar\u0131n net oldu\u011funu dile getiren &hellip;<\/p>\n","protected":false},"author":1,"featured_media":150725,"comment_status":"open","ping_status":"open","sticky":false,"template":"","format":"standard","meta":{"footnotes":""},"categories":[2],"tags":[3158,9225,48698,5275,48697,494,48696,14297],"class_list":["post-150724","post","type-post","status-publish","format-standard","has-post-thumbnail","hentry","category-kibris","tag-su","tag-anda","tag-batiga","tag-butun","tag-derindeki","tag-erhurman","tag-konsantrasyonumuz","tag-ulasmak"],"_links":{"self":[{"href":"https:\/\/www.kibrishost.com\/tak\/wp-json\/wp\/v2\/posts\/150724"}],"collection":[{"href":"https:\/\/www.kibrishost.com\/tak\/wp-json\/wp\/v2\/posts"}],"about":[{"href":"https:\/\/www.kibrishost.com\/tak\/wp-json\/wp\/v2\/types\/post"}],"author":[{"embeddable":true,"href":"https:\/\/www.kibrishost.com\/tak\/wp-json\/wp\/v2\/users\/1"}],"replies":[{"embeddable":true,"href":"https:\/\/www.kibrishost.com\/tak\/wp-json\/wp\/v2\/comments?post=150724"}],"version-history":[{"count":1,"href":"https:\/\/www.kibrishost.com\/tak\/wp-json\/wp\/v2\/posts\/150724\/revisions"}],"predecessor-version":[{"id":150728,"href":"https:\/\/www.kibrishost.com\/tak\/wp-json\/wp\/v2\/posts\/150724\/revisions\/150728"}],"wp:featuredmedia":[{"embeddable":true,"href":"https:\/\/www.kibrishost.com\/tak\/wp-json\/wp\/v2\/media\/150725"}],"wp:attachment":[{"href":"https:\/\/www.kibrishost.com\/tak\/wp-json\/wp\/v2\/media?parent=150724"}],"wp:term":[{"taxonomy":"category","embeddable":true,"href":"https:\/\/www.kibrishost.com\/tak\/wp-json\/wp\/v2\/categories?post=150724"},{"taxonomy":"post_tag","embeddable":true,"href":"https:\/\/www.kibrishost.com\/tak\/wp-json\/wp\/v2\/tags?post=150724"}],"curies":[{"name":"wp","href":"https:\/\/api.w.org\/{rel}","templated":true}]}}