{"id":150722,"date":"2026-09-01T14:20:30","date_gmt":"2026-09-01T11:20:30","guid":{"rendered":"https:\/\/www.kibrishost.com\/tak\/girnede-batan-yolcu-gemisinde-hayatini-kaybeden-14-yasindaki-nisa-torerin-cenazesi-gaziantepte-defnedildi\/"},"modified":"2026-09-01T14:20:30","modified_gmt":"2026-09-01T11:20:30","slug":"girnede-batan-yolcu-gemisinde-hayatini-kaybeden-14-yasindaki-nisa-torerin-cenazesi-gaziantepte-defnedildi","status":"publish","type":"post","link":"https:\/\/www.kibrishost.com\/tak\/girnede-batan-yolcu-gemisinde-hayatini-kaybeden-14-yasindaki-nisa-torerin-cenazesi-gaziantepte-defnedildi\/","title":{"rendered":"Girne\u2019de batan yolcu gemisinde hayat\u0131n\u0131 kaybeden 14 ya\u015f\u0131ndaki Nisa T\u00f6rer&#8217;in cenazesi Gaziantep&#8217;te defnedildi"},"content":{"rendered":"<p>Girne\u2019de alabora olan gemide hayat\u0131n\u0131 kaybeden 14 ya\u015f\u0131ndaki Nisa T\u00f6rer&#8217;in cenazesi, Gaziantep&#8217;te topra\u011fa verildi.<\/p>\n<p>Asri Mezarl\u0131k morgundan al\u0131nan T\u00f6rer&#8217;in cenazesi Ye\u015filkent Mezarl\u0131\u011f\u0131&#8217;na getirildi.<\/p>\n<p>Burada d\u00fczenlenen cenaze t\u00f6renine T\u00f6rer&#8217;in ailesi, Vali Yard\u0131mc\u0131s\u0131 \u0130lker Eker ile vatanda\u015flar kat\u0131ld\u0131.<\/p>\n<p>Ayn\u0131 kazada kurtulan T\u00f6rer&#8217;in karde\u015fleri 11 ya\u015f\u0131ndaki Yusuf ile 10 ya\u015f\u0131ndaki Yunus&#8217;un fenala\u015ft\u0131\u011f\u0131 ve yak\u0131nlar\u0131 taraf\u0131ndan cenazeden uzakla\u015ft\u0131r\u0131ld\u0131\u011f\u0131 \u00f6\u011frenildi.<\/p>\n<p>Bu arada, yakla\u015f\u0131k 4 y\u0131l \u00f6nce annesi G\u00fcne\u015f&#8217;i kanser nedeniyle kaybetti\u011fi \u00f6\u011frenilen Nisa T\u00f6rer&#8217;in ayn\u0131 gemide bulunan babas\u0131 Ferdi T\u00f6rer&#8217;i arama \u00e7al\u0131\u015fmalar\u0131n\u0131n da s\u00fcrd\u00fc\u011f\u00fc belirtildi.<\/p>\n<p>&#8211; T\u00f6rer ailesinin yak\u0131n\u0131: \u201cKKTC&#8217;deki halas\u0131n\u0131n yan\u0131na tatile gitmi\u015flerdi\u201d<\/p>\n<p>T\u00f6rer ailesinin yak\u0131n\u0131 Mustafa \u00c7an, gazetecilere yapt\u0131\u011f\u0131 a\u00e7\u0131klamada, ailenin hem akrabalar\u0131 hem de kom\u015fular\u0131 olduklar\u0131n\u0131 belirterek, &#8220;4 y\u0131l \u00f6nce anneleri vefat etmi\u015fti. Ferdi a\u011fabey y\u0131ll\u0131k izne ayr\u0131l\u0131p \u00e7ocuklar\u0131yla, KKTC&#8217;deki halas\u0131n\u0131n yan\u0131na tatile gitmi\u015flerdi. D\u00f6nerken bu elim olay oldu. \u015eu an k\u0131z\u0131m\u0131za ula\u015ft\u0131k, bug\u00fcn defnettik. Ferdi T\u00f6rer kay\u0131p, halen haber yok. 10 ve 11 ya\u015flar\u0131nda 2 \u00e7ocuklar\u0131 var, \u00e7ok \u015f\u00fck\u00fcr onlar sa\u011f salim kurtuldu.&#8221; diye konu\u015ftu.<\/p>\n<p>&#8211; \u201cSu\u00e7lular\u0131n en a\u011f\u0131r \u015fekilde cezaland\u0131r\u0131lmalar\u0131n\u0131 istiyoruz\u201d<\/p>\n<p>\u00c7an, soru\u015fturmayla ilgili de &#8220;Su\u00e7lular\u0131n en a\u011f\u0131r \u015fekilde cezaland\u0131r\u0131lmalar\u0131n\u0131 istiyoruz. Bir\u00e7ok aile kayboldu, \u00e7ocuklar \u00f6ld\u00fc. \u015eu an b\u00fct\u00fcn T\u00fcrkiye olarak y\u00fcre\u011fimiz yan\u0131yor. Bu ac\u0131 hepimizin ac\u0131s\u0131 sadece bizim de\u011fil.&#8221; dedi.<\/p><\/p>\n","protected":false},"excerpt":{"rendered":"<p>Girne\u2019de alabora olan gemide hayat\u0131n\u0131 kaybeden 14 ya\u015f\u0131ndaki Nisa T\u00f6rer&#8217;in cenazesi, Gaziantep&#8217;te topra\u011fa verildi. Asri Mezarl\u0131k morgundan al\u0131nan T\u00f6rer&#8217;in cenazesi Ye\u015filkent Mezarl\u0131\u011f\u0131&#8217;na getirildi. Burada d\u00fczenlenen cenaze t\u00f6renine T\u00f6rer&#8217;in ailesi, Vali Yard\u0131mc\u0131s\u0131 \u0130lker Eker ile vatanda\u015flar kat\u0131ld\u0131. Ayn\u0131 kazada kurtulan T\u00f6rer&#8217;in karde\u015fleri 11 ya\u015f\u0131ndaki Yusuf ile 10 ya\u015f\u0131ndaki Yunus&#8217;un fenala\u015ft\u0131\u011f\u0131 ve yak\u0131nlar\u0131 taraf\u0131ndan cenazeden uzakla\u015ft\u0131r\u0131ld\u0131\u011f\u0131 \u00f6\u011frenildi. &hellip;<\/p>\n","protected":false},"author":1,"featured_media":150723,"comment_status":"open","ping_status":"open","sticky":false,"template":"","format":"standard","meta":{"footnotes":""},"categories":[3],"tags":[1542,6411,17926,4673,33168,2116,676,3634,48694,48695,1148,706],"class_list":["post-150722","post","type-post","status-publish","format-standard","has-post-thumbnail","hentry","category-turkiye","tag-batan","tag-cenazesi","tag-defnedildi","tag-gaziantepte","tag-gemisinde","tag-girnede","tag-hayatini","tag-kaybeden","tag-nisa","tag-torerin","tag-yasindaki","tag-yolcu"],"_links":{"self":[{"href":"https:\/\/www.kibrishost.com\/tak\/wp-json\/wp\/v2\/posts\/150722"}],"collection":[{"href":"https:\/\/www.kibrishost.com\/tak\/wp-json\/wp\/v2\/posts"}],"about":[{"href":"https:\/\/www.kibrishost.com\/tak\/wp-json\/wp\/v2\/types\/post"}],"author":[{"embeddable":true,"href":"https:\/\/www.kibrishost.com\/tak\/wp-json\/wp\/v2\/users\/1"}],"replies":[{"embeddable":true,"href":"https:\/\/www.kibrishost.com\/tak\/wp-json\/wp\/v2\/comments?post=150722"}],"version-history":[{"count":0,"href":"https:\/\/www.kibrishost.com\/tak\/wp-json\/wp\/v2\/posts\/150722\/revisions"}],"wp:featuredmedia":[{"embeddable":true,"href":"https:\/\/www.kibrishost.com\/tak\/wp-json\/wp\/v2\/media\/150723"}],"wp:attachment":[{"href":"https:\/\/www.kibrishost.com\/tak\/wp-json\/wp\/v2\/media?parent=150722"}],"wp:term":[{"taxonomy":"category","embeddable":true,"href":"https:\/\/www.kibrishost.com\/tak\/wp-json\/wp\/v2\/categories?post=150722"},{"taxonomy":"post_tag","embeddable":true,"href":"https:\/\/www.kibrishost.com\/tak\/wp-json\/wp\/v2\/tags?post=150722"}],"curies":[{"name":"wp","href":"https:\/\/api.w.org\/{rel}","templated":true}]}}