{"id":150720,"date":"2026-09-01T14:20:19","date_gmt":"2026-09-01T11:20:19","guid":{"rendered":"https:\/\/www.kibrishost.com\/tak\/bkpden-1-eylul-dunya-baris-gunu-mesaji\/"},"modified":"2026-09-01T14:20:19","modified_gmt":"2026-09-01T11:20:19","slug":"bkpden-1-eylul-dunya-baris-gunu-mesaji","status":"publish","type":"post","link":"https:\/\/www.kibrishost.com\/tak\/bkpden-1-eylul-dunya-baris-gunu-mesaji\/","title":{"rendered":"BKP\u2019den 1 Eyl\u00fcl D\u00fcnya Bar\u0131\u015f G\u00fcn\u00fc mesaj\u0131"},"content":{"rendered":"<p>Birle\u015fik K\u0131br\u0131s Partisi (BKP) Merkez Y\u00fcr\u00fctme Kurulu,\u00a0K\u0131br\u0131s sorununun \u00e7\u00f6z\u00fcm\u00fc ve bar\u0131\u015f\u0131n k\u00f6kle\u015fmesi i\u00e7in m\u00fccadeleye kararl\u0131l\u0131kla devam edilece\u011fini bildirdi.\u00a0<\/p>\n<p>BKP Merkez Y\u00fcr\u00fctme Kurulu\u00a01 Eyl\u00fcl D\u00fcnya Bar\u0131\u015f G\u00fcn\u00fc sebebiyle mesaj yay\u0131mlayarak, \u201c\u00d6zg\u00fcrl\u00fck ve bar\u0131\u015f i\u00e7in m\u00fccadeleye devam.\u201d ifadelerini kulland\u0131.\u00a0 \u00a0 \u00a0 \u00a0 \u00a0\u00a0<\/p>\n<p>Mesajda, 1 Eyl\u00fcl D\u00fcnya Bar\u0131\u015f G\u00fcn\u00fc\u2019nde, t\u00fcm d\u00fcnya ve yurdun bar\u0131\u015fa her zamankinden daha fazla ihtiya\u00e7 duydu\u011funu belirtilerek,\u00a0t\u00fcm bar\u0131\u015f ve demokrasi g\u00fc\u00e7lerinin birinci \u00f6nceli\u011finin erken \u00e7\u00f6z\u00fcm ve 52 y\u0131ll\u0131k b\u00f6l\u00fcnm\u00fc\u015fl\u00fc\u011f\u00fcn sonland\u0131r\u0131lmas\u0131 oldu\u011fu kaydedildi.\u00a0<\/p>\n<p>Yerel ve evrensel bar\u0131\u015f g\u00fc\u00e7leri ile birlikte hareket ederek, emperyalist sava\u015flara ve kapitalist s\u00f6m\u00fcr\u00fcye kar\u015f\u0131 m\u00fccadeleye devam edilece\u011fi ifade edilen mesajda, BKP\u2019nin, ba\u015fta Filistin halk\u0131 olmak \u00fczere, \u00f6zg\u00fcrl\u00fck ve bar\u0131\u015f m\u00fccadelesi veren d\u00fcnya halklar\u0131 ile dayan\u0131\u015fmas\u0131n\u0131 kararl\u0131 bir \u015fekilde s\u00fcrd\u00fcrece\u011fi belirtildi.<\/p>\n<p>\u00a0(DER\/TU\u011e)<\/p><\/p>\n","protected":false},"excerpt":{"rendered":"<p>Birle\u015fik K\u0131br\u0131s Partisi (BKP) Merkez Y\u00fcr\u00fctme Kurulu,\u00a0K\u0131br\u0131s sorununun \u00e7\u00f6z\u00fcm\u00fc ve bar\u0131\u015f\u0131n k\u00f6kle\u015fmesi i\u00e7in m\u00fccadeleye kararl\u0131l\u0131kla devam edilece\u011fini bildirdi.\u00a0 BKP Merkez Y\u00fcr\u00fctme Kurulu\u00a01 Eyl\u00fcl D\u00fcnya Bar\u0131\u015f G\u00fcn\u00fc sebebiyle mesaj yay\u0131mlayarak, \u201c\u00d6zg\u00fcrl\u00fck ve bar\u0131\u015f i\u00e7in m\u00fccadeleye devam.\u201d ifadelerini kulland\u0131.\u00a0 \u00a0 \u00a0 \u00a0 \u00a0\u00a0 Mesajda, 1 Eyl\u00fcl D\u00fcnya Bar\u0131\u015f G\u00fcn\u00fc\u2019nde, t\u00fcm d\u00fcnya ve yurdun bar\u0131\u015fa her zamankinden daha &hellip;<\/p>\n","protected":false},"author":1,"featured_media":150721,"comment_status":"open","ping_status":"open","sticky":false,"template":"","format":"standard","meta":{"footnotes":""},"categories":[2],"tags":[416,20923,226,3166,607,2548],"class_list":["post-150720","post","type-post","status-publish","format-standard","has-post-thumbnail","hentry","category-kibris","tag-baris","tag-bkpden","tag-dunya","tag-eylul","tag-gunu","tag-mesaji"],"_links":{"self":[{"href":"https:\/\/www.kibrishost.com\/tak\/wp-json\/wp\/v2\/posts\/150720"}],"collection":[{"href":"https:\/\/www.kibrishost.com\/tak\/wp-json\/wp\/v2\/posts"}],"about":[{"href":"https:\/\/www.kibrishost.com\/tak\/wp-json\/wp\/v2\/types\/post"}],"author":[{"embeddable":true,"href":"https:\/\/www.kibrishost.com\/tak\/wp-json\/wp\/v2\/users\/1"}],"replies":[{"embeddable":true,"href":"https:\/\/www.kibrishost.com\/tak\/wp-json\/wp\/v2\/comments?post=150720"}],"version-history":[{"count":0,"href":"https:\/\/www.kibrishost.com\/tak\/wp-json\/wp\/v2\/posts\/150720\/revisions"}],"wp:featuredmedia":[{"embeddable":true,"href":"https:\/\/www.kibrishost.com\/tak\/wp-json\/wp\/v2\/media\/150721"}],"wp:attachment":[{"href":"https:\/\/www.kibrishost.com\/tak\/wp-json\/wp\/v2\/media?parent=150720"}],"wp:term":[{"taxonomy":"category","embeddable":true,"href":"https:\/\/www.kibrishost.com\/tak\/wp-json\/wp\/v2\/categories?post=150720"},{"taxonomy":"post_tag","embeddable":true,"href":"https:\/\/www.kibrishost.com\/tak\/wp-json\/wp\/v2\/tags?post=150720"}],"curies":[{"name":"wp","href":"https:\/\/api.w.org\/{rel}","templated":true}]}}