{"id":150716,"date":"2026-09-01T13:50:29","date_gmt":"2026-09-01T10:50:29","guid":{"rendered":"https:\/\/www.kibrishost.com\/tak\/girnede-gemi-kazasinda-yasamini-yitiren-nihat-balyemezin-cenazesi-gaziantepte-defnedildi\/"},"modified":"2026-09-01T13:50:29","modified_gmt":"2026-09-01T10:50:29","slug":"girnede-gemi-kazasinda-yasamini-yitiren-nihat-balyemezin-cenazesi-gaziantepte-defnedildi","status":"publish","type":"post","link":"https:\/\/www.kibrishost.com\/tak\/girnede-gemi-kazasinda-yasamini-yitiren-nihat-balyemezin-cenazesi-gaziantepte-defnedildi\/","title":{"rendered":"Girne\u2019de gemi kazas\u0131nda ya\u015fam\u0131n\u0131 yitiren Nihat Balyemez&#8217;in cenazesi Gaziantep&#8217;te defnedildi"},"content":{"rendered":"<p>Girne a\u00e7\u0131klar\u0131nda yolcu gemisinin alabora olmas\u0131 sonucu hayat\u0131n\u0131 kaybeden 56 ya\u015f\u0131ndaki Nihat Balyemez&#8217;in cenazesi, Gaziantep&#8217;te topra\u011fa verildi.<\/p>\n<p>KKTC&#8217;nin Girne Liman\u0131&#8217;ndan Mersin&#8217;in Silifke il\u00e7esindeki Ta\u015fucu Liman\u0131&#8217;na gitmek \u00fczere hareket eden geminin 30 A\u011fustos&#8217;ta alabora oldu\u011fu kazada ya\u015fam\u0131n\u0131 yitiren Balyemez&#8217;in cenazesi, k\u0131l\u0131nan namaz\u0131n ard\u0131ndan Asri Mezarl\u0131k&#8217;ta topra\u011fa verildi.<\/p>\n<p>&#8211; Arkada\u015f\u0131 olay an\u0131n\u0131 anlatt\u0131: &#8220;Gemideki herkes ayakland\u0131, &#8216;Bu ne b\u00f6yle, olmaz&#8217; dediler, &#8216;Geri d\u00f6n&#8217; dediler\u201d<\/p>\n<p>Balyemez ile ayn\u0131 gemide bulunan arkada\u015f\u0131 Mehmet Tuga, gazetecilere yapt\u0131\u011f\u0131 a\u00e7\u0131klamada, ailecek g\u00f6r\u00fc\u015ft\u00fckleri Balyemez&#8217;in g\u00fcler y\u00fczl\u00fc bir insan oldu\u011funu s\u00f6yledi.<\/p>\n<p>Geminin hareket etmesinin ard\u0131ndan sesler duymaya ba\u015flad\u0131klar\u0131n\u0131 belirten Mehmet Tuga, \u015funlar\u0131 kaydetti:<\/p>\n<p>&#8220;Gemideki herkes ayakland\u0131, &#8216;Bu ne b\u00f6yle, olmaz&#8217; dediler, &#8216;Geri d\u00f6n&#8217; dediler. Biraz a\u00e7\u0131ld\u0131ktan sonra gemi su almaya ba\u015flad\u0131. Kaptan geri d\u00f6nmeye \u00e7al\u0131\u015f\u0131rken \u00f6n taraf koptu ve su almaya ba\u015flad\u0131. Nihat a\u011fabey can yele\u011fini giydi. Bulundu\u011fu yerden \u00e7\u0131kmak isterken kafas\u0131n\u0131 bir yerlere vurdu, muhtemelen orada hayat\u0131n\u0131 kaybetti. \u00c7ok b\u00fcy\u00fck bir felaket atlatt\u0131k.&#8221;<\/p><\/p>\n","protected":false},"excerpt":{"rendered":"<p>Girne a\u00e7\u0131klar\u0131nda yolcu gemisinin alabora olmas\u0131 sonucu hayat\u0131n\u0131 kaybeden 56 ya\u015f\u0131ndaki Nihat Balyemez&#8217;in cenazesi, Gaziantep&#8217;te topra\u011fa verildi. KKTC&#8217;nin Girne Liman\u0131&#8217;ndan Mersin&#8217;in Silifke il\u00e7esindeki Ta\u015fucu Liman\u0131&#8217;na gitmek \u00fczere hareket eden geminin 30 A\u011fustos&#8217;ta alabora oldu\u011fu kazada ya\u015fam\u0131n\u0131 yitiren Balyemez&#8217;in cenazesi, k\u0131l\u0131nan namaz\u0131n ard\u0131ndan Asri Mezarl\u0131k&#8217;ta topra\u011fa verildi. &#8211; Arkada\u015f\u0131 olay an\u0131n\u0131 anlatt\u0131: &#8220;Gemideki herkes ayakland\u0131, &#8216;Bu &hellip;<\/p>\n","protected":false},"author":1,"featured_media":150717,"comment_status":"open","ping_status":"open","sticky":false,"template":"","format":"standard","meta":{"footnotes":""},"categories":[3],"tags":[48691,6411,17926,4673,16445,2116,1972,4592,3196,3197],"class_list":["post-150716","post","type-post","status-publish","format-standard","has-post-thumbnail","hentry","category-turkiye","tag-balyemezin","tag-cenazesi","tag-defnedildi","tag-gaziantepte","tag-gemi","tag-girnede","tag-kazasinda","tag-nihat","tag-yasamini","tag-yitiren"],"_links":{"self":[{"href":"https:\/\/www.kibrishost.com\/tak\/wp-json\/wp\/v2\/posts\/150716"}],"collection":[{"href":"https:\/\/www.kibrishost.com\/tak\/wp-json\/wp\/v2\/posts"}],"about":[{"href":"https:\/\/www.kibrishost.com\/tak\/wp-json\/wp\/v2\/types\/post"}],"author":[{"embeddable":true,"href":"https:\/\/www.kibrishost.com\/tak\/wp-json\/wp\/v2\/users\/1"}],"replies":[{"embeddable":true,"href":"https:\/\/www.kibrishost.com\/tak\/wp-json\/wp\/v2\/comments?post=150716"}],"version-history":[{"count":0,"href":"https:\/\/www.kibrishost.com\/tak\/wp-json\/wp\/v2\/posts\/150716\/revisions"}],"wp:featuredmedia":[{"embeddable":true,"href":"https:\/\/www.kibrishost.com\/tak\/wp-json\/wp\/v2\/media\/150717"}],"wp:attachment":[{"href":"https:\/\/www.kibrishost.com\/tak\/wp-json\/wp\/v2\/media?parent=150716"}],"wp:term":[{"taxonomy":"category","embeddable":true,"href":"https:\/\/www.kibrishost.com\/tak\/wp-json\/wp\/v2\/categories?post=150716"},{"taxonomy":"post_tag","embeddable":true,"href":"https:\/\/www.kibrishost.com\/tak\/wp-json\/wp\/v2\/tags?post=150716"}],"curies":[{"name":"wp","href":"https:\/\/api.w.org\/{rel}","templated":true}]}}