{"id":150710,"date":"2026-09-01T13:30:43","date_gmt":"2026-09-01T10:30:43","guid":{"rendered":"https:\/\/www.kibrishost.com\/tak\/sol-hareket-insan-hayati-ihmalin-ve-denetimsizligin-bedelini-odeyemez\/"},"modified":"2026-09-01T13:30:43","modified_gmt":"2026-09-01T10:30:43","slug":"sol-hareket-insan-hayati-ihmalin-ve-denetimsizligin-bedelini-odeyemez","status":"publish","type":"post","link":"https:\/\/www.kibrishost.com\/tak\/sol-hareket-insan-hayati-ihmalin-ve-denetimsizligin-bedelini-odeyemez\/","title":{"rendered":"Sol Hareket : \u201c\u0130nsan hayat\u0131 ihmalin ve denetimsizli\u011fin bedelini \u00f6deyemez\u201d"},"content":{"rendered":"<p>Sol Hareket, insan hayat\u0131 s\u00f6z konusu oldu\u011funda hi\u00e7bir alanda denetimsizli\u011fe, ihmale ve sorumsuzlu\u011fa yer olamayaca\u011f\u0131n\u0131 vurgulad\u0131.<\/p>\n<p>Sol Hareket yapt\u0131\u011f\u0131 a\u00e7\u0131klamada, Girne a\u00e7\u0131klar\u0131nda meydana gelen deniz facias\u0131nda ya\u015fam\u0131n\u0131 yitirenlerin yak\u0131nlar\u0131na ba\u015fsa\u011fl\u0131\u011f\u0131, kurtar\u0131lanlara ge\u00e7mi\u015f olsun dileklerini iletti.<\/p>\n<p>Sol Hareket, \u201cKKTC\u2019de insan ya\u015fam\u0131n\u0131 ikinci plana atan, denetimsizli\u011fi ola\u011fanla\u015ft\u0131ran ve hesap vermekten ka\u00e7\u0131nan y\u00f6netim anlay\u0131\u015f\u0131n\u0131 kabul etmiyoruz\u201d dedi.<\/p>\n<p>Bu olay\u0131n, yolcu ta\u015f\u0131mac\u0131l\u0131\u011f\u0131nda g\u00fcvenlik ve denetim mekanizmalar\u0131n\u0131n ne durumda oldu\u011funun t\u00fcm y\u00f6nleriyle ortaya \u00e7\u0131kar\u0131lmas\u0131n\u0131 zorunlu k\u0131ld\u0131\u011f\u0131n\u0131 belirten Sol Hareket, insan hayat\u0131 s\u00f6z konusu oldu\u011funda hi\u00e7bir alanda denetimsizli\u011fe, ihmale ve sorumsuzlu\u011fa yer olamayaca\u011f\u0131n\u0131 vurgulad\u0131.<\/p>\n<p>Sol Hareket, bu facian\u0131n nedenleri ve sorumluluk zincirinin hi\u00e7bir ku\u015fkuya yer b\u0131rakmayacak bi\u00e7imde ara\u015ft\u0131r\u0131lmas\u0131; geminin teknik yeterlili\u011finden sefer ko\u015fullar\u0131na, ruhsatland\u0131rmadan denetim s\u00fcre\u00e7lerine kadar t\u00fcm ayr\u0131nt\u0131lar\u0131n kamuoyuyla \u015feffaf bi\u00e7imde payla\u015f\u0131lmas\u0131 gerekti\u011fini s\u00f6yledi.<\/p>\n<p>Ula\u015ft\u0131rmadan sorumlu makamlar ba\u015fta olmak \u00fczere, denetim ve izin s\u00fcre\u00e7lerinde sorumlulu\u011fu bulunan herkesin siyasi ve idari sorumlulu\u011funun hesab\u0131n\u0131 vermesi gerekti\u011fini dile getiren Sol Hareket, \u201cErhan Ar\u0131kl\u0131, ula\u015ft\u0131rmadan sorumlu bakan olarak siyasi sorumlulu\u011fu \u00fcstlenmeli ve istifa etmelidir. Olas\u0131 ihmal ve kusurlar konusunda ba\u011f\u0131ms\u0131z ve kapsaml\u0131 bir soru\u015fturma derhal ba\u015flat\u0131lmal\u0131d\u0131r\u201d dedi.<\/p><\/p>\n","protected":false},"excerpt":{"rendered":"<p>Sol Hareket, insan hayat\u0131 s\u00f6z konusu oldu\u011funda hi\u00e7bir alanda denetimsizli\u011fe, ihmale ve sorumsuzlu\u011fa yer olamayaca\u011f\u0131n\u0131 vurgulad\u0131. Sol Hareket yapt\u0131\u011f\u0131 a\u00e7\u0131klamada, Girne a\u00e7\u0131klar\u0131nda meydana gelen deniz facias\u0131nda ya\u015fam\u0131n\u0131 yitirenlerin yak\u0131nlar\u0131na ba\u015fsa\u011fl\u0131\u011f\u0131, kurtar\u0131lanlara ge\u00e7mi\u015f olsun dileklerini iletti. Sol Hareket, \u201cKKTC\u2019de insan ya\u015fam\u0131n\u0131 ikinci plana atan, denetimsizli\u011fi ola\u011fanla\u015ft\u0131ran ve hesap vermekten ka\u00e7\u0131nan y\u00f6netim anlay\u0131\u015f\u0131n\u0131 kabul etmiyoruz\u201d dedi. Bu &hellip;<\/p>\n","protected":false},"author":1,"featured_media":150711,"comment_status":"open","ping_status":"open","sticky":false,"template":"","format":"standard","meta":{"footnotes":""},"categories":[2],"tags":[9782,48690,2508,3398,48689,86,33128,3144],"class_list":["post-150710","post","type-post","status-publish","format-standard","has-post-thumbnail","hentry","category-kibris","tag-bedelini","tag-denetimsizligin","tag-hareket","tag-hayati","tag-ihmalin","tag-insan","tag-odeyemez","tag-sol"],"_links":{"self":[{"href":"https:\/\/www.kibrishost.com\/tak\/wp-json\/wp\/v2\/posts\/150710"}],"collection":[{"href":"https:\/\/www.kibrishost.com\/tak\/wp-json\/wp\/v2\/posts"}],"about":[{"href":"https:\/\/www.kibrishost.com\/tak\/wp-json\/wp\/v2\/types\/post"}],"author":[{"embeddable":true,"href":"https:\/\/www.kibrishost.com\/tak\/wp-json\/wp\/v2\/users\/1"}],"replies":[{"embeddable":true,"href":"https:\/\/www.kibrishost.com\/tak\/wp-json\/wp\/v2\/comments?post=150710"}],"version-history":[{"count":0,"href":"https:\/\/www.kibrishost.com\/tak\/wp-json\/wp\/v2\/posts\/150710\/revisions"}],"wp:featuredmedia":[{"embeddable":true,"href":"https:\/\/www.kibrishost.com\/tak\/wp-json\/wp\/v2\/media\/150711"}],"wp:attachment":[{"href":"https:\/\/www.kibrishost.com\/tak\/wp-json\/wp\/v2\/media?parent=150710"}],"wp:term":[{"taxonomy":"category","embeddable":true,"href":"https:\/\/www.kibrishost.com\/tak\/wp-json\/wp\/v2\/categories?post=150710"},{"taxonomy":"post_tag","embeddable":true,"href":"https:\/\/www.kibrishost.com\/tak\/wp-json\/wp\/v2\/tags?post=150710"}],"curies":[{"name":"wp","href":"https:\/\/api.w.org\/{rel}","templated":true}]}}