{"id":150706,"date":"2026-09-01T13:20:29","date_gmt":"2026-09-01T10:20:29","guid":{"rendered":"https:\/\/www.kibrishost.com\/tak\/girnede-gemi-kazasinda-yasamini-yitiren-ozdemirin-cenazesi-mersinde-defnedildi\/"},"modified":"2026-09-01T13:20:42","modified_gmt":"2026-09-01T10:20:42","slug":"girnede-gemi-kazasinda-yasamini-yitiren-ozdemirin-cenazesi-mersinde-defnedildi","status":"publish","type":"post","link":"https:\/\/www.kibrishost.com\/tak\/girnede-gemi-kazasinda-yasamini-yitiren-ozdemirin-cenazesi-mersinde-defnedildi\/","title":{"rendered":"Girne\u2019de gemi kazas\u0131nda ya\u015fam\u0131n\u0131 yitiren \u00d6zdemir&#8217;in cenazesi Mersin&#8217;de defnedildi"},"content":{"rendered":"<p>Mersin, 1 Eyl\u00fcl 26 (TAK) &#8211; Girne a\u00e7\u0131klar\u0131nda yolcu gemisinin alabora olmas\u0131 sonucu ya\u015fam\u0131n\u0131 yitiren H\u00fcseyin \u00d6zdemir&#8217;in cenazesi, Mersin&#8217;in Silifke il\u00e7esinde topra\u011fa verildi.<\/p>\n<p>Girne Liman\u0131&#8217;ndan Mersin&#8217;in Silifke il\u00e7esindeki Ta\u015fucu Liman\u0131&#8217;na gitmek i\u00e7in demir alan geminin 30 A\u011fustos&#8217;ta alabora oldu\u011fu kazada hayat\u0131n\u0131 kaybeden \u00d6zdemir&#8217;in naa\u015f\u0131, Silifke&#8217;de Nuru Mahallesi&#8217;ndeki mezarl\u0131kta topra\u011fa verildi.<\/p>\n<p>&#8211; D\u00fc\u011f\u00fcnden d\u00f6n\u00fcyorlard\u0131<\/p>\n<p>\u00d6len \u00d6zdemir&#8217;in, e\u015fi \u015eerif \u00d6zdemir, damad\u0131 Hakk\u0131 \u015eahin, k\u0131zlar\u0131 \u015eeng\u00fcl \u015eahin ve Kamuran \u00dcnal ile bir yak\u0131nlar\u0131n\u0131n d\u00fc\u011f\u00fcn\u00fcne kat\u0131lmak i\u00e7in KKTC&#8217;ye gittikleri, Mersin&#8217;e d\u00f6nmek i\u00e7in bindikleri yolcu gemisinde kazaya kar\u0131\u015ft\u0131klar\u0131 \u00f6\u011frenildi. H\u00fcseyin \u00d6zdemir&#8217;in e\u015finin kay\u0131p oldu\u011fu, k\u0131zlar\u0131 ve damad\u0131n\u0131n ise kurtar\u0131ld\u0131klar\u0131 belirtildi.<\/p>\n<p>&#8211; Girne a\u00e7\u0131klar\u0131nda alabora olan gemi<\/p>\n<p>Girne Liman\u0131 ile Mersin&#8217;deki Ta\u015fucu Liman\u0131 aras\u0131nda sefer yapan hatta bulunan &#8220;Filo Jet&#8221; isimli y\u00fcksek h\u0131zl\u0131 yolcu gemisi, pazar g\u00fcn\u00fc \u00f6\u011fle saatlerinde Girne&#8217;den hareket ettikten k\u0131sa s\u00fcre sonra \u00f6n k\u0131sm\u0131ndan su almaya ba\u015flam\u0131\u015ft\u0131. Girne Liman\u0131&#8217;na d\u00f6nmeye \u00e7al\u0131\u015ft\u0131\u011f\u0131 s\u0131rada alabora olan gemiden 241 ki\u015fi sa\u011f kurtar\u0131lm\u0131\u015f, 8 ki\u015finin cenazesine ula\u015f\u0131lm\u0131\u015f, kay\u0131p 20 ki\u015fi i\u00e7in arama \u00e7al\u0131\u015fmas\u0131 ba\u015flat\u0131lm\u0131\u015ft\u0131.<\/p>\n<p>Geminin batan enkaz\u0131n\u0131n, denizin 514 metre derinli\u011finde bulundu\u011fu bildirilmi\u015fti.<\/p>\n<p><img decoding=\"async\" width=\"1024\" height=\"680\" src=\"https:\/\/www.kibrishost.com\/tak\/wp-content\/uploads\/2026\/09\/girnede-gemi-kazasinda-yasamini-yitiren-ozdemirin-cenazesi-mersinde-defnedildi-1-1024x680.jpeg\" class=\"aligncenter wp-image-150708\" alt=\"Girne\u2019de gemi kazas\u0131nda ya\u015fam\u0131n\u0131 yitiren \u00d6zdemir&#039;in cenazesi Mersin&#039;de defnedildi\" loading=\"lazy\" srcset=\"https:\/\/www.kibrishost.com\/tak\/wp-content\/uploads\/2026\/09\/girnede-gemi-kazasinda-yasamini-yitiren-ozdemirin-cenazesi-mersinde-defnedildi-1-1024x680.jpeg 1024w, https:\/\/www.kibrishost.com\/tak\/wp-content\/uploads\/2026\/09\/girnede-gemi-kazasinda-yasamini-yitiren-ozdemirin-cenazesi-mersinde-defnedildi-1-300x199.jpeg 300w, https:\/\/www.kibrishost.com\/tak\/wp-content\/uploads\/2026\/09\/girnede-gemi-kazasinda-yasamini-yitiren-ozdemirin-cenazesi-mersinde-defnedildi-1-768x510.jpeg 768w, https:\/\/www.kibrishost.com\/tak\/wp-content\/uploads\/2026\/09\/girnede-gemi-kazasinda-yasamini-yitiren-ozdemirin-cenazesi-mersinde-defnedildi-1-1536x1020.jpeg 1536w, https:\/\/www.kibrishost.com\/tak\/wp-content\/uploads\/2026\/09\/girnede-gemi-kazasinda-yasamini-yitiren-ozdemirin-cenazesi-mersinde-defnedildi-1-2048x1360.jpeg 2048w\" sizes=\"(max-width: 1024px) 100vw, 1024px\" \/><\/p>\n","protected":false},"excerpt":{"rendered":"<p>Mersin, 1 Eyl\u00fcl 26 (TAK) &#8211; Girne a\u00e7\u0131klar\u0131nda yolcu gemisinin alabora olmas\u0131 sonucu ya\u015fam\u0131n\u0131 yitiren H\u00fcseyin \u00d6zdemir&#8217;in cenazesi, Mersin&#8217;in Silifke il\u00e7esinde topra\u011fa verildi. Girne Liman\u0131&#8217;ndan Mersin&#8217;in Silifke il\u00e7esindeki Ta\u015fucu Liman\u0131&#8217;na gitmek i\u00e7in demir alan geminin 30 A\u011fustos&#8217;ta alabora oldu\u011fu kazada hayat\u0131n\u0131 kaybeden \u00d6zdemir&#8217;in naa\u015f\u0131, Silifke&#8217;de Nuru Mahallesi&#8217;ndeki mezarl\u0131kta topra\u011fa verildi. &#8211; D\u00fc\u011f\u00fcnden d\u00f6n\u00fcyorlard\u0131 \u00d6len \u00d6zdemir&#8217;in, &hellip;<\/p>\n","protected":false},"author":1,"featured_media":150707,"comment_status":"open","ping_status":"open","sticky":false,"template":"","format":"standard","meta":{"footnotes":""},"categories":[3],"tags":[6411,17926,16445,2116,1972,1428,48688,3196,3197],"class_list":["post-150706","post","type-post","status-publish","format-standard","has-post-thumbnail","hentry","category-turkiye","tag-cenazesi","tag-defnedildi","tag-gemi","tag-girnede","tag-kazasinda","tag-mersinde","tag-ozdemirin","tag-yasamini","tag-yitiren"],"_links":{"self":[{"href":"https:\/\/www.kibrishost.com\/tak\/wp-json\/wp\/v2\/posts\/150706"}],"collection":[{"href":"https:\/\/www.kibrishost.com\/tak\/wp-json\/wp\/v2\/posts"}],"about":[{"href":"https:\/\/www.kibrishost.com\/tak\/wp-json\/wp\/v2\/types\/post"}],"author":[{"embeddable":true,"href":"https:\/\/www.kibrishost.com\/tak\/wp-json\/wp\/v2\/users\/1"}],"replies":[{"embeddable":true,"href":"https:\/\/www.kibrishost.com\/tak\/wp-json\/wp\/v2\/comments?post=150706"}],"version-history":[{"count":1,"href":"https:\/\/www.kibrishost.com\/tak\/wp-json\/wp\/v2\/posts\/150706\/revisions"}],"predecessor-version":[{"id":150709,"href":"https:\/\/www.kibrishost.com\/tak\/wp-json\/wp\/v2\/posts\/150706\/revisions\/150709"}],"wp:featuredmedia":[{"embeddable":true,"href":"https:\/\/www.kibrishost.com\/tak\/wp-json\/wp\/v2\/media\/150707"}],"wp:attachment":[{"href":"https:\/\/www.kibrishost.com\/tak\/wp-json\/wp\/v2\/media?parent=150706"}],"wp:term":[{"taxonomy":"category","embeddable":true,"href":"https:\/\/www.kibrishost.com\/tak\/wp-json\/wp\/v2\/categories?post=150706"},{"taxonomy":"post_tag","embeddable":true,"href":"https:\/\/www.kibrishost.com\/tak\/wp-json\/wp\/v2\/tags?post=150706"}],"curies":[{"name":"wp","href":"https:\/\/api.w.org\/{rel}","templated":true}]}}