{"id":150704,"date":"2026-09-01T13:20:20","date_gmt":"2026-09-01T10:20:20","guid":{"rendered":"https:\/\/www.kibrishost.com\/tak\/ozersay-ariklinin-sorusturmanin-selameti-icin-bu-surede-o-gorevde-kalmasi-sakincalidir\/"},"modified":"2026-09-01T13:20:20","modified_gmt":"2026-09-01T10:20:20","slug":"ozersay-ariklinin-sorusturmanin-selameti-icin-bu-surede-o-gorevde-kalmasi-sakincalidir","status":"publish","type":"post","link":"https:\/\/www.kibrishost.com\/tak\/ozersay-ariklinin-sorusturmanin-selameti-icin-bu-surede-o-gorevde-kalmasi-sakincalidir\/","title":{"rendered":"\u00d6zersay: \u201cAr\u0131kl\u0131\u2019n\u0131n soru\u015fturman\u0131n selameti i\u00e7in bu s\u00fcrede o g\u00f6revde kalmas\u0131 sak\u0131ncal\u0131d\u0131r\u201d"},"content":{"rendered":"<p>Halk\u0131n Partisi Genel Ba\u015fkan\u0131 Kudret \u00d6zersay, Ula\u015ft\u0131rma Bakan\u0131 Erhan Ar\u0131kl\u0131\u2019n\u0131n devam eden soru\u015fturma s\u00fcrecinin selameti ve sa\u011fl\u0131kl\u0131 y\u00fcr\u00fct\u00fclebilmesi i\u00e7in Ba\u015fbakan \u00dcstel taraf\u0131ndan g\u00f6revden al\u0131nmas\u0131 \u00e7a\u011fr\u0131s\u0131 yapt\u0131.<\/p>\n<p>Yapt\u0131\u011f\u0131 yaz\u0131l\u0131 a\u00e7\u0131klamada, Ula\u015ft\u0131rma Bakan\u0131n\u0131n su\u00e7lu olup olmad\u0131\u011f\u0131na karar verecek konumda olmad\u0131\u011f\u0131n\u0131 vurgulayan \u00d6zersay \u201cAncak bu soru\u015fturman\u0131n selameti ve ger\u00e7e\u011fin ortaya \u00e7\u0131kabilmesi i\u00e7in Erhan beyin ge\u00e7ici bir s\u00fcre i\u00e7in dahi olsa o g\u00f6revden ayr\u0131lmas\u0131, s\u00fcrecin \u00f6n\u00fcn\u00fc a\u00e7mas\u0131 en do\u011fru karar olacakt\u0131r. Bunu kendisi yapmayacaksa \u00dcnal beyin yapmas\u0131 bir di\u011fer se\u00e7enektir\u201d dedi. <\/p>\n<p>-\u201cDelillerin karart\u0131lmas\u0131 ihtimali var\u201d<\/p>\n<p>\u00d6zersay a\u00e7\u0131klamas\u0131nda \u015fu ifadelere yer verdi;<\/p>\n<p>\u201cUla\u015ft\u0131rma Bakanl\u0131\u011f\u0131na ba\u011fl\u0131 limanlar ve di\u011fer birimler gerek geminin yeterlili\u011fi gerekse kaptan ve m\u00fcrettebat\u0131n belgeleriyle ilgili olarak yap\u0131lacak soru\u015fturmada Bakan\u2019\u0131n hiyerar\u015fik otoritesine ba\u011fl\u0131d\u0131r ve delillerin karart\u0131lmas\u0131, yok edilmesi gibi ihtimaller dikkate al\u0131nd\u0131\u011f\u0131nda bu s\u00fcre\u00e7 devam ederken Bakan\u2019\u0131n g\u00f6revde olmas\u0131 riskler i\u00e7ermektedir. <\/p>\n<p>Ula\u015ft\u0131rma Bakan\u0131n\u0131n ihmali var veya kusurludur demiyorum, bunu diyebilecek durumda da de\u011filim ama ger\u00e7e\u011fin ortaya \u00e7\u0131kabilmesi i\u00e7in o g\u00f6revde kalmamas\u0131 gerekir diye d\u00fc\u015f\u00fcn\u00fcyorum. Kendisi istifa etmeyi d\u00fc\u015f\u00fcnm\u00fcyor, bu \u00e7ok belli ancak \u00dcnal beyin kendisini g\u00f6revden almas\u0131 bir di\u011fer se\u00e7enek olarak orada duruyor\u201d ifadelerini kulland\u0131.<\/p><\/p>\n","protected":false},"excerpt":{"rendered":"<p>Halk\u0131n Partisi Genel Ba\u015fkan\u0131 Kudret \u00d6zersay, Ula\u015ft\u0131rma Bakan\u0131 Erhan Ar\u0131kl\u0131\u2019n\u0131n devam eden soru\u015fturma s\u00fcrecinin selameti ve sa\u011fl\u0131kl\u0131 y\u00fcr\u00fct\u00fclebilmesi i\u00e7in Ba\u015fbakan \u00dcstel taraf\u0131ndan g\u00f6revden al\u0131nmas\u0131 \u00e7a\u011fr\u0131s\u0131 yapt\u0131. Yapt\u0131\u011f\u0131 yaz\u0131l\u0131 a\u00e7\u0131klamada, Ula\u015ft\u0131rma Bakan\u0131n\u0131n su\u00e7lu olup olmad\u0131\u011f\u0131na karar verecek konumda olmad\u0131\u011f\u0131n\u0131 vurgulayan \u00d6zersay \u201cAncak bu soru\u015fturman\u0131n selameti ve ger\u00e7e\u011fin ortaya \u00e7\u0131kabilmesi i\u00e7in Erhan beyin ge\u00e7ici bir s\u00fcre i\u00e7in &hellip;<\/p>\n","protected":false},"author":1,"featured_media":150705,"comment_status":"open","ping_status":"open","sticky":false,"template":"","format":"standard","meta":{"footnotes":""},"categories":[2],"tags":[11927,17754,116,40750,915,48687,48686,12643,3752],"class_list":["post-150704","post","type-post","status-publish","format-standard","has-post-thumbnail","hentry","category-kibris","tag-ariklinin","tag-gorevde","tag-icin","tag-kalmasi","tag-ozersay","tag-sakincalidir","tag-selameti","tag-sorusturmanin","tag-surede"],"_links":{"self":[{"href":"https:\/\/www.kibrishost.com\/tak\/wp-json\/wp\/v2\/posts\/150704"}],"collection":[{"href":"https:\/\/www.kibrishost.com\/tak\/wp-json\/wp\/v2\/posts"}],"about":[{"href":"https:\/\/www.kibrishost.com\/tak\/wp-json\/wp\/v2\/types\/post"}],"author":[{"embeddable":true,"href":"https:\/\/www.kibrishost.com\/tak\/wp-json\/wp\/v2\/users\/1"}],"replies":[{"embeddable":true,"href":"https:\/\/www.kibrishost.com\/tak\/wp-json\/wp\/v2\/comments?post=150704"}],"version-history":[{"count":0,"href":"https:\/\/www.kibrishost.com\/tak\/wp-json\/wp\/v2\/posts\/150704\/revisions"}],"wp:featuredmedia":[{"embeddable":true,"href":"https:\/\/www.kibrishost.com\/tak\/wp-json\/wp\/v2\/media\/150705"}],"wp:attachment":[{"href":"https:\/\/www.kibrishost.com\/tak\/wp-json\/wp\/v2\/media?parent=150704"}],"wp:term":[{"taxonomy":"category","embeddable":true,"href":"https:\/\/www.kibrishost.com\/tak\/wp-json\/wp\/v2\/categories?post=150704"},{"taxonomy":"post_tag","embeddable":true,"href":"https:\/\/www.kibrishost.com\/tak\/wp-json\/wp\/v2\/tags?post=150704"}],"curies":[{"name":"wp","href":"https:\/\/api.w.org\/{rel}","templated":true}]}}