{"id":150702,"date":"2026-09-01T13:11:06","date_gmt":"2026-09-01T10:11:06","guid":{"rendered":"https:\/\/www.kibrishost.com\/tak\/sehir-plancilari-odasindan-yat-limani-ve-marina-projesi-tanitim-toplantisiyla-ilgili-elestiri\/"},"modified":"2026-09-01T13:11:06","modified_gmt":"2026-09-01T10:11:06","slug":"sehir-plancilari-odasindan-yat-limani-ve-marina-projesi-tanitim-toplantisiyla-ilgili-elestiri","status":"publish","type":"post","link":"https:\/\/www.kibrishost.com\/tak\/sehir-plancilari-odasindan-yat-limani-ve-marina-projesi-tanitim-toplantisiyla-ilgili-elestiri\/","title":{"rendered":"\u015eehir Planc\u0131lar\u0131 Odas\u0131&#8217;ndan &#8220;Yat Liman\u0131 ve Marina Projesi&#8221; tan\u0131t\u0131m toplant\u0131s\u0131yla ilgili ele\u015ftiri&#8230;"},"content":{"rendered":"<p>\u015eehir Planc\u0131lar\u0131 Odas\u0131, Gazima\u011fusa \u201cYat Liman\u0131 ve Marina Projesi\u201dne ili\u015fkin tan\u0131t\u0131m toplant\u0131s\u0131na KTMMOB b\u00fcnyesinde faaliyet g\u00f6steren ilgili meslek odalar\u0131n\u0131n davet edilmemesini ele\u015ftirerek, bunun; kat\u0131l\u0131mc\u0131l\u0131k, \u015feffafl\u0131k ve bilimsel planlama ilkeleriyle ba\u011fda\u015fmad\u0131\u011f\u0131n\u0131 belirtti.<\/p>\n<p>Odadan yap\u0131lan yaz\u0131l\u0131 a\u00e7\u0131klamada, Turizm Bakanl\u0131\u011f\u0131 taraf\u0131ndan Laguna b\u00f6lgesinde ger\u00e7ekle\u015ftirilmesi planlanan projenin uygulanabilmesi i\u00e7in Gazima\u011fusa\u2013\u0130skele\u2013Yenibo\u011fazi\u00e7i \u0130mar Plan\u0131\u2019nda de\u011fi\u015fiklik yap\u0131lmas\u0131 gerekti\u011fi savunuldu.<\/p>\n<p>Bu sebeple, \u00f6nce \u015eehir Planlama Dairesi taraf\u0131ndan haz\u0131rlanacak plan de\u011fi\u015fikli\u011finin kamuoyuna sunularak ve g\u00f6r\u00fc\u015f ile itirazlar\u0131n al\u0131naca\u011f\u0131 yasal s\u00fcrecin eksiksiz i\u015fletilmesi gerekti\u011fi belirtilen a\u00e7\u0131klamada, Birle\u015fik Kurul\u2019a sunulan ve yay\u0131mlanmas\u0131 beklenen plan de\u011fi\u015fikli\u011finin bekletildi\u011fi kaydedildi. <\/p>\n<p>A\u00e7\u0131klamada, \u201cYeni plan de\u011fi\u015fiklikleri gerektiren projelerin oldu-bitti anlay\u0131\u015f\u0131yla g\u00fcndeme getirilmesi ciddi bir y\u00f6netim ve hukuk sorunudur. Planlama s\u00fcrecinde de\u011ferlendirilmemi\u015f ve gerekli yasal a\u015famalardan ge\u00e7irilmemi\u015f hi\u00e7bir projenin hukuki bir kar\u015f\u0131l\u0131\u011f\u0131 yoktur.\u201d denildi.<\/p>\n<p>Gazima\u011fusa Liman\u0131 \u00e7evresinin; sulak alanlar\u0131, lag\u00fcn yap\u0131lar\u0131, ku\u015f g\u00f6\u00e7 yollar\u0131 ve endemik t\u00fcrleriyle ekolojik a\u00e7\u0131dan kritik \u00f6neme sahip oldu\u011fu vurgulanan a\u00e7\u0131klamada, bu alanlar\u0131n yat\u0131r\u0131m amac\u0131yla yap\u0131la\u015fmaya a\u00e7\u0131lamayaca\u011f\u0131 ve \u201ckamu yarar\u0131 g\u00f6z ard\u0131 edilerek pe\u015fke\u015f \u00e7ekilemeyece\u011fi\u201d ifade edildi. <\/p>\n<p>Yetkili makamlar\u0131n; hukuka, bilimsel planlama ilkeleri ile kamu yarar\u0131na uygun hareket etmeye, b\u00f6lgenin ekolojik de\u011ferlerini korumaya, plan de\u011fi\u015fikli\u011fi s\u00fcrecini \u015feffaf ve kat\u0131l\u0131mc\u0131 bi\u00e7imde y\u00fcr\u00fctmeye davet edildi\u011fi a\u00e7\u0131klamada projelerin planlama s\u00fcre\u00e7lerinin \u00f6n\u00fcne ge\u00e7irilmesine, do\u011fal alanlar\u0131n yat\u0131r\u0131m amac\u0131yla yap\u0131la\u015fmaya a\u00e7\u0131lmas\u0131na ve ilgili meslek \u00f6rg\u00fctlerinin s\u00fcre\u00e7 d\u0131\u015f\u0131nda b\u0131rak\u0131lmas\u0131na sessiz kal\u0131nmayaca\u011f\u0131 belirtildi.<\/p>\n<\/p>\n<p>\u00a0<\/p>\n<p>(DER\/\u00d6Z)\u00a0<\/p>\n","protected":false},"excerpt":{"rendered":"<p>\u015eehir Planc\u0131lar\u0131 Odas\u0131, Gazima\u011fusa \u201cYat Liman\u0131 ve Marina Projesi\u201dne ili\u015fkin tan\u0131t\u0131m toplant\u0131s\u0131na KTMMOB b\u00fcnyesinde faaliyet g\u00f6steren ilgili meslek odalar\u0131n\u0131n davet edilmemesini ele\u015ftirerek, bunun; kat\u0131l\u0131mc\u0131l\u0131k, \u015feffafl\u0131k ve bilimsel planlama ilkeleriyle ba\u011fda\u015fmad\u0131\u011f\u0131n\u0131 belirtti. Odadan yap\u0131lan yaz\u0131l\u0131 a\u00e7\u0131klamada, Turizm Bakanl\u0131\u011f\u0131 taraf\u0131ndan Laguna b\u00f6lgesinde ger\u00e7ekle\u015ftirilmesi planlanan projenin uygulanabilmesi i\u00e7in Gazima\u011fusa\u2013\u0130skele\u2013Yenibo\u011fazi\u00e7i \u0130mar Plan\u0131\u2019nda de\u011fi\u015fiklik yap\u0131lmas\u0131 gerekti\u011fi savunuldu. Bu sebeple, \u00f6nce &hellip;<\/p>\n","protected":false},"author":1,"featured_media":150703,"comment_status":"open","ping_status":"open","sticky":false,"template":"","format":"standard","meta":{"footnotes":""},"categories":[2],"tags":[1307,2322,5106,21758,2332,3713,3668,3712,3390,1981,29991],"class_list":["post-150702","post","type-post","status-publish","format-standard","has-post-thumbnail","hentry","category-kibris","tag-elestiri","tag-ilgili","tag-limani","tag-marina","tag-odasindan","tag-plancilari","tag-projesi","tag-sehir","tag-tanitim","tag-toplantisiyla","tag-yat"],"_links":{"self":[{"href":"https:\/\/www.kibrishost.com\/tak\/wp-json\/wp\/v2\/posts\/150702"}],"collection":[{"href":"https:\/\/www.kibrishost.com\/tak\/wp-json\/wp\/v2\/posts"}],"about":[{"href":"https:\/\/www.kibrishost.com\/tak\/wp-json\/wp\/v2\/types\/post"}],"author":[{"embeddable":true,"href":"https:\/\/www.kibrishost.com\/tak\/wp-json\/wp\/v2\/users\/1"}],"replies":[{"embeddable":true,"href":"https:\/\/www.kibrishost.com\/tak\/wp-json\/wp\/v2\/comments?post=150702"}],"version-history":[{"count":0,"href":"https:\/\/www.kibrishost.com\/tak\/wp-json\/wp\/v2\/posts\/150702\/revisions"}],"wp:featuredmedia":[{"embeddable":true,"href":"https:\/\/www.kibrishost.com\/tak\/wp-json\/wp\/v2\/media\/150703"}],"wp:attachment":[{"href":"https:\/\/www.kibrishost.com\/tak\/wp-json\/wp\/v2\/media?parent=150702"}],"wp:term":[{"taxonomy":"category","embeddable":true,"href":"https:\/\/www.kibrishost.com\/tak\/wp-json\/wp\/v2\/categories?post=150702"},{"taxonomy":"post_tag","embeddable":true,"href":"https:\/\/www.kibrishost.com\/tak\/wp-json\/wp\/v2\/tags?post=150702"}],"curies":[{"name":"wp","href":"https:\/\/api.w.org\/{rel}","templated":true}]}}