{"id":150698,"date":"2026-09-01T13:10:12","date_gmt":"2026-09-01T10:10:12","guid":{"rendered":"https:\/\/www.kibrishost.com\/tak\/nepaldeki-sel-felaketi-olenlerin-sayisi-bini-kayip-sayisi-uc-bini-asti\/"},"modified":"2026-09-01T13:10:53","modified_gmt":"2026-09-01T10:10:53","slug":"nepaldeki-sel-felaketi-olenlerin-sayisi-bini-kayip-sayisi-uc-bini-asti","status":"publish","type":"post","link":"https:\/\/www.kibrishost.com\/tak\/nepaldeki-sel-felaketi-olenlerin-sayisi-bini-kayip-sayisi-uc-bini-asti\/","title":{"rendered":"Nepal\u2019deki sel felaketi: \u00d6lenlerin say\u0131s\u0131 bini, kay\u0131p say\u0131s\u0131 \u00fc\u00e7 bini a\u015ft\u0131"},"content":{"rendered":"<p>Nepal&#8217;in \u00c7in s\u0131n\u0131r\u0131na yak\u0131n Rasuwa b\u00f6lgesi ve \u00e7evresinde meydana gelen selde \u00f6l\u00fc say\u0131s\u0131n\u0131n bini a\u015ft\u0131\u011f\u0131 bildirildi.<\/p>\n<p>Nepal Ulusal Afet Riskinin Azalt\u0131lmas\u0131 ve Y\u00f6netimi Kurumunun X hesab\u0131ndan, \u00fclkenin \u00c7in s\u0131n\u0131r\u0131na yak\u0131n b\u00f6lgelerini etkileyen felaket nedeniyle meydana gelen sele ili\u015fkin a\u00e7\u0131klama yap\u0131ld\u0131.<\/p>\n<p>A\u00e7\u0131klamada, selden etkilenen \u00e7e\u015fitli b\u00f6lgelerde \u00f6lenlerin say\u0131s\u0131n\u0131n 1003&#8217;e y\u00fckseldi\u011fi, 583&#8217;\u00fc yabanc\u0131 uyruklu olmak \u00fczere kay\u0131p 3 bin 916 ki\u015fiyi arama kurtarma \u00e7al\u0131\u015fmalar\u0131n\u0131n s\u00fcrd\u00fc\u011f\u00fc belirtildi.<\/p>\n<p>Arama kurtarma \u00e7al\u0131\u015fmalar\u0131nda 21 bin 314 g\u00fcvenlik personelinin g\u00f6revlendirildi\u011fi ifade edilen a\u00e7\u0131klamada, selden etkilenen b\u00f6lgeye yard\u0131m malzemesi g\u00f6nderildi\u011fi kaydedildi.<\/p>\n<p>\u00d6te yandan, Nepal&#8217;deki sel nedeniyle \u00c7in&#8217;in Tibet \u00d6zerk B\u00f6lgesi&#8217;nde ya\u015fam\u0131n\u0131 yitirenlerin say\u0131s\u0131n\u0131n 16&#8217;ya y\u00fckseldi\u011fi belirtilmi\u015fti.<\/p>\n<p>&#8211; Uzmanlar, buzul \u00e7\u00f6kmesine i\u015faret ediyor<\/p>\n<p>Nepal&#8217;in Rasuwa b\u00f6lgesinde 26 A\u011fustos&#8217;ta sel meydana gelmi\u015f, sel sular\u0131 nedeniyle d\u00fczinelerce k\u00f6pr\u00fcn\u00fcn y\u0131k\u0131ld\u0131\u011f\u0131, yollar\u0131n hasar ald\u0131\u011f\u0131 ve arama kurtarma \u00e7al\u0131\u015fmalar\u0131 i\u00e7in helikopterlerin sevk edildi\u011fi bildirilmi\u015fti.<\/p>\n<p>Sel \u00f6ncesi b\u00f6lgede ilk olarak deprem meydana geldi\u011fini a\u00e7\u0131klayan ABD Jeolojik Ara\u015ft\u0131rmalar Merkezi, verilerini g\u00fcncelleyerek 5,2 b\u00fcy\u00fckl\u00fc\u011f\u00fcndeki sismik hareketin kayna\u011f\u0131n\u0131n buzul \u00e7\u00f6kmesi oldu\u011funu ifade etmi\u015fti.<\/p>\n<p>Merkezi Katmandu&#8217;da bulunan Uluslararas\u0131 Da\u011fl\u0131k Kalk\u0131nma Merkezi&#8217;nde g\u00f6revli uzmanlar, selin b\u00f6lgedeki da\u011fl\u0131k alandan kopan buzul par\u00e7alar\u0131n\u0131n tetikledi\u011fi \u00e7\u0131\u011f nedeniyle meydana geldi\u011fini belirtmi\u015fti.<\/p>\n<\/p>\n<p><img decoding=\"async\" width=\"1024\" height=\"683\" src=\"https:\/\/www.kibrishost.com\/tak\/wp-content\/uploads\/2026\/09\/nepaldeki-sel-felaketi-olenlerin-sayisi-bini-kayip-sayisi-uc-bini-asti-1-1024x683.jpeg\" class=\"aligncenter wp-image-150700\" alt=\"Nepal\u2019deki sel felaketi: \u00d6lenlerin say\u0131s\u0131 bini, kay\u0131p say\u0131s\u0131 \u00fc\u00e7 bini a\u015ft\u0131\" loading=\"lazy\" srcset=\"https:\/\/www.kibrishost.com\/tak\/wp-content\/uploads\/2026\/09\/nepaldeki-sel-felaketi-olenlerin-sayisi-bini-kayip-sayisi-uc-bini-asti-1-1024x683.jpeg 1024w, https:\/\/www.kibrishost.com\/tak\/wp-content\/uploads\/2026\/09\/nepaldeki-sel-felaketi-olenlerin-sayisi-bini-kayip-sayisi-uc-bini-asti-1-300x200.jpeg 300w, https:\/\/www.kibrishost.com\/tak\/wp-content\/uploads\/2026\/09\/nepaldeki-sel-felaketi-olenlerin-sayisi-bini-kayip-sayisi-uc-bini-asti-1-768x512.jpeg 768w, https:\/\/www.kibrishost.com\/tak\/wp-content\/uploads\/2026\/09\/nepaldeki-sel-felaketi-olenlerin-sayisi-bini-kayip-sayisi-uc-bini-asti-1-1536x1024.jpeg 1536w, https:\/\/www.kibrishost.com\/tak\/wp-content\/uploads\/2026\/09\/nepaldeki-sel-felaketi-olenlerin-sayisi-bini-kayip-sayisi-uc-bini-asti-1-2048x1365.jpeg 2048w\" sizes=\"(max-width: 1024px) 100vw, 1024px\" \/><\/p>\n","protected":false},"excerpt":{"rendered":"<p>Nepal&#8217;in \u00c7in s\u0131n\u0131r\u0131na yak\u0131n Rasuwa b\u00f6lgesi ve \u00e7evresinde meydana gelen selde \u00f6l\u00fc say\u0131s\u0131n\u0131n bini a\u015ft\u0131\u011f\u0131 bildirildi. Nepal Ulusal Afet Riskinin Azalt\u0131lmas\u0131 ve Y\u00f6netimi Kurumunun X hesab\u0131ndan, \u00fclkenin \u00c7in s\u0131n\u0131r\u0131na yak\u0131n b\u00f6lgelerini etkileyen felaket nedeniyle meydana gelen sele ili\u015fkin a\u00e7\u0131klama yap\u0131ld\u0131. A\u00e7\u0131klamada, selden etkilenen \u00e7e\u015fitli b\u00f6lgelerde \u00f6lenlerin say\u0131s\u0131n\u0131n 1003&#8217;e y\u00fckseldi\u011fi, 583&#8217;\u00fc yabanc\u0131 uyruklu olmak \u00fczere kay\u0131p &hellip;<\/p>\n","protected":false},"author":1,"featured_media":150699,"comment_status":"open","ping_status":"open","sticky":false,"template":"","format":"standard","meta":{"footnotes":""},"categories":[4],"tags":[2279,2278,7209,4047,9662,332,333,685,846],"class_list":["post-150698","post","type-post","status-publish","format-standard","has-post-thumbnail","hentry","category-dunya","tag-asti","tag-bini","tag-felaketi","tag-kayip","tag-nepaldeki","tag-olenlerin","tag-sayisi","tag-sel","tag-uc"],"_links":{"self":[{"href":"https:\/\/www.kibrishost.com\/tak\/wp-json\/wp\/v2\/posts\/150698"}],"collection":[{"href":"https:\/\/www.kibrishost.com\/tak\/wp-json\/wp\/v2\/posts"}],"about":[{"href":"https:\/\/www.kibrishost.com\/tak\/wp-json\/wp\/v2\/types\/post"}],"author":[{"embeddable":true,"href":"https:\/\/www.kibrishost.com\/tak\/wp-json\/wp\/v2\/users\/1"}],"replies":[{"embeddable":true,"href":"https:\/\/www.kibrishost.com\/tak\/wp-json\/wp\/v2\/comments?post=150698"}],"version-history":[{"count":1,"href":"https:\/\/www.kibrishost.com\/tak\/wp-json\/wp\/v2\/posts\/150698\/revisions"}],"predecessor-version":[{"id":150701,"href":"https:\/\/www.kibrishost.com\/tak\/wp-json\/wp\/v2\/posts\/150698\/revisions\/150701"}],"wp:featuredmedia":[{"embeddable":true,"href":"https:\/\/www.kibrishost.com\/tak\/wp-json\/wp\/v2\/media\/150699"}],"wp:attachment":[{"href":"https:\/\/www.kibrishost.com\/tak\/wp-json\/wp\/v2\/media?parent=150698"}],"wp:term":[{"taxonomy":"category","embeddable":true,"href":"https:\/\/www.kibrishost.com\/tak\/wp-json\/wp\/v2\/categories?post=150698"},{"taxonomy":"post_tag","embeddable":true,"href":"https:\/\/www.kibrishost.com\/tak\/wp-json\/wp\/v2\/tags?post=150698"}],"curies":[{"name":"wp","href":"https:\/\/api.w.org\/{rel}","templated":true}]}}