{"id":150696,"date":"2026-09-01T13:00:48","date_gmt":"2026-09-01T10:00:48","guid":{"rendered":"https:\/\/www.kibrishost.com\/tak\/girnede-52-yasindaki-kisi-evinde-olu-bulundu\/"},"modified":"2026-09-01T13:00:48","modified_gmt":"2026-09-01T10:00:48","slug":"girnede-52-yasindaki-kisi-evinde-olu-bulundu","status":"publish","type":"post","link":"https:\/\/www.kibrishost.com\/tak\/girnede-52-yasindaki-kisi-evinde-olu-bulundu\/","title":{"rendered":"Girne\u2019de 52 ya\u015f\u0131ndaki ki\u015fi evinde \u00f6l\u00fc bulundu"},"content":{"rendered":"<p>Girne\u2019de ya\u015fayan 52 ya\u015f\u0131ndaki \u0130smail Uyan, bu sabah erken saatlerde evinde \u00f6l\u00fc bulundu.<\/p>\n<p>Polisten verilen bilgiye g\u00f6re, Uyan\u2019\u0131n cans\u0131z bedeni \u00fczerinde g\u00f6revli doktor taraf\u0131ndan yap\u0131lan fiziki muayenede, darp veya cebir izine rastlanmad\u0131.<\/p>\n<p>Uyan\u2019\u0131n \u00f6l\u00fcm sebebi otopsinin ard\u0131ndan belirlenecek. Olay hakk\u0131ndaki soru\u015fturma devam ediyor.<\/p><\/p>\n","protected":false},"excerpt":{"rendered":"<p>Girne\u2019de ya\u015fayan 52 ya\u015f\u0131ndaki \u0130smail Uyan, bu sabah erken saatlerde evinde \u00f6l\u00fc bulundu. Polisten verilen bilgiye g\u00f6re, Uyan\u2019\u0131n cans\u0131z bedeni \u00fczerinde g\u00f6revli doktor taraf\u0131ndan yap\u0131lan fiziki muayenede, darp veya cebir izine rastlanmad\u0131. Uyan\u2019\u0131n \u00f6l\u00fcm sebebi otopsinin ard\u0131ndan belirlenecek. Olay hakk\u0131ndaki soru\u015fturma devam ediyor.<\/p>\n","protected":false},"author":1,"featured_media":150697,"comment_status":"open","ping_status":"open","sticky":false,"template":"","format":"standard","meta":{"footnotes":""},"categories":[2],"tags":[541,2796,2116,303,1501,1148],"class_list":["post-150696","post","type-post","status-publish","format-standard","has-post-thumbnail","hentry","category-kibris","tag-bulundu","tag-evinde","tag-girnede","tag-kisi","tag-olu","tag-yasindaki"],"_links":{"self":[{"href":"https:\/\/www.kibrishost.com\/tak\/wp-json\/wp\/v2\/posts\/150696"}],"collection":[{"href":"https:\/\/www.kibrishost.com\/tak\/wp-json\/wp\/v2\/posts"}],"about":[{"href":"https:\/\/www.kibrishost.com\/tak\/wp-json\/wp\/v2\/types\/post"}],"author":[{"embeddable":true,"href":"https:\/\/www.kibrishost.com\/tak\/wp-json\/wp\/v2\/users\/1"}],"replies":[{"embeddable":true,"href":"https:\/\/www.kibrishost.com\/tak\/wp-json\/wp\/v2\/comments?post=150696"}],"version-history":[{"count":0,"href":"https:\/\/www.kibrishost.com\/tak\/wp-json\/wp\/v2\/posts\/150696\/revisions"}],"wp:featuredmedia":[{"embeddable":true,"href":"https:\/\/www.kibrishost.com\/tak\/wp-json\/wp\/v2\/media\/150697"}],"wp:attachment":[{"href":"https:\/\/www.kibrishost.com\/tak\/wp-json\/wp\/v2\/media?parent=150696"}],"wp:term":[{"taxonomy":"category","embeddable":true,"href":"https:\/\/www.kibrishost.com\/tak\/wp-json\/wp\/v2\/categories?post=150696"},{"taxonomy":"post_tag","embeddable":true,"href":"https:\/\/www.kibrishost.com\/tak\/wp-json\/wp\/v2\/tags?post=150696"}],"curies":[{"name":"wp","href":"https:\/\/api.w.org\/{rel}","templated":true}]}}