{"id":150694,"date":"2026-09-01T12:50:20","date_gmt":"2026-09-01T09:50:20","guid":{"rendered":"https:\/\/www.kibrishost.com\/tak\/elektrik-diregindeki-trafodan-cikan-kivilcimlar-yangina-neden-oldu\/"},"modified":"2026-09-01T12:50:20","modified_gmt":"2026-09-01T09:50:20","slug":"elektrik-diregindeki-trafodan-cikan-kivilcimlar-yangina-neden-oldu","status":"publish","type":"post","link":"https:\/\/www.kibrishost.com\/tak\/elektrik-diregindeki-trafodan-cikan-kivilcimlar-yangina-neden-oldu\/","title":{"rendered":"Elektrik dire\u011findeki trafodan \u00e7\u0131kan k\u0131v\u0131lc\u0131mlar yang\u0131na neden oldu"},"content":{"rendered":"<p>G\u00fcne\u015fk\u00f6y\u2019de Topel b\u00f6lgesinde d\u00fcn bir \u015fahsa ait bah\u00e7enin kenar\u0131nda bulunan elektrik dire\u011findeki trafodan \u00e7\u0131kan k\u0131v\u0131lc\u0131mlar yang\u0131na neden oldu.<\/p>\n<p>Polisten verilen bilgiye g\u00f6re, itfaiye ekipleri taraf\u0131ndan s\u00f6nd\u00fcr\u00fclen yang\u0131nda 34 narenciye ile 2 armut a\u011fac\u0131, 100 metre uzunlu\u011fundaki damlama lasti\u011fi ve 1 d\u00f6n\u00fcm kuru ot yand\u0131.<\/p>\n<p>Soru\u015fturma devam ediyor.<\/p>\n<\/p>\n<p>\u00a0<\/p>\n<\/p>\n<p>\u00a0<\/p><\/p>\n","protected":false},"excerpt":{"rendered":"<p>G\u00fcne\u015fk\u00f6y\u2019de Topel b\u00f6lgesinde d\u00fcn bir \u015fahsa ait bah\u00e7enin kenar\u0131nda bulunan elektrik dire\u011findeki trafodan \u00e7\u0131kan k\u0131v\u0131lc\u0131mlar yang\u0131na neden oldu. Polisten verilen bilgiye g\u00f6re, itfaiye ekipleri taraf\u0131ndan s\u00f6nd\u00fcr\u00fclen yang\u0131nda 34 narenciye ile 2 armut a\u011fac\u0131, 100 metre uzunlu\u011fundaki damlama lasti\u011fi ve 1 d\u00f6n\u00fcm kuru ot yand\u0131. Soru\u015fturma devam ediyor. \u00a0 \u00a0<\/p>\n","protected":false},"author":1,"featured_media":150695,"comment_status":"open","ping_status":"open","sticky":false,"template":"","format":"standard","meta":{"footnotes":""},"categories":[2],"tags":[11,48684,792,12746,1633,100,48685,12],"class_list":["post-150694","post","type-post","status-publish","format-standard","has-post-thumbnail","hentry","category-kibris","tag-cikan","tag-diregindeki","tag-elektrik","tag-kivilcimlar","tag-neden","tag-oldu","tag-trafodan","tag-yangina"],"_links":{"self":[{"href":"https:\/\/www.kibrishost.com\/tak\/wp-json\/wp\/v2\/posts\/150694"}],"collection":[{"href":"https:\/\/www.kibrishost.com\/tak\/wp-json\/wp\/v2\/posts"}],"about":[{"href":"https:\/\/www.kibrishost.com\/tak\/wp-json\/wp\/v2\/types\/post"}],"author":[{"embeddable":true,"href":"https:\/\/www.kibrishost.com\/tak\/wp-json\/wp\/v2\/users\/1"}],"replies":[{"embeddable":true,"href":"https:\/\/www.kibrishost.com\/tak\/wp-json\/wp\/v2\/comments?post=150694"}],"version-history":[{"count":0,"href":"https:\/\/www.kibrishost.com\/tak\/wp-json\/wp\/v2\/posts\/150694\/revisions"}],"wp:featuredmedia":[{"embeddable":true,"href":"https:\/\/www.kibrishost.com\/tak\/wp-json\/wp\/v2\/media\/150695"}],"wp:attachment":[{"href":"https:\/\/www.kibrishost.com\/tak\/wp-json\/wp\/v2\/media?parent=150694"}],"wp:term":[{"taxonomy":"category","embeddable":true,"href":"https:\/\/www.kibrishost.com\/tak\/wp-json\/wp\/v2\/categories?post=150694"},{"taxonomy":"post_tag","embeddable":true,"href":"https:\/\/www.kibrishost.com\/tak\/wp-json\/wp\/v2\/tags?post=150694"}],"curies":[{"name":"wp","href":"https:\/\/api.w.org\/{rel}","templated":true}]}}