{"id":150688,"date":"2026-09-01T12:30:22","date_gmt":"2026-09-01T09:30:22","guid":{"rendered":"https:\/\/www.kibrishost.com\/tak\/ustel-arama-kurtarma-calismalarimiz-ucuncu-gununde-de-araliksiz-devam-ediyor\/"},"modified":"2026-09-01T12:30:22","modified_gmt":"2026-09-01T09:30:22","slug":"ustel-arama-kurtarma-calismalarimiz-ucuncu-gununde-de-araliksiz-devam-ediyor","status":"publish","type":"post","link":"https:\/\/www.kibrishost.com\/tak\/ustel-arama-kurtarma-calismalarimiz-ucuncu-gununde-de-araliksiz-devam-ediyor\/","title":{"rendered":"\u00dcstel: \u201cArama kurtarma \u00e7al\u0131\u015fmalar\u0131m\u0131z \u00fc\u00e7\u00fcnc\u00fc g\u00fcn\u00fcnde de aral\u0131ks\u0131z devam ediyor\u201d"},"content":{"rendered":"<p>Ba\u015fbakan \u00dcnal \u00dcstel, Girne a\u00e7\u0131klar\u0131nda ya\u015fanan deniz facias\u0131n\u0131n ard\u0131ndan deniz alt\u0131nda ara\u015ft\u0131rma yapacak TCG I\u015f\u0131n gemisinin \u00e7al\u0131\u015fmalara ba\u015flad\u0131\u011f\u0131n\u0131 a\u00e7\u0131klad\u0131.<\/p>\n<p>\u00dcstel yapt\u0131\u011f\u0131 yaz\u0131l\u0131 a\u00e7\u0131klamada, arama kurtarma \u00e7al\u0131\u015fmalar\u0131n\u0131n \u00fc\u00e7\u00fcnc\u00fc g\u00fcn\u00fcnde de aral\u0131ks\u0131z devam etti\u011fini, d\u00fcn gece boyunca kesintisiz s\u00fcrd\u00fcr\u00fclen \u00e7al\u0131\u015fmalar\u0131n, g\u00fcn\u00fcn ilk \u0131\u015f\u0131klar\u0131yla yeniden g\u00fcnd\u00fcz safhas\u0131na ge\u00e7ti\u011fini kaydetti.<\/p>\n<p>\u015eu ana kadar kay\u0131p yurtta\u015flara ili\u015fkin yeni bir geli\u015fme bulunmad\u0131\u011f\u0131n\u0131, ancak ekiplerin belirlenen t\u00fcm alanlarda, havadan ve denizden arama faaliyetlerini b\u00fcy\u00fck bir titizlikle s\u00fcrd\u00fcrd\u00fc\u011f\u00fcn\u00fc belirten \u00dcstel, \u201cDevletimiz ilk andan itibaren oldu\u011fu gibi bug\u00fcn de t\u00fcm kurumlar\u0131yla sahadad\u0131r\u201d ifadelerini kulland\u0131.<\/p>\n<p>Ba\u015fbakan a\u00e7\u0131klamas\u0131nda \u015funlara yer verdi:<\/p>\n<p>\u201cT\u00fcrkiye Cumhuriyeti ile tam bir koordinasyon i\u00e7erisinde, K\u0131br\u0131s T\u00fcrk Bar\u0131\u015f Kuvvetleri Komutanl\u0131\u011f\u0131, G\u00fcvenlik Kuvvetleri Komutanl\u0131\u011f\u0131, T\u00fcrk Silahl\u0131 Kuvvetleri, Sahil G\u00fcvenlik, Polis Te\u015fkilat\u0131m\u0131z ve Sivil Savunma Te\u015fkilat\u0131m\u0131z ba\u015fta olmak \u00fczere ilgili t\u00fcm birimlerimiz ortak bir \u00e7al\u0131\u015fma y\u00fcr\u00fctmektedir.<\/p>\n<p>Bat\u0131\u011f\u0131n bulundu\u011fu y\u00fcksek derinlikte \u00e7al\u0131\u015fma ve g\u00f6r\u00fcnt\u00fcleme yapabilecek teknik imkanlara sahip gemi bug\u00fcn b\u00f6lgemize ula\u015fm\u0131\u015f ve ilk \u00e7al\u0131\u015fmalar\u0131na ba\u015flam\u0131\u015ft\u0131r. Yap\u0131lacak \u00e7al\u0131\u015fmalarla bat\u0131\u011fa ve kay\u0131plar\u0131m\u0131za ula\u015f\u0131lmas\u0131, geminin mevcut durumunun g\u00f6r\u00fcnt\u00fclenmesi hedeflenmektedir.<\/p>\n<p>Elde edilecek her g\u00f6r\u00fcnt\u00fc, her veri ve her bulgu ilgili birimlerimiz taraf\u0131ndan titizlikle de\u011ferlendirilecektir. Bizim \u015fu anda en b\u00fcy\u00fck \u00f6nceli\u011fimiz kay\u0131p vatanda\u015flar\u0131m\u0131za ula\u015fmakt\u0131r.<\/p>\n<p>Bunun yan\u0131nda ya\u015fanan bu facian\u0131n nas\u0131l meydana geldi\u011finin b\u00fct\u00fcn y\u00f6nleriyle ortaya \u00e7\u0131kar\u0131lmas\u0131 i\u00e7in ba\u015flat\u0131lan adli ve teknik \u00e7al\u0131\u015fmalar da kararl\u0131l\u0131kla devam etmektedir.<\/p>\n<p>Devletimiz t\u00fcm imk\u00e2nlar\u0131yla sahadad\u0131r. T\u00fcrkiye Cumhuriyeti\u2019nin g\u00fc\u00e7l\u00fc deste\u011fiyle birlikte arama kurtarma faaliyetlerimizi ve teknik \u00e7al\u0131\u015fmalar\u0131m\u0131z\u0131 ihtiya\u00e7 duyuldu\u011fu s\u00fcrece kesintisiz s\u00fcrd\u00fcrece\u011fiz.<\/p>\n<p>Kay\u0131plar\u0131m\u0131za ula\u015fmak i\u00e7in umudumuzu koruyor, ekiplerimizin \u00e7al\u0131\u015fmalar\u0131ndan gelecek iyi bir haberi bekliyoruz.\u201d<\/p>\n<p>(RU\/\u00d6Z)\u00a0<\/p><\/p>\n","protected":false},"excerpt":{"rendered":"<p>Ba\u015fbakan \u00dcnal \u00dcstel, Girne a\u00e7\u0131klar\u0131nda ya\u015fanan deniz facias\u0131n\u0131n ard\u0131ndan deniz alt\u0131nda ara\u015ft\u0131rma yapacak TCG I\u015f\u0131n gemisinin \u00e7al\u0131\u015fmalara ba\u015flad\u0131\u011f\u0131n\u0131 a\u00e7\u0131klad\u0131. \u00dcstel yapt\u0131\u011f\u0131 yaz\u0131l\u0131 a\u00e7\u0131klamada, arama kurtarma \u00e7al\u0131\u015fmalar\u0131n\u0131n \u00fc\u00e7\u00fcnc\u00fc g\u00fcn\u00fcnde de aral\u0131ks\u0131z devam etti\u011fini, d\u00fcn gece boyunca kesintisiz s\u00fcrd\u00fcr\u00fclen \u00e7al\u0131\u015fmalar\u0131n, g\u00fcn\u00fcn ilk \u0131\u015f\u0131klar\u0131yla yeniden g\u00fcnd\u00fcz safhas\u0131na ge\u00e7ti\u011fini kaydetti. \u015eu ana kadar kay\u0131p yurtta\u015flara ili\u015fkin yeni bir geli\u015fme &hellip;<\/p>\n","protected":false},"author":1,"featured_media":150689,"comment_status":"open","ping_status":"open","sticky":false,"template":"","format":"standard","meta":{"footnotes":""},"categories":[2],"tags":[2342,4573,7520,340,341,1275,4574,2007,1016],"class_list":["post-150688","post","type-post","status-publish","format-standard","has-post-thumbnail","hentry","category-kibris","tag-araliksiz","tag-arama","tag-calismalarimiz","tag-devam","tag-ediyor","tag-gununde","tag-kurtarma","tag-ucuncu","tag-ustel"],"_links":{"self":[{"href":"https:\/\/www.kibrishost.com\/tak\/wp-json\/wp\/v2\/posts\/150688"}],"collection":[{"href":"https:\/\/www.kibrishost.com\/tak\/wp-json\/wp\/v2\/posts"}],"about":[{"href":"https:\/\/www.kibrishost.com\/tak\/wp-json\/wp\/v2\/types\/post"}],"author":[{"embeddable":true,"href":"https:\/\/www.kibrishost.com\/tak\/wp-json\/wp\/v2\/users\/1"}],"replies":[{"embeddable":true,"href":"https:\/\/www.kibrishost.com\/tak\/wp-json\/wp\/v2\/comments?post=150688"}],"version-history":[{"count":0,"href":"https:\/\/www.kibrishost.com\/tak\/wp-json\/wp\/v2\/posts\/150688\/revisions"}],"wp:featuredmedia":[{"embeddable":true,"href":"https:\/\/www.kibrishost.com\/tak\/wp-json\/wp\/v2\/media\/150689"}],"wp:attachment":[{"href":"https:\/\/www.kibrishost.com\/tak\/wp-json\/wp\/v2\/media?parent=150688"}],"wp:term":[{"taxonomy":"category","embeddable":true,"href":"https:\/\/www.kibrishost.com\/tak\/wp-json\/wp\/v2\/categories?post=150688"},{"taxonomy":"post_tag","embeddable":true,"href":"https:\/\/www.kibrishost.com\/tak\/wp-json\/wp\/v2\/tags?post=150688"}],"curies":[{"name":"wp","href":"https:\/\/api.w.org\/{rel}","templated":true}]}}