{"id":150679,"date":"2026-09-01T11:50:19","date_gmt":"2026-09-01T08:50:19","guid":{"rendered":"https:\/\/www.kibrishost.com\/tak\/ersangil-tum-yabanci-uslerden-arindirilmis-birlesik-federal-bir-kibris-daha-da-yasamsal-hale-geldi\/"},"modified":"2026-09-01T11:50:19","modified_gmt":"2026-09-01T08:50:19","slug":"ersangil-tum-yabanci-uslerden-arindirilmis-birlesik-federal-bir-kibris-daha-da-yasamsal-hale-geldi","status":"publish","type":"post","link":"https:\/\/www.kibrishost.com\/tak\/ersangil-tum-yabanci-uslerden-arindirilmis-birlesik-federal-bir-kibris-daha-da-yasamsal-hale-geldi\/","title":{"rendered":"Er\u015fangil: &#8220;T\u00fcm yabanc\u0131 \u00fcslerden ar\u0131nd\u0131r\u0131lm\u0131\u015f, birle\u015fik federal bir K\u0131br\u0131s daha da ya\u015famsal h\u00e2le geldi&#8221;"},"content":{"rendered":"<p>E\u015fit Halk ve Adalet Sendikas\u0131 (HAKSEN) Ba\u015fkan\u0131 Salih Er\u015fangil, &#8220;T\u00fcm yabanc\u0131 \u00fcslerden ar\u0131nd\u0131r\u0131lm\u0131\u015f birle\u015fik federal&#8221; bir K\u0131br\u0131s&#8217;\u0131n bug\u00fcn daha da \u00f6nem ta\u015f\u0131d\u0131\u011f\u0131n\u0131 ve ya\u015famsal h\u00e2le geldi\u011fini belirtti.Er\u015fangil,\u00a01 Eyl\u00fcl D\u00fcnya Bar\u0131\u015f G\u00fcn\u00fc dolay\u0131s\u0131yla yay\u0131mlad\u0131\u011f\u0131 mesajda, Rusya-Ukrayna sava\u015f\u0131, ABD, \u0130srail-\u0130ran sava\u015f\u0131, \u0130srail\u2019in Gazze\u2019de s\u00fcrd\u00fcrd\u00fc\u011f\u00fc sald\u0131r\u0131lara i\u015faret ederek, s\u00f6z konusu &#8220;Emperyalist sava\u015flar\u0131n&#8221; bedelinin halklara \u00f6detildi\u011fini kaydetti.K\u0131br\u0131s\u2019\u0131n b\u00f6lgedeki \u00e7at\u0131\u015fma ve sava\u015f politikalar\u0131ndan ba\u011f\u0131ms\u0131z olmad\u0131\u011f\u0131na i\u015faret eden Er\u015fangil, adan\u0131n sava\u015f \u00fcss\u00fc olarak kullan\u0131lmas\u0131na ve her iki yar\u0131s\u0131nda k\u00f6r\u00fcklenen milliyet\u00e7i gerilimlere kar\u015f\u0131 ortak m\u00fccadelenin b\u00fcy\u00fct\u00fclmesi gerekti\u011fini belirtti.\u00a0(ID\/TU\u011e)<\/p><\/p>\n","protected":false},"excerpt":{"rendered":"<p>E\u015fit Halk ve Adalet Sendikas\u0131 (HAKSEN) Ba\u015fkan\u0131 Salih Er\u015fangil, &#8220;T\u00fcm yabanc\u0131 \u00fcslerden ar\u0131nd\u0131r\u0131lm\u0131\u015f birle\u015fik federal&#8221; bir K\u0131br\u0131s&#8217;\u0131n bug\u00fcn daha da \u00f6nem ta\u015f\u0131d\u0131\u011f\u0131n\u0131 ve ya\u015famsal h\u00e2le geldi\u011fini belirtti.Er\u015fangil,\u00a01 Eyl\u00fcl D\u00fcnya Bar\u0131\u015f G\u00fcn\u00fc dolay\u0131s\u0131yla yay\u0131mlad\u0131\u011f\u0131 mesajda, Rusya-Ukrayna sava\u015f\u0131, ABD, \u0130srail-\u0130ran sava\u015f\u0131, \u0130srail\u2019in Gazze\u2019de s\u00fcrd\u00fcrd\u00fc\u011f\u00fc sald\u0131r\u0131lara i\u015faret ederek, s\u00f6z konusu &#8220;Emperyalist sava\u015flar\u0131n&#8221; bedelinin halklara \u00f6detildi\u011fini kaydetti.K\u0131br\u0131s\u2019\u0131n b\u00f6lgedeki \u00e7at\u0131\u015fma &hellip;<\/p>\n","protected":false},"author":1,"featured_media":150680,"comment_status":"open","ping_status":"open","sticky":false,"template":"","format":"standard","meta":{"footnotes":""},"categories":[2],"tags":[912,561,38471,64,6678,1436,9694,823,386,122,41611,3548,6121],"class_list":["post-150679","post","type-post","status-publish","format-standard","has-post-thumbnail","hentry","category-kibris","tag-federal","tag-tum","tag-arindirilmis","tag-bir","tag-birlesik","tag-daha","tag-ersangil","tag-geldi","tag-hale","tag-kibris","tag-uslerden","tag-yabanci","tag-yasamsal"],"_links":{"self":[{"href":"https:\/\/www.kibrishost.com\/tak\/wp-json\/wp\/v2\/posts\/150679"}],"collection":[{"href":"https:\/\/www.kibrishost.com\/tak\/wp-json\/wp\/v2\/posts"}],"about":[{"href":"https:\/\/www.kibrishost.com\/tak\/wp-json\/wp\/v2\/types\/post"}],"author":[{"embeddable":true,"href":"https:\/\/www.kibrishost.com\/tak\/wp-json\/wp\/v2\/users\/1"}],"replies":[{"embeddable":true,"href":"https:\/\/www.kibrishost.com\/tak\/wp-json\/wp\/v2\/comments?post=150679"}],"version-history":[{"count":0,"href":"https:\/\/www.kibrishost.com\/tak\/wp-json\/wp\/v2\/posts\/150679\/revisions"}],"wp:featuredmedia":[{"embeddable":true,"href":"https:\/\/www.kibrishost.com\/tak\/wp-json\/wp\/v2\/media\/150680"}],"wp:attachment":[{"href":"https:\/\/www.kibrishost.com\/tak\/wp-json\/wp\/v2\/media?parent=150679"}],"wp:term":[{"taxonomy":"category","embeddable":true,"href":"https:\/\/www.kibrishost.com\/tak\/wp-json\/wp\/v2\/categories?post=150679"},{"taxonomy":"post_tag","embeddable":true,"href":"https:\/\/www.kibrishost.com\/tak\/wp-json\/wp\/v2\/tags?post=150679"}],"curies":[{"name":"wp","href":"https:\/\/api.w.org\/{rel}","templated":true}]}}