{"id":150675,"date":"2026-09-01T11:20:20","date_gmt":"2026-09-01T08:20:20","guid":{"rendered":"https:\/\/www.kibrishost.com\/tak\/turkiye-anayasa-mahkemesi-baskani-ozkayadan-yuksek-mahkeme-baskani-ozerdaga-taziye-mesaji\/"},"modified":"2026-09-01T11:20:20","modified_gmt":"2026-09-01T08:20:20","slug":"turkiye-anayasa-mahkemesi-baskani-ozkayadan-yuksek-mahkeme-baskani-ozerdaga-taziye-mesaji","status":"publish","type":"post","link":"https:\/\/www.kibrishost.com\/tak\/turkiye-anayasa-mahkemesi-baskani-ozkayadan-yuksek-mahkeme-baskani-ozerdaga-taziye-mesaji\/","title":{"rendered":"T\u00fcrkiye Anayasa Mahkemesi Ba\u015fkan\u0131 \u00d6zkaya\u2019dan Y\u00fcksek Mahkeme Ba\u015fkan\u0131 \u00d6zerda\u011f\u2019a taziye mesaj\u0131"},"content":{"rendered":"<p>T\u00fcrkiye Cumhuriyeti Anayasa Mahkemesi Ba\u015fkan\u0131 Kadir \u00d6zkaya, Y\u00fcksek Mahkeme Ba\u015fkan\u0131 Bertan \u00d6zerda\u011f\u2019a iletti\u011fi taziye mesaj\u0131nda Girne\u2019deki gemi kazas\u0131nda hayat\u0131n\u0131 kaybedenler i\u00e7in ba\u015fsa\u011fl\u0131\u011f\u0131 diledi.<\/p>\n<p>\u201cT\u00fcrkiye Cumhuriyeti Anayasa Mahkemesi ve \u015fahs\u0131m ad\u0131na, bu elim kazada hayat\u0131n\u0131 kaybedenlere Allah\u2019tan rahmet, yaral\u0131lara acil \u015fifalar diliyor ve kay\u0131p ki\u015filerin bir an \u00f6nce sa\u011f salim bulunmalar\u0131n\u0131 temenni ediyorum\u201d diyen \u00d6zkaya \u015fu ifadeleri kulland\u0131:<\/p>\n<p>\u201cKuzey K\u0131br\u0131s T\u00fcrk Cumhuriyeti devletinin ve halk\u0131n\u0131n ac\u0131s\u0131n\u0131 samimiyetle payla\u015f\u0131yor, bu zor g\u00fcnlerde dayan\u0131\u015fma ve deste\u011fimizi ayr\u0131ca ifade etmek istiyorum. Sayg\u0131de\u011fer Ba\u015fkan, bu elim kaza nedeniyle \u015fahs\u0131n\u0131z, Kuzey K\u0131br\u0131s T\u00fcrk Cumhuriyeti Y\u00fcksek Mahkemesine ve karde\u015f Kuzey K\u0131br\u0131s T\u00fcrk Cumhuriyeti halk\u0131na en derin taziyelerimi sunuyorum.\u201d<\/p><\/p>\n","protected":false},"excerpt":{"rendered":"<p>T\u00fcrkiye Cumhuriyeti Anayasa Mahkemesi Ba\u015fkan\u0131 Kadir \u00d6zkaya, Y\u00fcksek Mahkeme Ba\u015fkan\u0131 Bertan \u00d6zerda\u011f\u2019a iletti\u011fi taziye mesaj\u0131nda Girne\u2019deki gemi kazas\u0131nda hayat\u0131n\u0131 kaybedenler i\u00e7in ba\u015fsa\u011fl\u0131\u011f\u0131 diledi. \u201cT\u00fcrkiye Cumhuriyeti Anayasa Mahkemesi ve \u015fahs\u0131m ad\u0131na, bu elim kazada hayat\u0131n\u0131 kaybedenlere Allah\u2019tan rahmet, yaral\u0131lara acil \u015fifalar diliyor ve kay\u0131p ki\u015filerin bir an \u00f6nce sa\u011f salim bulunmalar\u0131n\u0131 temenni ediyorum\u201d diyen \u00d6zkaya \u015fu &hellip;<\/p>\n","protected":false},"author":1,"featured_media":150676,"comment_status":"open","ping_status":"open","sticky":false,"template":"","format":"standard","meta":{"footnotes":""},"categories":[2],"tags":[3641,103,2980,2511,2548,48680,48679,3700,6,88],"class_list":["post-150675","post","type-post","status-publish","format-standard","has-post-thumbnail","hentry","category-kibris","tag-anayasa","tag-baskani","tag-mahkeme","tag-mahkemesi","tag-mesaji","tag-ozerdaga","tag-ozkayadan","tag-taziye","tag-turkiye","tag-yuksek"],"_links":{"self":[{"href":"https:\/\/www.kibrishost.com\/tak\/wp-json\/wp\/v2\/posts\/150675"}],"collection":[{"href":"https:\/\/www.kibrishost.com\/tak\/wp-json\/wp\/v2\/posts"}],"about":[{"href":"https:\/\/www.kibrishost.com\/tak\/wp-json\/wp\/v2\/types\/post"}],"author":[{"embeddable":true,"href":"https:\/\/www.kibrishost.com\/tak\/wp-json\/wp\/v2\/users\/1"}],"replies":[{"embeddable":true,"href":"https:\/\/www.kibrishost.com\/tak\/wp-json\/wp\/v2\/comments?post=150675"}],"version-history":[{"count":0,"href":"https:\/\/www.kibrishost.com\/tak\/wp-json\/wp\/v2\/posts\/150675\/revisions"}],"wp:featuredmedia":[{"embeddable":true,"href":"https:\/\/www.kibrishost.com\/tak\/wp-json\/wp\/v2\/media\/150676"}],"wp:attachment":[{"href":"https:\/\/www.kibrishost.com\/tak\/wp-json\/wp\/v2\/media?parent=150675"}],"wp:term":[{"taxonomy":"category","embeddable":true,"href":"https:\/\/www.kibrishost.com\/tak\/wp-json\/wp\/v2\/categories?post=150675"},{"taxonomy":"post_tag","embeddable":true,"href":"https:\/\/www.kibrishost.com\/tak\/wp-json\/wp\/v2\/tags?post=150675"}],"curies":[{"name":"wp","href":"https:\/\/api.w.org\/{rel}","templated":true}]}}