{"id":150666,"date":"2026-09-01T10:50:29","date_gmt":"2026-09-01T07:50:29","guid":{"rendered":"https:\/\/www.kibrishost.com\/tak\/turkiye-artemis-anlasmalarina-katildi-nasadan-artemis-anlasmalarina-hos-geldin-turkiye-paylasimi\/"},"modified":"2026-09-01T10:50:46","modified_gmt":"2026-09-01T07:50:46","slug":"turkiye-artemis-anlasmalarina-katildi-nasadan-artemis-anlasmalarina-hos-geldin-turkiye-paylasimi","status":"publish","type":"post","link":"https:\/\/www.kibrishost.com\/tak\/turkiye-artemis-anlasmalarina-katildi-nasadan-artemis-anlasmalarina-hos-geldin-turkiye-paylasimi\/","title":{"rendered":"T\u00fcrkiye, Artemis Anla\u015fmalar\u0131&#8217;na kat\u0131ld\u0131: NASA&#8217;dan \u201cArtemis Anla\u015fmalar\u0131&#8217;na ho\u015f geldin, T\u00fcrkiye&#8221; payla\u015f\u0131m\u0131"},"content":{"rendered":"<p>T\u00fcrkiye, bar\u0131\u015f\u00e7\u0131l ve \u015feffaf uzay ara\u015ft\u0131rmalar\u0131nda uluslararas\u0131 i\u015fbirli\u011fi yap\u0131lmas\u0131n\u0131 \u00f6ng\u00f6ren Artemis Anla\u015fmalar\u0131&#8217;na imza atan 71. \u00fclke oldu.<\/p>\n<p>Washington&#8217;daki ABD Ulusal Havac\u0131l\u0131k ve Uzay \u0130daresi (NASA) genel merkezinde d\u00fczenlenen imza t\u00f6renine T\u00fcrkiye ad\u0131na Sanayi ve Teknoloji Bakan\u0131 Mehmet Fatih Kac\u0131r ile T\u00fcrkiye Uzay Ajans\u0131 Ba\u015fkan\u0131 (TUA) Yusuf K\u0131ra\u00e7 kat\u0131l\u0131rken, ABD&#8217;yi NASA Direkt\u00f6r\u00fc Jared Isaacman ve ABD D\u0131\u015fi\u015fleri Bakanl\u0131\u011f\u0131 Uzay ve \u00c7evreden Sorumlu M\u00fcste\u015far Yard\u0131mc\u0131s\u0131 Connor Tomlinson temsil etti.<\/p>\n<p>Kac\u0131r, T\u00fcrkiye&#8217;nin Washington B\u00fcy\u00fckel\u00e7isi Sedat \u00d6nal ve T\u00fcrk astronot Alper Gezeravc\u0131&#8217;n\u0131n da yer ald\u0131\u011f\u0131 t\u00f6rende yapt\u0131\u011f\u0131 konu\u015fmada, T\u00fcrkiye&#8217;nin uzay ve havac\u0131l\u0131k alan\u0131ndaki \u00e7al\u0131\u015fmalar\u0131na i\u015faret ederek, bu alanlarda ABD ile son d\u00f6nemde ivmelenen i\u015fbirli\u011fine dikkati \u00e7ekti.<\/p>\n<p>ABD Ba\u015fkan\u0131 Donald Trump&#8217;\u0131n temmuz ay\u0131nda Ankara&#8217;da d\u00fczenlenen NATO Zirvesi&#8217;ne bizzat kat\u0131lmas\u0131n\u0131n, her iki \u00fclkenin uzay projelerinde i\u015fbirli\u011fi yapma planlar\u0131n\u0131 g\u00fc\u00e7lendirdi\u011fini s\u00f6yleyen Kac\u0131r, T\u00fcrkiye&#8217;nin bu alanda \u00e7ok g\u00fc\u00e7l\u00fc planlamalar i\u00e7inde oldu\u011funu dile getirdi.<\/p>\n<p>T\u00fcrkiye&#8217;nin Artemis Anla\u015fmalar\u0131&#8217;na imza atan 71. \u00fclke oldu\u011funu belirten Kac\u0131r, &#8220;T\u00fcrkiye, uzay yolculu\u011fu alan\u0131nda inan\u0131lmaz hedefler ve yeteneklerle yeni bir d\u00f6neme giriyor. Amac\u0131m\u0131z, uzayda s\u00fcrd\u00fcr\u00fclebilir bir g\u00f6r\u00fcn\u00fcrl\u00fc\u011fe sahip olmak ve t\u00fcm insanl\u0131\u011f\u0131n yarar\u0131 i\u00e7in uzay\u0131n bar\u0131\u015f\u00e7\u0131l kullan\u0131m\u0131 konusunda ad\u0131mlar atmakt\u0131r.&#8221; dedi.<\/p>\n<p>NASA Direkt\u00f6r\u00fc Isaacman da T\u00fcrkiye&#8217;nin Artemis Anla\u015fmalar\u0131&#8217;na imza atmas\u0131ndan duydu\u011fu memnuniyeti ifade ederek, iki \u00fclke aras\u0131ndaki ba\u011flar\u0131n g\u00fc\u00e7lendi\u011finin alt\u0131n\u0131 \u00e7izdi.<\/p>\n<p>&#8220;Bug\u00fcn \u00f6nemli bir d\u00f6n\u00fcm noktas\u0131d\u0131r. Bu alanda T\u00fcrkiye, ortaya cesur bir vizyon koyuyor.&#8221; diyen Isaacman, ABD ile T\u00fcrkiye&#8217;nin &#8220;astronotlar\u0131n\u0131 Ay&#8217;\u0131n y\u00fczeyine geri g\u00f6nderme vizyonunu&#8221; payla\u015ft\u0131\u011f\u0131n\u0131 belirtti.<\/p>\n<p>Konu\u015fmalar\u0131n ard\u0131ndan Artemis Anla\u015fmalar\u0131&#8217;na imza atan Bakan Kac\u0131r, &#8220;Hay\u0131rl\u0131 olsun.&#8221; diyerek anla\u015fmaya kat\u0131lma konusundaki iyi dile\u011fini ifade etti.<\/p>\n<p>&#8211; Kac\u0131r, T\u00fcrkiye&#8217;nin Ay \u00e7al\u0131\u015fmalar\u0131n\u0131 anlatt\u0131<\/p>\n<p>\u0130mza t\u00f6reninin ard\u0131ndan t\u00f6reni takip eden T\u00fcrk bas\u0131n mensuplar\u0131na a\u00e7\u0131klamalarda bulunan Kac\u0131r, T\u00fcrkiye&#8217;nin Artemis Anla\u015fmalar\u0131&#8217;na kat\u0131lmas\u0131n\u0131n, son y\u0131llardaki uzay at\u0131l\u0131m\u0131n\u0131n sadece bir halkas\u0131 oldu\u011funu belirtti.<\/p>\n<p>Kac\u0131r, 2027&#8217;nin ilk aylar\u0131nda hibrit motora sahip bir uzay arac\u0131n\u0131 Ay&#8217;a g\u00f6ndermeyi planlad\u0131klar\u0131n\u0131 ifade ederek, &#8220;Bu vesileyle hem Ay y\u00f6r\u00fcngesinden veri toplayaca\u011f\u0131z hem de Ay&#8217;a eri\u015fen \u00fclkeler aras\u0131ndaki yerimizi alaca\u011f\u0131z.&#8221; diye konu\u015ftu.<\/p>\n<p>T\u00fcrkiye&#8217;nin Somali&#8217;de bir uzay liman\u0131n\u0131n in\u015fas\u0131na ba\u015flad\u0131\u011f\u0131n\u0131 dile getiren Kac\u0131r, bu uzay liman\u0131n\u0131n T\u00fcrkiye&#8217;nin uzay ekonomisinde daha g\u00fc\u00e7l\u00fc \u015fekilde yer almas\u0131n\u0131 sa\u011flayaca\u011f\u0131n\u0131 ve uzay \u00e7al\u0131\u015fmalar\u0131nda daha ba\u011f\u0131ms\u0131z ad\u0131mlar atabilmesini m\u00fcmk\u00fcn k\u0131laca\u011f\u0131n\u0131 s\u00f6yledi.<\/p>\n<p>&#8211; NASA&#8217;dan T\u00fcrkiye payla\u015f\u0131m\u0131<\/p>\n<p>NASA&#8217;n\u0131n ABD merkezli X \u015firketinin sosyal medya platformundaki hesab\u0131ndan T\u00fcrkiye&#8217;nin Artemis Anla\u015fmalar\u0131&#8217;na imza atmas\u0131na ili\u015fkin payla\u015f\u0131mda bulunuldu.<\/p>\n<p>T\u00fcrkiye&#8217;nin, Artemis Anla\u015fmalar\u0131&#8217;n\u0131 imzalayarak uzay\u0131n bar\u0131\u015f\u00e7\u0131l \u015fekilde ke\u015ffedilmesi ve bu alanda refah\u0131n art\u0131r\u0131lmas\u0131 konusunda taahh\u00fctte bulunan di\u011fer \u00fclkelere kat\u0131ld\u0131\u011f\u0131 belirtilen payla\u015f\u0131mda, &#8220;Artemis Anla\u015fmalar\u0131&#8217;na ho\u015f geldin, T\u00fcrkiye.&#8221; ifadesi kullan\u0131ld\u0131.<\/p>\n<p>&#8211; Artemis Anla\u015fmalar\u0131<\/p>\n<p>1967 D\u0131\u015f Uzay Anla\u015fmas\u0131&#8217;na dayanan Artemis Anla\u015fmalar\u0131, &#8220;uzay\u0131n sorumlu ke\u015ffinin y\u00f6netimini geli\u015ftirmek i\u00e7in \u00e7ok tarafl\u0131, ba\u011flay\u0131c\u0131 olmayan bir ilke ve kurallar bildirgesi&#8221; olarak biliniyor.<\/p>\n<p>Artemis Anla\u015fmalar\u0131 ilkeleri aras\u0131nda uzay nesnelerinin kayd\u0131, faaliyetlerin \u00e7ak\u0131\u015fmas\u0131n\u0131n \u00f6nlenmesi, bilimsel verilerin payla\u015f\u0131m\u0131 ve acil yard\u0131m sa\u011flanmas\u0131 gibi maddeler yer al\u0131yor.<\/p>\n<p>ABD, ayn\u0131 anla\u015fma \u00e7er\u00e7evesinde Ay&#8217;da kal\u0131c\u0131 bir \u00fcs kurulmas\u0131 ve Ay&#8217;\u0131n hem Mars yolculu\u011fu i\u00e7in bir durak olarak kullan\u0131lmas\u0131 hem de burada de\u011ferli madenlerin \u00e7\u0131kar\u0131lmas\u0131n\u0131 \u00f6ng\u00f6r\u00fcyor.<\/p>\n<p>13 Ekim 2020&#8217;de ABD ile birlikte Kanada, Japonya, Avustralya, \u0130talya, L\u00fcksemburg ve Birle\u015fik Arap Emirlikleri, Artemis Anla\u015fmalar\u0131&#8217;na imza atan ilk \u00fclkeler olmu\u015ftu.<\/p>\n<\/p>\n<p>\u00a0<\/p>\n<\/p>\n<p><img decoding=\"async\" width=\"1024\" height=\"685\" src=\"https:\/\/www.kibrishost.com\/tak\/wp-content\/uploads\/2026\/09\/turkiye-artemis-anlasmalarina-katildi-nasadan-artemis-anlasmalarina-hos-geldin-turkiye-paylasimi-1-1024x685.jpeg\" class=\"aligncenter wp-image-150668\" alt=\"T\u00fcrkiye, Artemis Anla\u015fmalar\u0131&#039;na kat\u0131ld\u0131: NASA&#039;dan \u201cArtemis Anla\u015fmalar\u0131&#039;na ho\u015f geldin, T\u00fcrkiye&quot; payla\u015f\u0131m\u0131\" loading=\"lazy\" srcset=\"https:\/\/www.kibrishost.com\/tak\/wp-content\/uploads\/2026\/09\/turkiye-artemis-anlasmalarina-katildi-nasadan-artemis-anlasmalarina-hos-geldin-turkiye-paylasimi-1-1024x685.jpeg 1024w, https:\/\/www.kibrishost.com\/tak\/wp-content\/uploads\/2026\/09\/turkiye-artemis-anlasmalarina-katildi-nasadan-artemis-anlasmalarina-hos-geldin-turkiye-paylasimi-1-300x201.jpeg 300w, https:\/\/www.kibrishost.com\/tak\/wp-content\/uploads\/2026\/09\/turkiye-artemis-anlasmalarina-katildi-nasadan-artemis-anlasmalarina-hos-geldin-turkiye-paylasimi-1-768x514.jpeg 768w, https:\/\/www.kibrishost.com\/tak\/wp-content\/uploads\/2026\/09\/turkiye-artemis-anlasmalarina-katildi-nasadan-artemis-anlasmalarina-hos-geldin-turkiye-paylasimi-1-1536x1027.jpeg 1536w, https:\/\/www.kibrishost.com\/tak\/wp-content\/uploads\/2026\/09\/turkiye-artemis-anlasmalarina-katildi-nasadan-artemis-anlasmalarina-hos-geldin-turkiye-paylasimi-1-2048x1370.jpeg 2048w\" sizes=\"(max-width: 1024px) 100vw, 1024px\" \/><\/p>\n","protected":false},"excerpt":{"rendered":"<p>T\u00fcrkiye, bar\u0131\u015f\u00e7\u0131l ve \u015feffaf uzay ara\u015ft\u0131rmalar\u0131nda uluslararas\u0131 i\u015fbirli\u011fi yap\u0131lmas\u0131n\u0131 \u00f6ng\u00f6ren Artemis Anla\u015fmalar\u0131&#8217;na imza atan 71. \u00fclke oldu. Washington&#8217;daki ABD Ulusal Havac\u0131l\u0131k ve Uzay \u0130daresi (NASA) genel merkezinde d\u00fczenlenen imza t\u00f6renine T\u00fcrkiye ad\u0131na Sanayi ve Teknoloji Bakan\u0131 Mehmet Fatih Kac\u0131r ile T\u00fcrkiye Uzay Ajans\u0131 Ba\u015fkan\u0131 (TUA) Yusuf K\u0131ra\u00e7 kat\u0131l\u0131rken, ABD&#8217;yi NASA Direkt\u00f6r\u00fc Jared Isaacman ve ABD &hellip;<\/p>\n","protected":false},"author":1,"featured_media":150667,"comment_status":"open","ping_status":"open","sticky":false,"template":"","format":"standard","meta":{"footnotes":""},"categories":[3],"tags":[41199,35559,18111,18110,781,48678,1944,6],"class_list":["post-150666","post","type-post","status-publish","format-standard","has-post-thumbnail","hentry","category-turkiye","tag-artemis","tag-anlasmalarina","tag-geldin","tag-hos","tag-katildi","tag-nasadan","tag-paylasimi","tag-turkiye"],"_links":{"self":[{"href":"https:\/\/www.kibrishost.com\/tak\/wp-json\/wp\/v2\/posts\/150666"}],"collection":[{"href":"https:\/\/www.kibrishost.com\/tak\/wp-json\/wp\/v2\/posts"}],"about":[{"href":"https:\/\/www.kibrishost.com\/tak\/wp-json\/wp\/v2\/types\/post"}],"author":[{"embeddable":true,"href":"https:\/\/www.kibrishost.com\/tak\/wp-json\/wp\/v2\/users\/1"}],"replies":[{"embeddable":true,"href":"https:\/\/www.kibrishost.com\/tak\/wp-json\/wp\/v2\/comments?post=150666"}],"version-history":[{"count":1,"href":"https:\/\/www.kibrishost.com\/tak\/wp-json\/wp\/v2\/posts\/150666\/revisions"}],"predecessor-version":[{"id":150669,"href":"https:\/\/www.kibrishost.com\/tak\/wp-json\/wp\/v2\/posts\/150666\/revisions\/150669"}],"wp:featuredmedia":[{"embeddable":true,"href":"https:\/\/www.kibrishost.com\/tak\/wp-json\/wp\/v2\/media\/150667"}],"wp:attachment":[{"href":"https:\/\/www.kibrishost.com\/tak\/wp-json\/wp\/v2\/media?parent=150666"}],"wp:term":[{"taxonomy":"category","embeddable":true,"href":"https:\/\/www.kibrishost.com\/tak\/wp-json\/wp\/v2\/categories?post=150666"},{"taxonomy":"post_tag","embeddable":true,"href":"https:\/\/www.kibrishost.com\/tak\/wp-json\/wp\/v2\/tags?post=150666"}],"curies":[{"name":"wp","href":"https:\/\/api.w.org\/{rel}","templated":true}]}}