{"id":150664,"date":"2026-09-01T10:50:19","date_gmt":"2026-09-01T07:50:19","guid":{"rendered":"https:\/\/www.kibrishost.com\/tak\/kibris-turk-universiteli-kadinlar-derneginden-taziye-mesaji\/"},"modified":"2026-09-01T10:50:19","modified_gmt":"2026-09-01T07:50:19","slug":"kibris-turk-universiteli-kadinlar-derneginden-taziye-mesaji","status":"publish","type":"post","link":"https:\/\/www.kibrishost.com\/tak\/kibris-turk-universiteli-kadinlar-derneginden-taziye-mesaji\/","title":{"rendered":"K\u0131br\u0131s T\u00fcrk \u00dcniversiteli Kad\u0131nlar Derne\u011fi&#8217;nden taziye mesaj\u0131"},"content":{"rendered":"<p>K\u0131br\u0131s T\u00fcrk \u00dcniversiteli Kad\u0131nlar Derne\u011fi Ba\u015fkan\u0131 G\u00fclden Pl\u00fcmer, yolcu gemisinin batmas\u0131yla hayat\u0131n\u0131 kaybedenlerle i\u00e7in taziye mesaj\u0131 yay\u0131mlad\u0131.Pl\u00fcmer yay\u0131mlad\u0131\u011f\u0131 mesajda, kazada hayat\u0131n\u0131 kaybedenlere rahmet, yak\u0131nlar\u0131na sab\u0131r diledi. Pl\u00fcmer, benzer kazalar\u0131n bir daha ya\u015fanmamas\u0131 i\u00e7in t\u00fcm ihmali bulunanlar\u0131n bir an \u00f6nce belirlenmesi ve a\u011f\u0131r \u015fekilde cezaland\u0131r\u0131lmas\u0131 temennisinde de bulundu.(ID\/\u00d6Z)\u00a0<\/p><\/p>\n","protected":false},"excerpt":{"rendered":"<p>K\u0131br\u0131s T\u00fcrk \u00dcniversiteli Kad\u0131nlar Derne\u011fi Ba\u015fkan\u0131 G\u00fclden Pl\u00fcmer, yolcu gemisinin batmas\u0131yla hayat\u0131n\u0131 kaybedenlerle i\u00e7in taziye mesaj\u0131 yay\u0131mlad\u0131.Pl\u00fcmer yay\u0131mlad\u0131\u011f\u0131 mesajda, kazada hayat\u0131n\u0131 kaybedenlere rahmet, yak\u0131nlar\u0131na sab\u0131r diledi. Pl\u00fcmer, benzer kazalar\u0131n bir daha ya\u015fanmamas\u0131 i\u00e7in t\u00fcm ihmali bulunanlar\u0131n bir an \u00f6nce belirlenmesi ve a\u011f\u0131r \u015fekilde cezaland\u0131r\u0131lmas\u0131 temennisinde de bulundu.(ID\/\u00d6Z)\u00a0<\/p>\n","protected":false},"author":1,"featured_media":150665,"comment_status":"open","ping_status":"open","sticky":false,"template":"","format":"standard","meta":{"footnotes":""},"categories":[2],"tags":[111,3387,122,2548,3700,245,10714],"class_list":["post-150664","post","type-post","status-publish","format-standard","has-post-thumbnail","hentry","category-kibris","tag-derneginden","tag-kadinlar","tag-kibris","tag-mesaji","tag-taziye","tag-turk","tag-universiteli"],"_links":{"self":[{"href":"https:\/\/www.kibrishost.com\/tak\/wp-json\/wp\/v2\/posts\/150664"}],"collection":[{"href":"https:\/\/www.kibrishost.com\/tak\/wp-json\/wp\/v2\/posts"}],"about":[{"href":"https:\/\/www.kibrishost.com\/tak\/wp-json\/wp\/v2\/types\/post"}],"author":[{"embeddable":true,"href":"https:\/\/www.kibrishost.com\/tak\/wp-json\/wp\/v2\/users\/1"}],"replies":[{"embeddable":true,"href":"https:\/\/www.kibrishost.com\/tak\/wp-json\/wp\/v2\/comments?post=150664"}],"version-history":[{"count":0,"href":"https:\/\/www.kibrishost.com\/tak\/wp-json\/wp\/v2\/posts\/150664\/revisions"}],"wp:featuredmedia":[{"embeddable":true,"href":"https:\/\/www.kibrishost.com\/tak\/wp-json\/wp\/v2\/media\/150665"}],"wp:attachment":[{"href":"https:\/\/www.kibrishost.com\/tak\/wp-json\/wp\/v2\/media?parent=150664"}],"wp:term":[{"taxonomy":"category","embeddable":true,"href":"https:\/\/www.kibrishost.com\/tak\/wp-json\/wp\/v2\/categories?post=150664"},{"taxonomy":"post_tag","embeddable":true,"href":"https:\/\/www.kibrishost.com\/tak\/wp-json\/wp\/v2\/tags?post=150664"}],"curies":[{"name":"wp","href":"https:\/\/api.w.org\/{rel}","templated":true}]}}