{"id":150646,"date":"2026-09-01T09:40:21","date_gmt":"2026-09-01T06:40:21","guid":{"rendered":"https:\/\/www.kibrishost.com\/tak\/limasolda-gupegunduz-sokak-ortasinda-kavga\/"},"modified":"2026-09-01T09:40:21","modified_gmt":"2026-09-01T06:40:21","slug":"limasolda-gupegunduz-sokak-ortasinda-kavga","status":"publish","type":"post","link":"https:\/\/www.kibrishost.com\/tak\/limasolda-gupegunduz-sokak-ortasinda-kavga\/","title":{"rendered":"Limasol\u2019da g\u00fcpeg\u00fcnd\u00fcz sokak ortas\u0131nda kavga"},"content":{"rendered":"<p>Limasol\u2019a ba\u011fl\u0131 \u201cAyios Athanasios\u201d k\u00f6y\u00fcnde d\u00fcn \u00f6\u011fle saatlerinde sokak ortas\u0131nda kavga \u00e7\u0131kt\u0131.<\/p>\n<p>\u201cSigmalive\u201d haber sitesine g\u00f6re, bir gen\u00e7, hen\u00fcz belirlenemeyen bir nedenle ba\u015fka bir ki\u015fiye sald\u0131rarak onu\u00a0 ciddi \u015fekilde darp etti.<\/p>\n<p>Olay\u0131n g\u00f6r\u00fcnt\u00fcleri sosyal medyada yay\u0131l\u0131rken, b\u00f6lgede bulunan baz\u0131 vatanda\u015flar\u0131n kavgaya m\u00fcdahale ederek sald\u0131r\u0131ya u\u011frayan ki\u015fiye yard\u0131m etti\u011fi g\u00f6r\u00fcld\u00fc.<\/p>\n<p>Polisten yap\u0131lan a\u00e7\u0131klamada, olayla ilgili \u015fu ana kadar herhangi bir \u015fikayette bulunulmad\u0131\u011f\u0131 ve soru\u015fturman\u0131n s\u00fcrd\u00fc\u011f\u00fc kaydedildi.<\/p>\n<p>(GE\/\u00d6Z)\u00a0<\/p><\/p>\n","protected":false},"excerpt":{"rendered":"<p>Limasol\u2019a ba\u011fl\u0131 \u201cAyios Athanasios\u201d k\u00f6y\u00fcnde d\u00fcn \u00f6\u011fle saatlerinde sokak ortas\u0131nda kavga \u00e7\u0131kt\u0131. \u201cSigmalive\u201d haber sitesine g\u00f6re, bir gen\u00e7, hen\u00fcz belirlenemeyen bir nedenle ba\u015fka bir ki\u015fiye sald\u0131rarak onu\u00a0 ciddi \u015fekilde darp etti. Olay\u0131n g\u00f6r\u00fcnt\u00fcleri sosyal medyada yay\u0131l\u0131rken, b\u00f6lgede bulunan baz\u0131 vatanda\u015flar\u0131n kavgaya m\u00fcdahale ederek sald\u0131r\u0131ya u\u011frayan ki\u015fiye yard\u0131m etti\u011fi g\u00f6r\u00fcld\u00fc. Polisten yap\u0131lan a\u00e7\u0131klamada, olayla ilgili \u015fu &hellip;<\/p>\n","protected":false},"author":1,"featured_media":150647,"comment_status":"open","ping_status":"open","sticky":false,"template":"","format":"standard","meta":{"footnotes":""},"categories":[5],"tags":[48580,9541,73,38712,10028],"class_list":["post-150646","post","type-post","status-publish","format-standard","has-post-thumbnail","hentry","category-guney-kibris","tag-gupegunduz","tag-kavga","tag-limasolda","tag-ortasinda","tag-sokak"],"_links":{"self":[{"href":"https:\/\/www.kibrishost.com\/tak\/wp-json\/wp\/v2\/posts\/150646"}],"collection":[{"href":"https:\/\/www.kibrishost.com\/tak\/wp-json\/wp\/v2\/posts"}],"about":[{"href":"https:\/\/www.kibrishost.com\/tak\/wp-json\/wp\/v2\/types\/post"}],"author":[{"embeddable":true,"href":"https:\/\/www.kibrishost.com\/tak\/wp-json\/wp\/v2\/users\/1"}],"replies":[{"embeddable":true,"href":"https:\/\/www.kibrishost.com\/tak\/wp-json\/wp\/v2\/comments?post=150646"}],"version-history":[{"count":0,"href":"https:\/\/www.kibrishost.com\/tak\/wp-json\/wp\/v2\/posts\/150646\/revisions"}],"wp:featuredmedia":[{"embeddable":true,"href":"https:\/\/www.kibrishost.com\/tak\/wp-json\/wp\/v2\/media\/150647"}],"wp:attachment":[{"href":"https:\/\/www.kibrishost.com\/tak\/wp-json\/wp\/v2\/media?parent=150646"}],"wp:term":[{"taxonomy":"category","embeddable":true,"href":"https:\/\/www.kibrishost.com\/tak\/wp-json\/wp\/v2\/categories?post=150646"},{"taxonomy":"post_tag","embeddable":true,"href":"https:\/\/www.kibrishost.com\/tak\/wp-json\/wp\/v2\/tags?post=150646"}],"curies":[{"name":"wp","href":"https:\/\/api.w.org\/{rel}","templated":true}]}}