{"id":150635,"date":"2026-09-01T09:20:22","date_gmt":"2026-09-01T06:20:22","guid":{"rendered":"https:\/\/www.kibrishost.com\/tak\/siddetli-yagis-ve-firtina-guney-kibrista-da-etkili-oluyor\/"},"modified":"2026-09-01T09:20:25","modified_gmt":"2026-09-01T06:20:25","slug":"siddetli-yagis-ve-firtina-guney-kibrista-da-etkili-oluyor","status":"publish","type":"post","link":"https:\/\/www.kibrishost.com\/tak\/siddetli-yagis-ve-firtina-guney-kibrista-da-etkili-oluyor\/","title":{"rendered":"\u015eiddetli ya\u011f\u0131\u015f ve f\u0131rt\u0131na G\u00fcney K\u0131br\u0131s\u2019ta da etkili oluyor"},"content":{"rendered":"<p>Aday\u0131 bug\u00fcn sabah saatleri itibar\u0131yla etkisi alt\u0131na alan \u015fiddetli ya\u011f\u0131\u015f ve f\u0131rt\u0131na, G\u00fcney K\u0131br\u0131s\u2019ta da ciddi problemler ya\u015fanmas\u0131na neden oldu.<\/p>\n<p>\u201cPhilenews\u201d haber sitesine g\u00f6re, \u015fiddetli ya\u011f\u0131\u015f ve f\u0131rt\u0131na \u00f6zellikle Limasol, Larnaka ve Baf\u2019ta su bask\u0131nlar\u0131na, seralar\u0131n u\u00e7mas\u0131na, a\u011fa\u00e7lar\u0131n devrilmesine ve \u00e7e\u015fitli maddi hasarlara yol a\u00e7arken, \u201cMa\u011fusa B\u00f6lgesi\u201dne ba\u011fl\u0131 \u201cAvgoru\u201d (Avgoru) k\u00f6y\u00fcnde y\u0131ld\u0131r\u0131m d\u00fc\u015fmesi sonucu yang\u0131n \u00e7\u0131kt\u0131 ve elektrik kesintisi ya\u015fand\u0131.<\/p>\n<p>\u201cAvgoru\u201d Belediye Meclisi \u00fcyesi Panayis Mihailas\u2019\u0131n verdi\u011fi bilgiye g\u00f6re, y\u0131ld\u0131r\u0131m bir evin deposuna isabet etti ve yang\u0131n \u00e7\u0131kt\u0131. \u0130tfaiye ve polis ekipleri olaya m\u00fcdahale ederken, olayda yaralanan olmad\u0131.<\/p>\n<p>B\u00f6lgede bulunan Rum Elektrik \u0130daresi (A\u0130K) ekiplerinin ar\u0131zan\u0131n giderilmesi i\u00e7in \u00e7al\u0131\u015fmalar\u0131n\u0131 s\u00fcrd\u00fcrd\u00fc\u011f\u00fc ve elektrik enerjisinin yakla\u015f\u0131k iki saat i\u00e7erisinde yeniden sa\u011flanmas\u0131n\u0131n beklendi\u011fi ifade edildi.<\/p>\n<p>Polis, itfaiye ve di\u011fer yetkili birimlerin, ya\u015fanan olumsuzluklara m\u00fcdahale etmek amac\u0131yla alarma ge\u00e7erek, olaylara daha etkin m\u00fcdahale edilebilmesi amac\u0131yla il\u00e7e belediyeleriyle koordinasyon merkezi olu\u015fturdu.<\/p>\n<p>Bu arada, vatanda\u015flar\u0131n cep telefonlar\u0131na da \u201cExtreme National Alert\u201d (\u00dcst D\u00fczey Ulusal Uyar\u0131) konulu k\u0131sa mesajlar g\u00f6nderilerek, mecbur olmad\u0131k\u00e7a evlerden \u00e7\u0131k\u0131lmamas\u0131 \u00e7a\u011fr\u0131s\u0131 yap\u0131ld\u0131.<\/p>\n<p>Rum Meteoroloji Dairesi, turuncu uyar\u0131n\u0131n bug\u00fcn saat 19.00\u2019a kadar\u00a0 ge\u00e7erli oldu\u011funu ve ya\u011f\u0131\u015f miktar\u0131n\u0131n, baz\u0131 b\u00f6lgelerde saatte 55 ila 70 milimetreye ula\u015fabilece\u011fini, ayr\u0131ca g\u00f6k g\u00fcr\u00fclt\u00fcl\u00fc sa\u011fanak ya\u011f\u0131\u015f s\u0131ras\u0131nda dolu ya\u011f\u0131\u015f\u0131n\u0131n da beklendi\u011fini a\u00e7\u0131klad\u0131.<\/p>\n<p>(GE\/\u00d6Z)\u00a0<\/p>\n<\/p>\n<p><img decoding=\"async\" width=\"768\" height=\"1024\" src=\"https:\/\/www.kibrishost.com\/tak\/wp-content\/uploads\/2026\/09\/siddetli-yagis-ve-firtina-guney-kibrista-da-etkili-oluyor.png\" class=\"aligncenter wp-image-150637\" alt=\"\u015eiddetli ya\u011f\u0131\u015f ve f\u0131rt\u0131na G\u00fcney K\u0131br\u0131s\u2019ta da etkili oluyor\" loading=\"lazy\" srcset=\"https:\/\/www.kibrishost.com\/tak\/wp-content\/uploads\/2026\/09\/siddetli-yagis-ve-firtina-guney-kibrista-da-etkili-oluyor.png 768w, https:\/\/www.kibrishost.com\/tak\/wp-content\/uploads\/2026\/09\/siddetli-yagis-ve-firtina-guney-kibrista-da-etkili-oluyor-225x300.png 225w\" sizes=\"(max-width: 768px) 100vw, 768px\" \/><\/p>\n<p><img decoding=\"async\" width=\"768\" height=\"1024\" src=\"https:\/\/www.kibrishost.com\/tak\/wp-content\/uploads\/2026\/09\/siddetli-yagis-ve-firtina-guney-kibrista-da-etkili-oluyor-1.png\" class=\"aligncenter wp-image-150638\" alt=\"\u015eiddetli ya\u011f\u0131\u015f ve f\u0131rt\u0131na G\u00fcney K\u0131br\u0131s\u2019ta da etkili oluyor\" loading=\"lazy\" srcset=\"https:\/\/www.kibrishost.com\/tak\/wp-content\/uploads\/2026\/09\/siddetli-yagis-ve-firtina-guney-kibrista-da-etkili-oluyor-1.png 768w, https:\/\/www.kibrishost.com\/tak\/wp-content\/uploads\/2026\/09\/siddetli-yagis-ve-firtina-guney-kibrista-da-etkili-oluyor-1-225x300.png 225w\" sizes=\"(max-width: 768px) 100vw, 768px\" \/><\/p>\n","protected":false},"excerpt":{"rendered":"<p>Aday\u0131 bug\u00fcn sabah saatleri itibar\u0131yla etkisi alt\u0131na alan \u015fiddetli ya\u011f\u0131\u015f ve f\u0131rt\u0131na, G\u00fcney K\u0131br\u0131s\u2019ta da ciddi problemler ya\u015fanmas\u0131na neden oldu. \u201cPhilenews\u201d haber sitesine g\u00f6re, \u015fiddetli ya\u011f\u0131\u015f ve f\u0131rt\u0131na \u00f6zellikle Limasol, Larnaka ve Baf\u2019ta su bask\u0131nlar\u0131na, seralar\u0131n u\u00e7mas\u0131na, a\u011fa\u00e7lar\u0131n devrilmesine ve \u00e7e\u015fitli maddi hasarlara yol a\u00e7arken, \u201cMa\u011fusa B\u00f6lgesi\u201dne ba\u011fl\u0131 \u201cAvgoru\u201d (Avgoru) k\u00f6y\u00fcnde y\u0131ld\u0131r\u0131m d\u00fc\u015fmesi sonucu yang\u0131n &hellip;<\/p>\n","protected":false},"author":1,"featured_media":150636,"comment_status":"open","ping_status":"open","sticky":false,"template":"","format":"standard","meta":{"footnotes":""},"categories":[5],"tags":[1202,4436,627,628,2402,1368,2011],"class_list":["post-150635","post","type-post","status-publish","format-standard","has-post-thumbnail","hentry","category-guney-kibris","tag-etkili","tag-firtina","tag-guney","tag-kibrista","tag-oluyor","tag-siddetli","tag-yagis"],"_links":{"self":[{"href":"https:\/\/www.kibrishost.com\/tak\/wp-json\/wp\/v2\/posts\/150635"}],"collection":[{"href":"https:\/\/www.kibrishost.com\/tak\/wp-json\/wp\/v2\/posts"}],"about":[{"href":"https:\/\/www.kibrishost.com\/tak\/wp-json\/wp\/v2\/types\/post"}],"author":[{"embeddable":true,"href":"https:\/\/www.kibrishost.com\/tak\/wp-json\/wp\/v2\/users\/1"}],"replies":[{"embeddable":true,"href":"https:\/\/www.kibrishost.com\/tak\/wp-json\/wp\/v2\/comments?post=150635"}],"version-history":[{"count":1,"href":"https:\/\/www.kibrishost.com\/tak\/wp-json\/wp\/v2\/posts\/150635\/revisions"}],"predecessor-version":[{"id":150639,"href":"https:\/\/www.kibrishost.com\/tak\/wp-json\/wp\/v2\/posts\/150635\/revisions\/150639"}],"wp:featuredmedia":[{"embeddable":true,"href":"https:\/\/www.kibrishost.com\/tak\/wp-json\/wp\/v2\/media\/150636"}],"wp:attachment":[{"href":"https:\/\/www.kibrishost.com\/tak\/wp-json\/wp\/v2\/media?parent=150635"}],"wp:term":[{"taxonomy":"category","embeddable":true,"href":"https:\/\/www.kibrishost.com\/tak\/wp-json\/wp\/v2\/categories?post=150635"},{"taxonomy":"post_tag","embeddable":true,"href":"https:\/\/www.kibrishost.com\/tak\/wp-json\/wp\/v2\/tags?post=150635"}],"curies":[{"name":"wp","href":"https:\/\/api.w.org\/{rel}","templated":true}]}}