{"id":150631,"date":"2026-09-01T09:10:35","date_gmt":"2026-09-01T06:10:35","guid":{"rendered":"https:\/\/www.kibrishost.com\/tak\/erdogan-aliyev-ile-gorustu\/"},"modified":"2026-09-01T09:10:35","modified_gmt":"2026-09-01T06:10:35","slug":"erdogan-aliyev-ile-gorustu","status":"publish","type":"post","link":"https:\/\/www.kibrishost.com\/tak\/erdogan-aliyev-ile-gorustu\/","title":{"rendered":"Erdo\u011fan, Aliyev ile g\u00f6r\u00fc\u015ft\u00fc"},"content":{"rendered":"<p>T\u00fcrkiye Cumhurba\u015fkan\u0131 Recep Tayyip Erdo\u011fan, Azerbaycan Cumhurba\u015fkan\u0131 \u0130lham Aliyev ile bir araya geldi.<\/p>\n<p>\u015eanghay \u0130\u015fbirli\u011fi \u00d6rg\u00fct\u00fcn\u00fcn (\u015e\u0130\u00d6) Devlet Ba\u015fkanlar\u0131 Zirvesi&#8217;ne kat\u0131lmak \u00fczere K\u0131rg\u0131zistan&#8217;\u0131n ba\u015fkenti Bi\u015fkek&#8217;te bulunan Erdo\u011fan, zirve marj\u0131ndaki temaslar\u0131na ba\u015flad\u0131.<\/p>\n<p>Erdo\u011fan, ilk olarak, konaklad\u0131\u011f\u0131 otelde Azerbaycan Cumhurba\u015fkan\u0131 Aliyev ile ba\u015f ba\u015fa g\u00f6r\u00fc\u015ft\u00fc.<\/p><\/p>\n","protected":false},"excerpt":{"rendered":"<p>T\u00fcrkiye Cumhurba\u015fkan\u0131 Recep Tayyip Erdo\u011fan, Azerbaycan Cumhurba\u015fkan\u0131 \u0130lham Aliyev ile bir araya geldi. \u015eanghay \u0130\u015fbirli\u011fi \u00d6rg\u00fct\u00fcn\u00fcn (\u015e\u0130\u00d6) Devlet Ba\u015fkanlar\u0131 Zirvesi&#8217;ne kat\u0131lmak \u00fczere K\u0131rg\u0131zistan&#8217;\u0131n ba\u015fkenti Bi\u015fkek&#8217;te bulunan Erdo\u011fan, zirve marj\u0131ndaki temaslar\u0131na ba\u015flad\u0131. Erdo\u011fan, ilk olarak, konaklad\u0131\u011f\u0131 otelde Azerbaycan Cumhurba\u015fkan\u0131 Aliyev ile ba\u015f ba\u015fa g\u00f6r\u00fc\u015ft\u00fc.<\/p>\n","protected":false},"author":1,"featured_media":150632,"comment_status":"open","ping_status":"open","sticky":false,"template":"","format":"standard","meta":{"footnotes":""},"categories":[3],"tags":[3257,2248,500,499],"class_list":["post-150631","post","type-post","status-publish","format-standard","has-post-thumbnail","hentry","category-turkiye","tag-aliyev","tag-erdogan","tag-gorustu","tag-ile"],"_links":{"self":[{"href":"https:\/\/www.kibrishost.com\/tak\/wp-json\/wp\/v2\/posts\/150631"}],"collection":[{"href":"https:\/\/www.kibrishost.com\/tak\/wp-json\/wp\/v2\/posts"}],"about":[{"href":"https:\/\/www.kibrishost.com\/tak\/wp-json\/wp\/v2\/types\/post"}],"author":[{"embeddable":true,"href":"https:\/\/www.kibrishost.com\/tak\/wp-json\/wp\/v2\/users\/1"}],"replies":[{"embeddable":true,"href":"https:\/\/www.kibrishost.com\/tak\/wp-json\/wp\/v2\/comments?post=150631"}],"version-history":[{"count":0,"href":"https:\/\/www.kibrishost.com\/tak\/wp-json\/wp\/v2\/posts\/150631\/revisions"}],"wp:featuredmedia":[{"embeddable":true,"href":"https:\/\/www.kibrishost.com\/tak\/wp-json\/wp\/v2\/media\/150632"}],"wp:attachment":[{"href":"https:\/\/www.kibrishost.com\/tak\/wp-json\/wp\/v2\/media?parent=150631"}],"wp:term":[{"taxonomy":"category","embeddable":true,"href":"https:\/\/www.kibrishost.com\/tak\/wp-json\/wp\/v2\/categories?post=150631"},{"taxonomy":"post_tag","embeddable":true,"href":"https:\/\/www.kibrishost.com\/tak\/wp-json\/wp\/v2\/tags?post=150631"}],"curies":[{"name":"wp","href":"https:\/\/api.w.org\/{rel}","templated":true}]}}