{"id":150627,"date":"2026-09-01T09:10:11","date_gmt":"2026-09-01T06:10:11","guid":{"rendered":"https:\/\/www.kibrishost.com\/tak\/sanghay-isbirligi-orgutunun-25-yili-sio-devlet-baskanlari-konseyi-toplantisi-biskekte-basladi\/"},"modified":"2026-09-01T09:10:11","modified_gmt":"2026-09-01T06:10:11","slug":"sanghay-isbirligi-orgutunun-25-yili-sio-devlet-baskanlari-konseyi-toplantisi-biskekte-basladi","status":"publish","type":"post","link":"https:\/\/www.kibrishost.com\/tak\/sanghay-isbirligi-orgutunun-25-yili-sio-devlet-baskanlari-konseyi-toplantisi-biskekte-basladi\/","title":{"rendered":"\u015eanghay \u0130\u015fbirli\u011fi \u00d6rg\u00fct\u00fc\u2019n\u00fcn 25. Y\u0131l\u0131: \u015e\u0130\u00d6 Devlet Ba\u015fkanlar\u0131 Konseyi Toplant\u0131s\u0131 Bi\u015fkek&#8217;te ba\u015flad\u0131"},"content":{"rendered":"<p>\u015eanghay \u0130\u015fbirli\u011fi \u00d6rg\u00fct\u00fc (\u015e\u0130\u00d6) \u00fcye \u00fclkelerinin devlet ve h\u00fck\u00fcmet ba\u015fkanlar\u0131n\u0131n kat\u0131ld\u0131\u011f\u0131 \u015e\u0130\u00d6 Devlet Ba\u015fkanlar\u0131 Konseyi Toplant\u0131s\u0131, K\u0131rg\u0131zistan&#8217;\u0131n ba\u015fkenti Bi\u015fkek&#8217;te ba\u015flad\u0131.<\/p>\n<p>Cumhurba\u015fkan\u0131 Sad\u0131r Caparov, Ir\u0131s Ordo Kongre Merkezi&#8217;nde d\u00fczenlenen \u015e\u0130\u00d6 Devlet Ba\u015fkanlar\u0131 Konseyi Toplant\u0131s\u0131 kapsam\u0131nda \u015e\u0130\u00d6 \u00fcyesi \u00fclke devlet ve h\u00fck\u00fcmet ba\u015fkanlar\u0131n\u0131 tek tek kar\u015f\u0131lad\u0131, geleneksel &#8220;aile foto\u011fraf\u0131&#8221; \u00e7ektirildi.<\/p>\n<p>A\u00e7\u0131l\u0131\u015f konu\u015fmas\u0131nda \u00d6zbekistan&#8217;\u0131n 1 Eyl\u00fcl Ba\u011f\u0131ms\u0131zl\u0131k G\u00fcn\u00fc&#8217;n\u00fc kutlayan Caparov, \u00d6zbekistan Cumhurba\u015fkan\u0131 \u015eevket Mirziyoyev&#8217;in bu anlaml\u0131 g\u00fcnde Bi\u015fkek&#8217;te bulunmas\u0131ndan duydu\u011fu memnuniyeti dile getirdi.<\/p>\n<p>Caparov, toplant\u0131n\u0131n \u015e\u0130\u00d6&#8217;n\u00fcn 25. kurulu\u015f y\u0131l d\u00f6n\u00fcm\u00fcne denk geldi\u011fini belirterek, K\u0131rg\u0131zistan d\u00f6nem ba\u015fkanl\u0131\u011f\u0131n\u0131n &#8220;\u015e\u0130\u00d6&#8217;n\u00fcn 25 Y\u0131l\u0131: S\u00fcrd\u00fcr\u00fclebilir Bar\u0131\u015f, Kalk\u0131nma ve Refah \u0130\u00e7in Birlikte&#8221; slogan\u0131yla y\u00fcr\u00fct\u00fcld\u00fc\u011f\u00fcn\u00fc ifade etti.<\/p>\n<p>\u00d6rg\u00fct\u00fcn s\u0131n\u0131r g\u00fcvenli\u011fi mekanizmalar\u0131ndan uluslararas\u0131 alanda s\u00f6z sahibi k\u00fcresel bir akt\u00f6re d\u00f6n\u00fc\u015ft\u00fc\u011f\u00fcn\u00fc s\u00f6yleyen Caparov, \u015e\u0130\u00d6 \u00fcyesi devletlerin d\u00fcnya n\u00fcfusunun y\u00fczde 40&#8217;\u0131ndan fazlas\u0131n\u0131 ve k\u00fcresel Gayri Safi Yurt \u0130\u00e7i Has\u0131la&#8217;n\u0131n (GSYH) yakla\u015f\u0131k d\u00f6rtte birini temsil etti\u011fini dile getirdi.<\/p>\n<p>K\u0131rg\u0131zistan&#8217;\u0131n d\u00f6nem ba\u015fkanl\u0131\u011f\u0131 felsefesinin &#8220;Birlik, refah\u0131n temelidir&#8221; s\u00f6z\u00fcne dayand\u0131\u011f\u0131n\u0131n alt\u0131n\u0131 \u00e7izen Caparov, bu anlay\u0131\u015f\u0131n \u015eanghay ruhunun \u00f6z\u00fcn\u00fc yans\u0131tt\u0131\u011f\u0131n\u0131 ifade etti.<\/p>\n<p>D\u00f6nem ba\u015fkanl\u0131\u011f\u0131 s\u00fcresince yakla\u015f\u0131k 200 etkinlik ger\u00e7ekle\u015ftirildi\u011fini belirten Caparov, g\u00fcvenlik i\u015fbirli\u011fi, ekonomik ve ula\u015f\u0131m ba\u011flant\u0131lar\u0131 ile k\u00fclt\u00fcrel ba\u011flar\u0131n geli\u015ftirildi\u011fini, ayr\u0131ca dijital kalk\u0131nma ve yapay zekan\u0131n \u00f6rg\u00fct\u00fcn pratik \u00f6ncelikleri aras\u0131na dahil edildi\u011fini s\u00f6yledi.<\/p>\n<p>Sad\u0131r Caparov, \u015e\u0130\u00d6&#8217;n\u00fcn 25. y\u0131l d\u00f6n\u00fcm\u00fcn\u00fcn sadece geride kalan \u00e7eyrek asr\u0131 \u00f6zetlemekle kalmay\u0131p, s\u00fcrd\u00fcr\u00fclebilir bar\u0131\u015f, ortak kalk\u0131nma ve refah odakl\u0131 yeni bir sayfa a\u00e7mak i\u00e7in \u00f6nemli bir f\u0131rsat sundu\u011funu vurgulad\u0131.<\/p>\n<p>\u00dcye devletlerin koordineli \u00e7\u00f6z\u00fcmlerle \u00f6rg\u00fct\u00fcn geli\u015fiminde yeni bir a\u015fama ba\u015flataca\u011f\u0131na inand\u0131\u011f\u0131n\u0131 dile getiren Caparov, konu\u015fmas\u0131n\u0131n sonunda \u015eanghay \u0130\u015fbirli\u011fi \u00d6rg\u00fct\u00fc Devlet ve H\u00fck\u00fcmet Ba\u015fkanlar\u0131 Konseyi Toplant\u0131s\u0131&#8217;n\u0131n resmen ba\u015flad\u0131\u011f\u0131n\u0131 ifade etti.<\/p>\n<p>Bas\u0131na kapal\u0131 devam eden toplant\u0131n\u0131n sonunda \u015e\u0130\u00d6&#8217;n\u00fcn 25. y\u0131l d\u00f6n\u00fcm\u00fcn\u00fc simgeleyen &#8220;Bi\u015fkek Deklarasyonu&#8221; imzalanacak.<\/p>\n<p>\u015e\u0130\u00d6 Devlet Ba\u015fkanlar\u0131 Konseyi Toplant\u0131s\u0131&#8217;na, Belarus Devlet Ba\u015fkan\u0131 Aleksandr Luka\u015fenko, Hindistan Ba\u015fbakan\u0131 Narendra Modi, \u0130ran Cumhurba\u015fkan\u0131 Mesud Peze\u015fkiyan, Kazakistan Cumhurba\u015fkan\u0131 Kas\u0131m C\u00f6mert Tokayev, \u00c7in Devlet Ba\u015fkan\u0131 \u015ei Cinping, Rusya Devlet Ba\u015fkan\u0131 Vladimir Putin, Pakistan Ba\u015fbakan\u0131 \u015eahbaz \u015eerif, Tacikistan Cumhurba\u015fkan\u0131 \u0130mamali Rahman ve \u00d6zbekistan Cumhurba\u015fkan\u0131 \u015eevket Mirziyoyev kat\u0131ld\u0131.<\/p>\n<p>Toplant\u0131n\u0131n ard\u0131ndan T\u00fcrkiye Cumhurba\u015fkan\u0131 Recep Tayyip Erdo\u011fan&#8217;\u0131n kat\u0131laca\u011f\u0131 \u015eanghay \u0130\u015fbirli\u011fi \u00d6rg\u00fct\u00fc Devlet ve H\u00fck\u00fcmet Ba\u015fkanlar\u0131 Zirvesi (\u015e\u0130\u00d6 art\u0131) ba\u015flayacak.<\/p>\n<p>\u015e\u0130\u00d6 b\u00fcnyesinde tam \u00fcye stat\u00fcs\u00fcnde olmayan T\u00fcrkiye, 2012&#8217;de \u00f6rg\u00fcte &#8220;diyalog orta\u011f\u0131&#8221; olarak kat\u0131lm\u0131\u015ft\u0131.<\/p><\/p>\n","protected":false},"excerpt":{"rendered":"<p>\u015eanghay \u0130\u015fbirli\u011fi \u00d6rg\u00fct\u00fc (\u015e\u0130\u00d6) \u00fcye \u00fclkelerinin devlet ve h\u00fck\u00fcmet ba\u015fkanlar\u0131n\u0131n kat\u0131ld\u0131\u011f\u0131 \u015e\u0130\u00d6 Devlet Ba\u015fkanlar\u0131 Konseyi Toplant\u0131s\u0131, K\u0131rg\u0131zistan&#8217;\u0131n ba\u015fkenti Bi\u015fkek&#8217;te ba\u015flad\u0131. Cumhurba\u015fkan\u0131 Sad\u0131r Caparov, Ir\u0131s Ordo Kongre Merkezi&#8217;nde d\u00fczenlenen \u015e\u0130\u00d6 Devlet Ba\u015fkanlar\u0131 Konseyi Toplant\u0131s\u0131 kapsam\u0131nda \u015e\u0130\u00d6 \u00fcyesi \u00fclke devlet ve h\u00fck\u00fcmet ba\u015fkanlar\u0131n\u0131 tek tek kar\u015f\u0131lad\u0131, geleneksel &#8220;aile foto\u011fraf\u0131&#8221; \u00e7ektirildi. A\u00e7\u0131l\u0131\u015f konu\u015fmas\u0131nda \u00d6zbekistan&#8217;\u0131n 1 Eyl\u00fcl Ba\u011f\u0131ms\u0131zl\u0131k G\u00fcn\u00fc&#8217;n\u00fc &hellip;<\/p>\n","protected":false},"author":1,"featured_media":150628,"comment_status":"open","ping_status":"open","sticky":false,"template":"","format":"standard","meta":{"footnotes":""},"categories":[4],"tags":[2851,9655,398,13625,102,932,4910,18841,48667,48668,549,1174],"class_list":["post-150627","post","type-post","status-publish","format-standard","has-post-thumbnail","hentry","category-dunya","tag-2851","tag-baskanlari","tag-basladi","tag-biskekte","tag-devlet","tag-isbirligi","tag-konseyi","tag-orgutunun","tag-sanghay","tag-sio","tag-toplantisi","tag-yili"],"_links":{"self":[{"href":"https:\/\/www.kibrishost.com\/tak\/wp-json\/wp\/v2\/posts\/150627"}],"collection":[{"href":"https:\/\/www.kibrishost.com\/tak\/wp-json\/wp\/v2\/posts"}],"about":[{"href":"https:\/\/www.kibrishost.com\/tak\/wp-json\/wp\/v2\/types\/post"}],"author":[{"embeddable":true,"href":"https:\/\/www.kibrishost.com\/tak\/wp-json\/wp\/v2\/users\/1"}],"replies":[{"embeddable":true,"href":"https:\/\/www.kibrishost.com\/tak\/wp-json\/wp\/v2\/comments?post=150627"}],"version-history":[{"count":0,"href":"https:\/\/www.kibrishost.com\/tak\/wp-json\/wp\/v2\/posts\/150627\/revisions"}],"wp:featuredmedia":[{"embeddable":true,"href":"https:\/\/www.kibrishost.com\/tak\/wp-json\/wp\/v2\/media\/150628"}],"wp:attachment":[{"href":"https:\/\/www.kibrishost.com\/tak\/wp-json\/wp\/v2\/media?parent=150627"}],"wp:term":[{"taxonomy":"category","embeddable":true,"href":"https:\/\/www.kibrishost.com\/tak\/wp-json\/wp\/v2\/categories?post=150627"},{"taxonomy":"post_tag","embeddable":true,"href":"https:\/\/www.kibrishost.com\/tak\/wp-json\/wp\/v2\/tags?post=150627"}],"curies":[{"name":"wp","href":"https:\/\/api.w.org\/{rel}","templated":true}]}}