{"id":150625,"date":"2026-09-01T08:50:19","date_gmt":"2026-09-01T05:50:19","guid":{"rendered":"https:\/\/www.kibrishost.com\/tak\/omuraliyevden-girnede-batan-yolcu-gemisinde-hayatini-kaybedenler-icin-taziye-mesaji\/"},"modified":"2026-09-01T08:50:19","modified_gmt":"2026-09-01T05:50:19","slug":"omuraliyevden-girnede-batan-yolcu-gemisinde-hayatini-kaybedenler-icin-taziye-mesaji","status":"publish","type":"post","link":"https:\/\/www.kibrishost.com\/tak\/omuraliyevden-girnede-batan-yolcu-gemisinde-hayatini-kaybedenler-icin-taziye-mesaji\/","title":{"rendered":"\u00d6m\u00fcraliyev&#8217;den Girne\u2019de batan yolcu gemisinde hayat\u0131n\u0131 kaybedenler i\u00e7in taziye mesaj\u0131"},"content":{"rendered":"<p>T\u00fcrk Devletleri Te\u015fkilat\u0131 (TDT) Genel Sekreteri Kuban\u0131\u00e7bek \u00d6m\u00fcraliyev, KKTC\u2019nin Girne Liman\u0131&#8217;ndan Mersin&#8217;deki Ta\u015fucu Liman\u0131&#8217;na gitmek \u00fczere hareket eden yolcu gemisinin alabora olmas\u0131 sonucu ya\u015fanan can kay\u0131plar\u0131ndan derin \u00fcz\u00fcnt\u00fc duydu\u011funu bildirdi.<\/p>\n<p>TDT Sekretaryas\u0131ndan yap\u0131lan a\u00e7\u0131klamaya g\u00f6re \u00d6m\u00fcraliyev, yay\u0131mlad\u0131\u011f\u0131 taziye mesaj\u0131nda, KKTC&#8217;nin Girne a\u00e7\u0131klar\u0131nda meydana gelen ve can kay\u0131plar\u0131na yol a\u00e7an &#8220;elim feribot kazas\u0131n\u0131 derin bir \u00fcz\u00fcnt\u00fcyle \u00f6\u011frendi\u011fini&#8221; belirtti.<\/p>\n<p>\u00d6m\u00fcraliyev, &#8220;T\u00fcrk Devletleri Te\u015fkilat\u0131 ve \u015fahs\u0131m ad\u0131na, hayat\u0131n\u0131 kaybedenlerin ailelerine ve yak\u0131nlar\u0131na, karde\u015f T\u00fcrkiye ve Kuzey K\u0131br\u0131s T\u00fcrk Cumhuriyeti halklar\u0131na en i\u00e7ten taziyelerimi sunuyorum. Y\u00fcce Allah\u2019tan bu elim kazada hayat\u0131n\u0131 kaybedenlere rahmet, kederli ailelerine ve yak\u0131nlar\u0131na sab\u0131r ve metanet diliyor, yaralananlara acil \u015fifalar temenni ediyorum.&#8221; ifadelerini kulland\u0131.<\/p>\n<\/p>\n<p>\u00a0<\/p><\/p>\n","protected":false},"excerpt":{"rendered":"<p>T\u00fcrk Devletleri Te\u015fkilat\u0131 (TDT) Genel Sekreteri Kuban\u0131\u00e7bek \u00d6m\u00fcraliyev, KKTC\u2019nin Girne Liman\u0131&#8217;ndan Mersin&#8217;deki Ta\u015fucu Liman\u0131&#8217;na gitmek \u00fczere hareket eden yolcu gemisinin alabora olmas\u0131 sonucu ya\u015fanan can kay\u0131plar\u0131ndan derin \u00fcz\u00fcnt\u00fc duydu\u011funu bildirdi. TDT Sekretaryas\u0131ndan yap\u0131lan a\u00e7\u0131klamaya g\u00f6re \u00d6m\u00fcraliyev, yay\u0131mlad\u0131\u011f\u0131 taziye mesaj\u0131nda, KKTC&#8217;nin Girne a\u00e7\u0131klar\u0131nda meydana gelen ve can kay\u0131plar\u0131na yol a\u00e7an &#8220;elim feribot kazas\u0131n\u0131 derin bir \u00fcz\u00fcnt\u00fcyle &hellip;<\/p>\n","protected":false},"author":1,"featured_media":150626,"comment_status":"open","ping_status":"open","sticky":false,"template":"","format":"standard","meta":{"footnotes":""},"categories":[2],"tags":[1542,33168,2116,676,116,966,2548,36228,3700,706],"class_list":["post-150625","post","type-post","status-publish","format-standard","has-post-thumbnail","hentry","category-kibris","tag-batan","tag-gemisinde","tag-girnede","tag-hayatini","tag-icin","tag-kaybedenler","tag-mesaji","tag-omuraliyevden","tag-taziye","tag-yolcu"],"_links":{"self":[{"href":"https:\/\/www.kibrishost.com\/tak\/wp-json\/wp\/v2\/posts\/150625"}],"collection":[{"href":"https:\/\/www.kibrishost.com\/tak\/wp-json\/wp\/v2\/posts"}],"about":[{"href":"https:\/\/www.kibrishost.com\/tak\/wp-json\/wp\/v2\/types\/post"}],"author":[{"embeddable":true,"href":"https:\/\/www.kibrishost.com\/tak\/wp-json\/wp\/v2\/users\/1"}],"replies":[{"embeddable":true,"href":"https:\/\/www.kibrishost.com\/tak\/wp-json\/wp\/v2\/comments?post=150625"}],"version-history":[{"count":0,"href":"https:\/\/www.kibrishost.com\/tak\/wp-json\/wp\/v2\/posts\/150625\/revisions"}],"wp:featuredmedia":[{"embeddable":true,"href":"https:\/\/www.kibrishost.com\/tak\/wp-json\/wp\/v2\/media\/150626"}],"wp:attachment":[{"href":"https:\/\/www.kibrishost.com\/tak\/wp-json\/wp\/v2\/media?parent=150625"}],"wp:term":[{"taxonomy":"category","embeddable":true,"href":"https:\/\/www.kibrishost.com\/tak\/wp-json\/wp\/v2\/categories?post=150625"},{"taxonomy":"post_tag","embeddable":true,"href":"https:\/\/www.kibrishost.com\/tak\/wp-json\/wp\/v2\/tags?post=150625"}],"curies":[{"name":"wp","href":"https:\/\/api.w.org\/{rel}","templated":true}]}}