{"id":150623,"date":"2026-09-01T08:40:20","date_gmt":"2026-09-01T05:40:20","guid":{"rendered":"https:\/\/www.kibrishost.com\/tak\/lefke-ve-yesilirmak-bolgelerine-duzenli-elektrik-verilmeye-basladi\/"},"modified":"2026-09-01T08:40:20","modified_gmt":"2026-09-01T05:40:20","slug":"lefke-ve-yesilirmak-bolgelerine-duzenli-elektrik-verilmeye-basladi","status":"publish","type":"post","link":"https:\/\/www.kibrishost.com\/tak\/lefke-ve-yesilirmak-bolgelerine-duzenli-elektrik-verilmeye-basladi\/","title":{"rendered":"Lefke ve Ye\u015fil\u0131rmak b\u00f6lgelerine d\u00fczenli elektrik verilmeye ba\u015flad\u0131"},"content":{"rendered":"<p>K\u0131br\u0131s T\u00fcrk Elektrik Kurumu M\u00fcd\u00fcr\u00fc Dalman Ayd\u0131n, alternatif hatt\u0131n d\u00fcn ak\u015fam tamamlanarak Lefke ve Ye\u015fil\u0131rmak b\u00f6lgelerine d\u00fczenli elektrik verilmeye ba\u015flad\u0131\u011f\u0131n\u0131 a\u00e7\u0131klad\u0131.\u00a0<\/p>\n<p>Ayd\u0131n TAK\u2019a yapt\u0131\u011f\u0131 a\u00e7\u0131klamada, b\u00f6lgede meydana gelen ar\u0131za ard\u0131ndan yap\u0131lan alternatif hatt\u0131n d\u00fcn ak\u015fam itibar\u0131yla tamamlanarak devreye al\u0131nd\u0131\u011f\u0131n\u0131 ve b\u00f6lgeye d\u00fczenli elektrik verildi\u011fini s\u00f6yledi.\u00a0<\/p>\n<p>B\u00f6lgede cumartesi g\u00fcn\u00fc ya\u015fanan f\u0131rt\u0131na ve do\u011fal afet nedeniyle y\u00fcksek gerilim hatt\u0131nda ar\u0131za meydana gelmi\u015f ve elektrik ge\u00e7ici olarak d\u00f6n\u00fc\u015f\u00fcml\u00fc veriliyordu.\u00a0<\/p>\n<p>(TU\u011e<\/p><\/p>\n","protected":false},"excerpt":{"rendered":"<p>K\u0131br\u0131s T\u00fcrk Elektrik Kurumu M\u00fcd\u00fcr\u00fc Dalman Ayd\u0131n, alternatif hatt\u0131n d\u00fcn ak\u015fam tamamlanarak Lefke ve Ye\u015fil\u0131rmak b\u00f6lgelerine d\u00fczenli elektrik verilmeye ba\u015flad\u0131\u011f\u0131n\u0131 a\u00e7\u0131klad\u0131.\u00a0 Ayd\u0131n TAK\u2019a yapt\u0131\u011f\u0131 a\u00e7\u0131klamada, b\u00f6lgede meydana gelen ar\u0131za ard\u0131ndan yap\u0131lan alternatif hatt\u0131n d\u00fcn ak\u015fam itibar\u0131yla tamamlanarak devreye al\u0131nd\u0131\u011f\u0131n\u0131 ve b\u00f6lgeye d\u00fczenli elektrik verildi\u011fini s\u00f6yledi.\u00a0 B\u00f6lgede cumartesi g\u00fcn\u00fc ya\u015fanan f\u0131rt\u0131na ve do\u011fal afet nedeniyle y\u00fcksek &hellip;<\/p>\n","protected":false},"author":1,"featured_media":150624,"comment_status":"open","ping_status":"open","sticky":false,"template":"","format":"standard","meta":{"footnotes":""},"categories":[2],"tags":[398,4003,12471,792,108,10423,4377],"class_list":["post-150623","post","type-post","status-publish","format-standard","has-post-thumbnail","hentry","category-kibris","tag-basladi","tag-bolgelerine","tag-duzenli","tag-elektrik","tag-lefke","tag-verilmeye","tag-yesilirmak"],"_links":{"self":[{"href":"https:\/\/www.kibrishost.com\/tak\/wp-json\/wp\/v2\/posts\/150623"}],"collection":[{"href":"https:\/\/www.kibrishost.com\/tak\/wp-json\/wp\/v2\/posts"}],"about":[{"href":"https:\/\/www.kibrishost.com\/tak\/wp-json\/wp\/v2\/types\/post"}],"author":[{"embeddable":true,"href":"https:\/\/www.kibrishost.com\/tak\/wp-json\/wp\/v2\/users\/1"}],"replies":[{"embeddable":true,"href":"https:\/\/www.kibrishost.com\/tak\/wp-json\/wp\/v2\/comments?post=150623"}],"version-history":[{"count":0,"href":"https:\/\/www.kibrishost.com\/tak\/wp-json\/wp\/v2\/posts\/150623\/revisions"}],"wp:featuredmedia":[{"embeddable":true,"href":"https:\/\/www.kibrishost.com\/tak\/wp-json\/wp\/v2\/media\/150624"}],"wp:attachment":[{"href":"https:\/\/www.kibrishost.com\/tak\/wp-json\/wp\/v2\/media?parent=150623"}],"wp:term":[{"taxonomy":"category","embeddable":true,"href":"https:\/\/www.kibrishost.com\/tak\/wp-json\/wp\/v2\/categories?post=150623"},{"taxonomy":"post_tag","embeddable":true,"href":"https:\/\/www.kibrishost.com\/tak\/wp-json\/wp\/v2\/tags?post=150623"}],"curies":[{"name":"wp","href":"https:\/\/api.w.org\/{rel}","templated":true}]}}