{"id":150621,"date":"2026-08-31T21:40:18","date_gmt":"2026-08-31T18:40:18","guid":{"rendered":"https:\/\/www.kibrishost.com\/tak\/ustel-calismalarimiz-gece-boyunca-da-ayni-kararlilikla-devam-edecek\/"},"modified":"2026-08-31T21:40:18","modified_gmt":"2026-08-31T18:40:18","slug":"ustel-calismalarimiz-gece-boyunca-da-ayni-kararlilikla-devam-edecek","status":"publish","type":"post","link":"https:\/\/www.kibrishost.com\/tak\/ustel-calismalarimiz-gece-boyunca-da-ayni-kararlilikla-devam-edecek\/","title":{"rendered":"\u00dcstel: \u00c7al\u0131\u015fmalar\u0131m\u0131z gece boyunca da ayn\u0131 kararl\u0131l\u0131kla devam edecek"},"content":{"rendered":"<p>Ba\u015fbakan \u00dcnal \u00dcstel, kat\u0131ld\u0131\u011f\u0131 cenaze t\u00f6reni sonras\u0131 yeniden Girne Liman\u0131\u2019na giderek kay\u0131p yak\u0131nlar\u0131yla bir araya geldi. \u00dcstel, ailelere s\u00fcrd\u00fcr\u00fclen arama kurtarma faaliyetleri hakk\u0131nda bilgi verdi, \u201cEn b\u00fcy\u00fck \u00f6nceli\u011fimiz kay\u0131p insanlar\u0131m\u0131za ula\u015fmakt\u0131r. \u00c7al\u0131\u015fmalar\u0131m\u0131z g\u00fcnd\u00fcz oldu\u011fu gibi gece boyunca da ayn\u0131 kararl\u0131l\u0131kla devam edecektir\u201d dedi.<\/p>\n<p>&#8220;Girne a\u00e7\u0131klar\u0131nda ya\u015fanan deniz felaketinin ard\u0131ndan ba\u015flat\u0131lan arama kurtarma \u00e7al\u0131\u015fmalar\u0131, T\u00fcrkiye Cumhuriyeti\u2019nin g\u00fc\u00e7l\u00fc deste\u011fi ve ilgili t\u00fcm birimlerin kat\u0131l\u0131m\u0131yla 7 g\u00fcn 24 saat esas\u0131na g\u00f6re kesintisiz \u015fekilde devam ediyor\u201d diyen \u00dcstel, Bu gece ger\u00e7ekle\u015ftirilecek arama kurtarma ve g\u00f6r\u00fcnt\u00fc aktarma faaliyetlerinde 8 gemi, 9 bot, 1 u\u00e7ak, 7 helikopter ve 5 \u0130HA\u2019n\u0131n g\u00f6rev yapaca\u011f\u0131n\u0131 bildirdi.<\/p>\n<p>\u00dcstel, arama kurtarma kapasitesini daha da g\u00fc\u00e7lendirmek amac\u0131yla yar\u0131n T\u00fcrkiye\u2019den derin deniz arama kabiliyetine sahip ve 1000 metre derinli\u011fe kadar \u00e7al\u0131\u015fma yapabilen \u00f6zel arama gemisinin de b\u00f6lgeye ula\u015fmas\u0131n\u0131n beklendi\u011fini ifade etti. <\/p>\n<p>-Deniz seferleri yar\u0131ndan itibaren ba\u015flayacak<\/p>\n<p>Deniz ula\u015f\u0131m\u0131n\u0131n aksamamas\u0131 i\u00e7in gerekli d\u00fczenlemelerin yap\u0131ld\u0131\u011f\u0131n\u0131 aktaran \u00dcstel, yar\u0131ndan itibaren deniz seferlerinin yeniden ba\u015flayaca\u011f\u0131n\u0131 belirtti. <\/p>\n<p>\u00dcstel a\u00e7\u0131klamas\u0131n\u0131 \u015f\u00f6yle s\u00fcrd\u00fcrd\u00fc:<\/p>\n<p>\u201cYa\u015fanan olay nedeniyle biletini ald\u0131\u011f\u0131 halde yolculu\u011funu ger\u00e7ekle\u015ftiremeyen vatanda\u015flar\u0131n ma\u011fduriyet ya\u015famamas\u0131 i\u00e7in ilgili bakanl\u0131k taraf\u0131ndan y\u00fcr\u00fct\u00fclen \u00e7al\u0131\u015fmalar da tamamland\u0131. Bu vatanda\u015flar\u0131n bilet haklar\u0131n\u0131n korunmas\u0131na y\u00f6nelik gerekli t\u00fcz\u00fck de\u011fi\u015fikli\u011fi bug\u00fcn ge\u00e7irilerek sorun \u00e7\u00f6z\u00fcme kavu\u015fturuldu. Gece de durmayaca\u011f\u0131z. Kay\u0131p insanlar\u0131m\u0131za ula\u015fabilmek i\u00e7in t\u00fcm imkanlar\u0131m\u0131zla sahada olmaya devam edece\u011fiz\u201d<\/p><\/p>\n","protected":false},"excerpt":{"rendered":"<p>Ba\u015fbakan \u00dcnal \u00dcstel, kat\u0131ld\u0131\u011f\u0131 cenaze t\u00f6reni sonras\u0131 yeniden Girne Liman\u0131\u2019na giderek kay\u0131p yak\u0131nlar\u0131yla bir araya geldi. \u00dcstel, ailelere s\u00fcrd\u00fcr\u00fclen arama kurtarma faaliyetleri hakk\u0131nda bilgi verdi, \u201cEn b\u00fcy\u00fck \u00f6nceli\u011fimiz kay\u0131p insanlar\u0131m\u0131za ula\u015fmakt\u0131r. \u00c7al\u0131\u015fmalar\u0131m\u0131z g\u00fcnd\u00fcz oldu\u011fu gibi gece boyunca da ayn\u0131 kararl\u0131l\u0131kla devam edecektir\u201d dedi. &#8220;Girne a\u00e7\u0131klar\u0131nda ya\u015fanan deniz felaketinin ard\u0131ndan ba\u015flat\u0131lan arama kurtarma \u00e7al\u0131\u015fmalar\u0131, T\u00fcrkiye Cumhuriyeti\u2019nin &hellip;<\/p>\n","protected":false},"author":1,"featured_media":150622,"comment_status":"open","ping_status":"open","sticky":false,"template":"","format":"standard","meta":{"footnotes":""},"categories":[2],"tags":[657,5188,7520,340,888,89,15437,1016],"class_list":["post-150621","post","type-post","status-publish","format-standard","has-post-thumbnail","hentry","category-kibris","tag-ayni","tag-boyunca","tag-calismalarimiz","tag-devam","tag-edecek","tag-gece","tag-kararlilikla","tag-ustel"],"_links":{"self":[{"href":"https:\/\/www.kibrishost.com\/tak\/wp-json\/wp\/v2\/posts\/150621"}],"collection":[{"href":"https:\/\/www.kibrishost.com\/tak\/wp-json\/wp\/v2\/posts"}],"about":[{"href":"https:\/\/www.kibrishost.com\/tak\/wp-json\/wp\/v2\/types\/post"}],"author":[{"embeddable":true,"href":"https:\/\/www.kibrishost.com\/tak\/wp-json\/wp\/v2\/users\/1"}],"replies":[{"embeddable":true,"href":"https:\/\/www.kibrishost.com\/tak\/wp-json\/wp\/v2\/comments?post=150621"}],"version-history":[{"count":0,"href":"https:\/\/www.kibrishost.com\/tak\/wp-json\/wp\/v2\/posts\/150621\/revisions"}],"wp:featuredmedia":[{"embeddable":true,"href":"https:\/\/www.kibrishost.com\/tak\/wp-json\/wp\/v2\/media\/150622"}],"wp:attachment":[{"href":"https:\/\/www.kibrishost.com\/tak\/wp-json\/wp\/v2\/media?parent=150621"}],"wp:term":[{"taxonomy":"category","embeddable":true,"href":"https:\/\/www.kibrishost.com\/tak\/wp-json\/wp\/v2\/categories?post=150621"},{"taxonomy":"post_tag","embeddable":true,"href":"https:\/\/www.kibrishost.com\/tak\/wp-json\/wp\/v2\/tags?post=150621"}],"curies":[{"name":"wp","href":"https:\/\/api.w.org\/{rel}","templated":true}]}}