{"id":150619,"date":"2026-08-31T21:30:41","date_gmt":"2026-08-31T18:30:41","guid":{"rendered":"https:\/\/www.kibrishost.com\/tak\/deniz-faciasinda-olen-2-kisinin-cenazeleri-mersine-goturuldu\/"},"modified":"2026-08-31T21:30:41","modified_gmt":"2026-08-31T18:30:41","slug":"deniz-faciasinda-olen-2-kisinin-cenazeleri-mersine-goturuldu","status":"publish","type":"post","link":"https:\/\/www.kibrishost.com\/tak\/deniz-faciasinda-olen-2-kisinin-cenazeleri-mersine-goturuldu\/","title":{"rendered":"Deniz facias\u0131nda \u00f6len 2 ki\u015finin cenazeleri Mersin&#8217;e g\u00f6t\u00fcr\u00fcld\u00fc"},"content":{"rendered":"<p>Girne a\u00e7\u0131klar\u0131nda yolcu gemisinin alabora olmas\u0131 sonucu hayat\u0131n\u0131 kaybeden H\u00fcseyin \u00d6zdemir ve Reyhan Verim&#8217;in cenazeleri Mersin&#8217;e g\u00f6t\u00fcr\u00fcld\u00fc.<\/p>\n<p>U\u00e7akla \u00c7ukurova Uluslararas\u0131 Havaliman\u0131&#8217;na g\u00f6t\u00fcr\u00fclen ve havaliman\u0131nda Mersin Valisi Atilla Toros ve yak\u0131nlar\u0131 taraf\u0131ndan teslim al\u0131nan cenazeler, yar\u0131n topra\u011fa verilecek.<\/p><\/p>\n","protected":false},"excerpt":{"rendered":"<p>Girne a\u00e7\u0131klar\u0131nda yolcu gemisinin alabora olmas\u0131 sonucu hayat\u0131n\u0131 kaybeden H\u00fcseyin \u00d6zdemir ve Reyhan Verim&#8217;in cenazeleri Mersin&#8217;e g\u00f6t\u00fcr\u00fcld\u00fc. U\u00e7akla \u00c7ukurova Uluslararas\u0131 Havaliman\u0131&#8217;na g\u00f6t\u00fcr\u00fclen ve havaliman\u0131nda Mersin Valisi Atilla Toros ve yak\u0131nlar\u0131 taraf\u0131ndan teslim al\u0131nan cenazeler, yar\u0131n topra\u011fa verilecek.<\/p>\n","protected":false},"author":1,"featured_media":150620,"comment_status":"open","ping_status":"open","sticky":false,"template":"","format":"standard","meta":{"footnotes":""},"categories":[3],"tags":[48666,521,19749,6415,2761,10955,201],"class_list":["post-150619","post","type-post","status-publish","format-standard","has-post-thumbnail","hentry","category-turkiye","tag-cenazeleri","tag-deniz","tag-faciasinda","tag-goturuldu","tag-kisinin","tag-mersine","tag-olen"],"_links":{"self":[{"href":"https:\/\/www.kibrishost.com\/tak\/wp-json\/wp\/v2\/posts\/150619"}],"collection":[{"href":"https:\/\/www.kibrishost.com\/tak\/wp-json\/wp\/v2\/posts"}],"about":[{"href":"https:\/\/www.kibrishost.com\/tak\/wp-json\/wp\/v2\/types\/post"}],"author":[{"embeddable":true,"href":"https:\/\/www.kibrishost.com\/tak\/wp-json\/wp\/v2\/users\/1"}],"replies":[{"embeddable":true,"href":"https:\/\/www.kibrishost.com\/tak\/wp-json\/wp\/v2\/comments?post=150619"}],"version-history":[{"count":0,"href":"https:\/\/www.kibrishost.com\/tak\/wp-json\/wp\/v2\/posts\/150619\/revisions"}],"wp:featuredmedia":[{"embeddable":true,"href":"https:\/\/www.kibrishost.com\/tak\/wp-json\/wp\/v2\/media\/150620"}],"wp:attachment":[{"href":"https:\/\/www.kibrishost.com\/tak\/wp-json\/wp\/v2\/media?parent=150619"}],"wp:term":[{"taxonomy":"category","embeddable":true,"href":"https:\/\/www.kibrishost.com\/tak\/wp-json\/wp\/v2\/categories?post=150619"},{"taxonomy":"post_tag","embeddable":true,"href":"https:\/\/www.kibrishost.com\/tak\/wp-json\/wp\/v2\/tags?post=150619"}],"curies":[{"name":"wp","href":"https:\/\/api.w.org\/{rel}","templated":true}]}}