{"id":150615,"date":"2026-08-31T20:10:20","date_gmt":"2026-08-31T17:10:20","guid":{"rendered":"https:\/\/www.kibrishost.com\/tak\/turkiye-disisleri-bakan-yardimcisi-ozel-her-turlu-destegi-vermeye-haziriz\/"},"modified":"2026-08-31T20:10:27","modified_gmt":"2026-08-31T17:10:27","slug":"turkiye-disisleri-bakan-yardimcisi-ozel-her-turlu-destegi-vermeye-haziriz","status":"publish","type":"post","link":"https:\/\/www.kibrishost.com\/tak\/turkiye-disisleri-bakan-yardimcisi-ozel-her-turlu-destegi-vermeye-haziriz\/","title":{"rendered":"T\u00fcrkiye D\u0131\u015fi\u015fleri Bakan Yard\u0131mc\u0131s\u0131 \u00d6zel: Her t\u00fcrl\u00fc deste\u011fi vermeye haz\u0131r\u0131z"},"content":{"rendered":"<p>T\u00fcrkiye D\u0131\u015fi\u015fleri Bakan Yard\u0131mc\u0131s\u0131 H. Ali \u00d6zel, Girne Liman\u0131 a\u00e7\u0131klar\u0131nda meydana gelen gemi kazas\u0131 sonras\u0131nda KKTC\u2019yi ziyaret ederek, Ba\u015fbakan \u00dcnal \u00dcstel, Sa\u011fl\u0131k Bakan\u0131 Dr. Hakan Din\u00e7y\u00fcrek ve di\u011fer \u00fcst d\u00fczey yetkililerden bilgi ald\u0131.<\/p>\n<p>Bakan Yard\u0131mc\u0131s\u0131 \u00d6zel ayr\u0131ca, hastanede tedavi g\u00f6ren vatanda\u015flar\u0131 ziyaret ederek ge\u00e7mi\u015f olsun dileklerini iletti. \u00d6zel, kazazedelerin ve vatanda\u015flar\u0131n ihtiya\u00e7lar\u0131n\u0131n kar\u015f\u0131lanmas\u0131 ve T\u00fcrkiye\u2019ye intikallerinin sa\u011flanmas\u0131 konusunda \u00e7al\u0131\u015fmalar\u0131n devam etti\u011fini ve di\u011fer her t\u00fcrl\u00fc deste\u011fi vermeye haz\u0131r olduklar\u0131n\u0131 ifade etti.<\/p>\n<\/p>\n<p><img decoding=\"async\" width=\"1024\" height=\"768\" src=\"https:\/\/www.kibrishost.com\/tak\/wp-content\/uploads\/2026\/08\/turkiye-disisleri-bakan-yardimcisi-ozel-her-turlu-destegi-vermeye-haziriz-1-1024x768.jpeg\" class=\"aligncenter wp-image-150617\" alt=\"T\u00fcrkiye D\u0131\u015fi\u015fleri Bakan Yard\u0131mc\u0131s\u0131 \u00d6zel: Her t\u00fcrl\u00fc deste\u011fi vermeye haz\u0131r\u0131z\" loading=\"lazy\" srcset=\"https:\/\/www.kibrishost.com\/tak\/wp-content\/uploads\/2026\/08\/turkiye-disisleri-bakan-yardimcisi-ozel-her-turlu-destegi-vermeye-haziriz-1-1024x768.jpeg 1024w, https:\/\/www.kibrishost.com\/tak\/wp-content\/uploads\/2026\/08\/turkiye-disisleri-bakan-yardimcisi-ozel-her-turlu-destegi-vermeye-haziriz-1-300x225.jpeg 300w, https:\/\/www.kibrishost.com\/tak\/wp-content\/uploads\/2026\/08\/turkiye-disisleri-bakan-yardimcisi-ozel-her-turlu-destegi-vermeye-haziriz-1-768x576.jpeg 768w, https:\/\/www.kibrishost.com\/tak\/wp-content\/uploads\/2026\/08\/turkiye-disisleri-bakan-yardimcisi-ozel-her-turlu-destegi-vermeye-haziriz-1-1536x1152.jpeg 1536w, https:\/\/www.kibrishost.com\/tak\/wp-content\/uploads\/2026\/08\/turkiye-disisleri-bakan-yardimcisi-ozel-her-turlu-destegi-vermeye-haziriz-1.jpeg 1600w\" sizes=\"(max-width: 1024px) 100vw, 1024px\" \/><\/p>\n","protected":false},"excerpt":{"rendered":"<p>T\u00fcrkiye D\u0131\u015fi\u015fleri Bakan Yard\u0131mc\u0131s\u0131 H. Ali \u00d6zel, Girne Liman\u0131 a\u00e7\u0131klar\u0131nda meydana gelen gemi kazas\u0131 sonras\u0131nda KKTC\u2019yi ziyaret ederek, Ba\u015fbakan \u00dcnal \u00dcstel, Sa\u011fl\u0131k Bakan\u0131 Dr. Hakan Din\u00e7y\u00fcrek ve di\u011fer \u00fcst d\u00fczey yetkililerden bilgi ald\u0131. Bakan Yard\u0131mc\u0131s\u0131 \u00d6zel ayr\u0131ca, hastanede tedavi g\u00f6ren vatanda\u015flar\u0131 ziyaret ederek ge\u00e7mi\u015f olsun dileklerini iletti. \u00d6zel, kazazedelerin ve vatanda\u015flar\u0131n ihtiya\u00e7lar\u0131n\u0131n kar\u015f\u0131lanmas\u0131 ve T\u00fcrkiye\u2019ye &hellip;<\/p>\n","protected":false},"author":1,"featured_media":150616,"comment_status":"open","ping_status":"open","sticky":false,"template":"","format":"standard","meta":{"footnotes":""},"categories":[2],"tags":[488,3670,1019,5384,82,3575,6,5176,568,184],"class_list":["post-150615","post","type-post","status-publish","format-standard","has-post-thumbnail","hentry","category-kibris","tag-bakan","tag-destegi","tag-disisleri","tag-haziriz","tag-her","tag-ozel","tag-turkiye","tag-turlu","tag-vermeye","tag-yardimcisi"],"_links":{"self":[{"href":"https:\/\/www.kibrishost.com\/tak\/wp-json\/wp\/v2\/posts\/150615"}],"collection":[{"href":"https:\/\/www.kibrishost.com\/tak\/wp-json\/wp\/v2\/posts"}],"about":[{"href":"https:\/\/www.kibrishost.com\/tak\/wp-json\/wp\/v2\/types\/post"}],"author":[{"embeddable":true,"href":"https:\/\/www.kibrishost.com\/tak\/wp-json\/wp\/v2\/users\/1"}],"replies":[{"embeddable":true,"href":"https:\/\/www.kibrishost.com\/tak\/wp-json\/wp\/v2\/comments?post=150615"}],"version-history":[{"count":1,"href":"https:\/\/www.kibrishost.com\/tak\/wp-json\/wp\/v2\/posts\/150615\/revisions"}],"predecessor-version":[{"id":150618,"href":"https:\/\/www.kibrishost.com\/tak\/wp-json\/wp\/v2\/posts\/150615\/revisions\/150618"}],"wp:featuredmedia":[{"embeddable":true,"href":"https:\/\/www.kibrishost.com\/tak\/wp-json\/wp\/v2\/media\/150616"}],"wp:attachment":[{"href":"https:\/\/www.kibrishost.com\/tak\/wp-json\/wp\/v2\/media?parent=150615"}],"wp:term":[{"taxonomy":"category","embeddable":true,"href":"https:\/\/www.kibrishost.com\/tak\/wp-json\/wp\/v2\/categories?post=150615"},{"taxonomy":"post_tag","embeddable":true,"href":"https:\/\/www.kibrishost.com\/tak\/wp-json\/wp\/v2\/tags?post=150615"}],"curies":[{"name":"wp","href":"https:\/\/api.w.org\/{rel}","templated":true}]}}