{"id":150613,"date":"2026-08-31T19:40:22","date_gmt":"2026-08-31T16:40:22","guid":{"rendered":"https:\/\/www.kibrishost.com\/tak\/gemi-kazasinda-hayatini-kaybeden-59-yasindaki-nuray-ozbiler-gazimagusada-topraga-verildi\/"},"modified":"2026-08-31T19:40:22","modified_gmt":"2026-08-31T16:40:22","slug":"gemi-kazasinda-hayatini-kaybeden-59-yasindaki-nuray-ozbiler-gazimagusada-topraga-verildi","status":"publish","type":"post","link":"https:\/\/www.kibrishost.com\/tak\/gemi-kazasinda-hayatini-kaybeden-59-yasindaki-nuray-ozbiler-gazimagusada-topraga-verildi\/","title":{"rendered":"Gemi kazas\u0131nda hayat\u0131n\u0131 kaybeden 59 ya\u015f\u0131ndaki Nuray \u00d6zbiler Gazima\u011fusa&#8217;da topra\u011fa verildi"},"content":{"rendered":"<p>Girne a\u00e7\u0131klar\u0131nda meydana gelen gemi kazas\u0131nda hayat\u0131n\u0131 kaybeden Gazima\u011fusa\u2019da sakin 59 ya\u015f\u0131ndaki Nuray Zeytun \u00d6zbiler bug\u00fcn son yolculu\u011funa u\u011furland\u0131.<\/p>\n<p>\u00d6zbiler\u2019in cenazesi ikindi namaz\u0131na m\u00fcteakip k\u0131l\u0131nan cenaze namaz\u0131n\u0131n ard\u0131ndan g\u00f6zya\u015flar\u0131 aras\u0131nda Gazima\u011fusa Mezarl\u0131\u011f\u0131\u2019nda topra\u011fa verildi.<\/p>\n<p>Cenaze t\u00f6renine Ba\u015fbakan \u00dcnal \u00dcstel, Cumhuriyet\u00e7i T\u00fcrk Partisi Genel Ba\u015fkan\u0131 S\u0131la Usar \u0130ncirli, baz\u0131 bakanlar, milletvekilleri ve sevenleri kat\u0131ld\u0131.<\/p>\n<p>15 Ocak 1967 do\u011fumlu olan \u00d6zbiler, evli ve 4 \u00e7ocuk annesiydi.<\/p>\n<p>\u00a0<\/p><\/p>\n","protected":false},"excerpt":{"rendered":"<p>Girne a\u00e7\u0131klar\u0131nda meydana gelen gemi kazas\u0131nda hayat\u0131n\u0131 kaybeden Gazima\u011fusa\u2019da sakin 59 ya\u015f\u0131ndaki Nuray Zeytun \u00d6zbiler bug\u00fcn son yolculu\u011funa u\u011furland\u0131. \u00d6zbiler\u2019in cenazesi ikindi namaz\u0131na m\u00fcteakip k\u0131l\u0131nan cenaze namaz\u0131n\u0131n ard\u0131ndan g\u00f6zya\u015flar\u0131 aras\u0131nda Gazima\u011fusa Mezarl\u0131\u011f\u0131\u2019nda topra\u011fa verildi. Cenaze t\u00f6renine Ba\u015fbakan \u00dcnal \u00dcstel, Cumhuriyet\u00e7i T\u00fcrk Partisi Genel Ba\u015fkan\u0131 S\u0131la Usar \u0130ncirli, baz\u0131 bakanlar, milletvekilleri ve sevenleri kat\u0131ld\u0131. 15 Ocak &hellip;<\/p>\n","protected":false},"author":1,"featured_media":150614,"comment_status":"open","ping_status":"open","sticky":false,"template":"","format":"standard","meta":{"footnotes":""},"categories":[2],"tags":[726,16445,676,3634,1972,48664,48665,10609,702,1148],"class_list":["post-150613","post","type-post","status-publish","format-standard","has-post-thumbnail","hentry","category-kibris","tag-gazimagusada","tag-gemi","tag-hayatini","tag-kaybeden","tag-kazasinda","tag-nuray","tag-ozbiler","tag-topraga","tag-verildi","tag-yasindaki"],"_links":{"self":[{"href":"https:\/\/www.kibrishost.com\/tak\/wp-json\/wp\/v2\/posts\/150613"}],"collection":[{"href":"https:\/\/www.kibrishost.com\/tak\/wp-json\/wp\/v2\/posts"}],"about":[{"href":"https:\/\/www.kibrishost.com\/tak\/wp-json\/wp\/v2\/types\/post"}],"author":[{"embeddable":true,"href":"https:\/\/www.kibrishost.com\/tak\/wp-json\/wp\/v2\/users\/1"}],"replies":[{"embeddable":true,"href":"https:\/\/www.kibrishost.com\/tak\/wp-json\/wp\/v2\/comments?post=150613"}],"version-history":[{"count":0,"href":"https:\/\/www.kibrishost.com\/tak\/wp-json\/wp\/v2\/posts\/150613\/revisions"}],"wp:featuredmedia":[{"embeddable":true,"href":"https:\/\/www.kibrishost.com\/tak\/wp-json\/wp\/v2\/media\/150614"}],"wp:attachment":[{"href":"https:\/\/www.kibrishost.com\/tak\/wp-json\/wp\/v2\/media?parent=150613"}],"wp:term":[{"taxonomy":"category","embeddable":true,"href":"https:\/\/www.kibrishost.com\/tak\/wp-json\/wp\/v2\/categories?post=150613"},{"taxonomy":"post_tag","embeddable":true,"href":"https:\/\/www.kibrishost.com\/tak\/wp-json\/wp\/v2\/tags?post=150613"}],"curies":[{"name":"wp","href":"https:\/\/api.w.org\/{rel}","templated":true}]}}