{"id":150611,"date":"2026-08-31T19:30:26","date_gmt":"2026-08-31T16:30:26","guid":{"rendered":"https:\/\/www.kibrishost.com\/tak\/turkiye-disisleri-bakani-fidan-mekke-savunma-ittifakinin-ilk-kurumsal-kararlarinin-resmen-alindigini-duyurdu\/"},"modified":"2026-08-31T19:30:26","modified_gmt":"2026-08-31T16:30:26","slug":"turkiye-disisleri-bakani-fidan-mekke-savunma-ittifakinin-ilk-kurumsal-kararlarinin-resmen-alindigini-duyurdu","status":"publish","type":"post","link":"https:\/\/www.kibrishost.com\/tak\/turkiye-disisleri-bakani-fidan-mekke-savunma-ittifakinin-ilk-kurumsal-kararlarinin-resmen-alindigini-duyurdu\/","title":{"rendered":"T\u00fcrkiye D\u0131\u015fi\u015fleri Bakan\u0131 Fidan, Mekke Savunma \u0130ttifak\u0131&#8217;n\u0131n ilk kurumsal kararlar\u0131n\u0131n resmen al\u0131nd\u0131\u011f\u0131n\u0131 duyurdu"},"content":{"rendered":"<p>T\u00fcrkiye D\u0131\u015fi\u015fleri Bakan\u0131 Hakan Fidan, Stratejik Siyasi ve Savunma Komitesi toplant\u0131s\u0131nda, Mekke Savunma \u0130ttifak\u0131&#8217;n\u0131n ilk kurumsal kararlar\u0131n\u0131n resmen al\u0131nd\u0131\u011f\u0131n\u0131 bildirdi.<\/p>\n<p>Fidan, ABD merkezli X \u015firketinin sosyal medya platformundaki hesab\u0131ndan, Mekke Ortak Savunma Anla\u015fmas\u0131 kapsam\u0131nda tesis edilen Stratejik Siyasi ve Savunma Komitesinin \u0130stanbul&#8217;da d\u00fczenlenen ilk toplant\u0131s\u0131na ili\u015fkin payla\u015f\u0131m yapt\u0131.<\/p>\n<p>Bakan Fidan, &#8220;Bug\u00fcn Pakistanl\u0131 ve Suudi Arabistanl\u0131 karde\u015flerimizle beraber \u0130stanbul&#8217;da ger\u00e7ekle\u015ftirdi\u011fimiz Stratejik Siyasi ve Savunma Komitesi toplant\u0131s\u0131nda, Mekke Savunma \u0130ttifak\u0131&#8217;n\u0131n ilk kurumsal kararlar\u0131n\u0131 resmen ald\u0131k. Katk\u0131da bulunan t\u00fcm yetkililere te\u015fekk\u00fcr ediyoruz. B\u00f6lgemiz i\u00e7in tekrar hay\u0131rl\u0131 olsun.&#8221; ifadelerini kulland\u0131.<\/p>\n<p>T\u00fcrkiye, Pakistan ve Suudi Arabistan D\u0131\u015fi\u015fleri ve Savunma Bakanlar\u0131 ile Genelkurmay Ba\u015fkanlar\u0131, Mekke Ortak Savunma Anla\u015fmas\u0131&#8217;yla te\u015fkil edilen Stratejik Siyasi ve Savunma Komitesi format\u0131nda \u0130stanbul&#8217;da bug\u00fcn bir araya gelmi\u015fti.<\/p><\/p>\n","protected":false},"excerpt":{"rendered":"<p>T\u00fcrkiye D\u0131\u015fi\u015fleri Bakan\u0131 Hakan Fidan, Stratejik Siyasi ve Savunma Komitesi toplant\u0131s\u0131nda, Mekke Savunma \u0130ttifak\u0131&#8217;n\u0131n ilk kurumsal kararlar\u0131n\u0131n resmen al\u0131nd\u0131\u011f\u0131n\u0131 bildirdi. Fidan, ABD merkezli X \u015firketinin sosyal medya platformundaki hesab\u0131ndan, Mekke Ortak Savunma Anla\u015fmas\u0131 kapsam\u0131nda tesis edilen Stratejik Siyasi ve Savunma Komitesinin \u0130stanbul&#8217;da d\u00fczenlenen ilk toplant\u0131s\u0131na ili\u015fkin payla\u015f\u0131m yapt\u0131. Bakan Fidan, &#8220;Bug\u00fcn Pakistanl\u0131 ve Suudi Arabistanl\u0131 &hellip;<\/p>\n","protected":false},"author":1,"featured_media":150612,"comment_status":"open","ping_status":"open","sticky":false,"template":"","format":"standard","meta":{"footnotes":""},"categories":[3],"tags":[8242,314,1019,795,3611,547,31171,47556,6847,47870,2456,1182,6],"class_list":["post-150611","post","type-post","status-publish","format-standard","has-post-thumbnail","hentry","category-turkiye","tag-alindigini","tag-bakani","tag-disisleri","tag-duyurdu","tag-fidan","tag-ilk","tag-ittifakinin","tag-kararlarinin","tag-kurumsal","tag-mekke","tag-resmen","tag-savunma","tag-turkiye"],"_links":{"self":[{"href":"https:\/\/www.kibrishost.com\/tak\/wp-json\/wp\/v2\/posts\/150611"}],"collection":[{"href":"https:\/\/www.kibrishost.com\/tak\/wp-json\/wp\/v2\/posts"}],"about":[{"href":"https:\/\/www.kibrishost.com\/tak\/wp-json\/wp\/v2\/types\/post"}],"author":[{"embeddable":true,"href":"https:\/\/www.kibrishost.com\/tak\/wp-json\/wp\/v2\/users\/1"}],"replies":[{"embeddable":true,"href":"https:\/\/www.kibrishost.com\/tak\/wp-json\/wp\/v2\/comments?post=150611"}],"version-history":[{"count":0,"href":"https:\/\/www.kibrishost.com\/tak\/wp-json\/wp\/v2\/posts\/150611\/revisions"}],"wp:featuredmedia":[{"embeddable":true,"href":"https:\/\/www.kibrishost.com\/tak\/wp-json\/wp\/v2\/media\/150612"}],"wp:attachment":[{"href":"https:\/\/www.kibrishost.com\/tak\/wp-json\/wp\/v2\/media?parent=150611"}],"wp:term":[{"taxonomy":"category","embeddable":true,"href":"https:\/\/www.kibrishost.com\/tak\/wp-json\/wp\/v2\/categories?post=150611"},{"taxonomy":"post_tag","embeddable":true,"href":"https:\/\/www.kibrishost.com\/tak\/wp-json\/wp\/v2\/tags?post=150611"}],"curies":[{"name":"wp","href":"https:\/\/api.w.org\/{rel}","templated":true}]}}