{"id":150609,"date":"2026-08-31T19:10:19","date_gmt":"2026-08-31T16:10:19","guid":{"rendered":"https:\/\/www.kibrishost.com\/tak\/dem-partiden-erhurmana-mektup-batan-gemiyle-ilgili-tbmmde-arastirma-komisyonu-olusturulmasi-da-dahil-uzerimize-duseni-yapacagiz\/"},"modified":"2026-08-31T19:10:19","modified_gmt":"2026-08-31T16:10:19","slug":"dem-partiden-erhurmana-mektup-batan-gemiyle-ilgili-tbmmde-arastirma-komisyonu-olusturulmasi-da-dahil-uzerimize-duseni-yapacagiz","status":"publish","type":"post","link":"https:\/\/www.kibrishost.com\/tak\/dem-partiden-erhurmana-mektup-batan-gemiyle-ilgili-tbmmde-arastirma-komisyonu-olusturulmasi-da-dahil-uzerimize-duseni-yapacagiz\/","title":{"rendered":"DEM Parti&#8217;den Erh\u00fcrman&#8217;a mektup: &#8220;Batan gemiyle ilgili TBMM&#8217;de ara\u015ft\u0131rma komisyonu olu\u015fturulmas\u0131 da dahil \u00fczerimize d\u00fc\u015feni yapaca\u011f\u0131z&#8221;"},"content":{"rendered":"<p>DEM Parti, Girne a\u00e7\u0131klar\u0131nda d\u00fcn alabora olan yolcu gemisiyle ilgili Cumhurba\u015fkan\u0131 Tufan Erh\u00fcrman&#8217;a mektup g\u00f6ndererek,\u00a0TBMM&#8217;de ara\u015ft\u0131rma komisyonu olu\u015fturulmas\u0131 da dahil \u00fczerlerine d\u00fc\u015feni yapaca\u011f\u0131n\u0131 belirtti.<\/p>\n<p>E\u015f Genel Ba\u015fkanlar T\u00fclay Hatimo\u011fullar\u0131 ve Tuncer Bak\u0131rhan imzas\u0131n\u0131 ta\u015f\u0131yan mektupta, olayda hayat\u0131n\u0131 kaybedenlere Allah&#8217;tan rahmet, ailelerine ba\u015fsa\u011fl\u0131\u011f\u0131 dile\u011finde bulunuldu.<\/p>\n<p>Mektupta, \u015fu ifadelere yer verildi:<\/p>\n<p>&#8220;Ya\u015fanan bu b\u00fcy\u00fck ac\u0131 kar\u015f\u0131s\u0131nda, hayat\u0131n\u0131 kaybedenlere Allah&#8217;tan rahmet, kederli ailelerine ve halklar\u0131m\u0131za en i\u00e7ten ba\u015fsa\u011fl\u0131\u011f\u0131 dileklerimizi iletiyoruz. Kay\u0131p olanlar\u0131n y\u00fcr\u00fct\u00fclen arama-kurtarma \u00e7al\u0131\u015fmalar\u0131 neticesinde bir an \u00f6nce sa\u011f salim bulunmas\u0131 en b\u00fcy\u00fck temennimizdir. Bu trajedinin nedenlerinin hi\u00e7bir \u015f\u00fcpheye yer b\u0131rakmayacak \u015fekilde a\u00e7\u0131\u011fa \u00e7\u0131kar\u0131lmas\u0131, adalet ve kamu vicdan\u0131 a\u00e7\u0131s\u0131ndan hayati \u00f6nem ta\u015f\u0131maktad\u0131r. Faciaya ili\u015fkin soru\u015fturman\u0131n hem T\u00fcrkiye hem de Kuzey K\u0131br\u0131s aya\u011f\u0131nda \u015feffaf, titiz ve sa\u011fl\u0131kl\u0131 bir \u015fekilde y\u00fcr\u00fct\u00fclebilmesi ad\u0131na DEM Parti olarak konunun takip\u00e7isi olaca\u011f\u0131m\u0131z\u0131, TBMM&#8217;de bir ara\u015ft\u0131rma komisyonu olu\u015fturulmas\u0131 da dahil olmak \u00fczere \u00fczerimize d\u00fc\u015fen ne varsa eksiksiz bi\u00e7imde yap\u0131laca\u011f\u0131n\u0131 bilmenizi isteriz.&#8221;<\/p><\/p>\n","protected":false},"excerpt":{"rendered":"<p>DEM Parti, Girne a\u00e7\u0131klar\u0131nda d\u00fcn alabora olan yolcu gemisiyle ilgili Cumhurba\u015fkan\u0131 Tufan Erh\u00fcrman&#8217;a mektup g\u00f6ndererek,\u00a0TBMM&#8217;de ara\u015ft\u0131rma komisyonu olu\u015fturulmas\u0131 da dahil \u00fczerlerine d\u00fc\u015feni yapaca\u011f\u0131n\u0131 belirtti. E\u015f Genel Ba\u015fkanlar T\u00fclay Hatimo\u011fullar\u0131 ve Tuncer Bak\u0131rhan imzas\u0131n\u0131 ta\u015f\u0131yan mektupta, olayda hayat\u0131n\u0131 kaybedenlere Allah&#8217;tan rahmet, ailelerine ba\u015fsa\u011fl\u0131\u011f\u0131 dile\u011finde bulunuldu. Mektupta, \u015fu ifadelere yer verildi: &#8220;Ya\u015fanan bu b\u00fcy\u00fck ac\u0131 kar\u015f\u0131s\u0131nda, hayat\u0131n\u0131 &hellip;<\/p>\n","protected":false},"author":1,"featured_media":150610,"comment_status":"open","ping_status":"open","sticky":false,"template":"","format":"standard","meta":{"footnotes":""},"categories":[2],"tags":[342,1542,262,15434,34551,31895,29015,2322,3104,10180,42681,17900,2367,26707,1541],"class_list":["post-150609","post","type-post","status-publish","format-standard","has-post-thumbnail","hentry","category-kibris","tag-arastirma","tag-batan","tag-dahil","tag-dem","tag-duseni","tag-erhurmana","tag-gemiyle","tag-ilgili","tag-komisyonu","tag-mektup","tag-olusturulmasi","tag-partiden","tag-tbmmde","tag-uzerimize","tag-yapacagiz"],"_links":{"self":[{"href":"https:\/\/www.kibrishost.com\/tak\/wp-json\/wp\/v2\/posts\/150609"}],"collection":[{"href":"https:\/\/www.kibrishost.com\/tak\/wp-json\/wp\/v2\/posts"}],"about":[{"href":"https:\/\/www.kibrishost.com\/tak\/wp-json\/wp\/v2\/types\/post"}],"author":[{"embeddable":true,"href":"https:\/\/www.kibrishost.com\/tak\/wp-json\/wp\/v2\/users\/1"}],"replies":[{"embeddable":true,"href":"https:\/\/www.kibrishost.com\/tak\/wp-json\/wp\/v2\/comments?post=150609"}],"version-history":[{"count":0,"href":"https:\/\/www.kibrishost.com\/tak\/wp-json\/wp\/v2\/posts\/150609\/revisions"}],"wp:featuredmedia":[{"embeddable":true,"href":"https:\/\/www.kibrishost.com\/tak\/wp-json\/wp\/v2\/media\/150610"}],"wp:attachment":[{"href":"https:\/\/www.kibrishost.com\/tak\/wp-json\/wp\/v2\/media?parent=150609"}],"wp:term":[{"taxonomy":"category","embeddable":true,"href":"https:\/\/www.kibrishost.com\/tak\/wp-json\/wp\/v2\/categories?post=150609"},{"taxonomy":"post_tag","embeddable":true,"href":"https:\/\/www.kibrishost.com\/tak\/wp-json\/wp\/v2\/tags?post=150609"}],"curies":[{"name":"wp","href":"https:\/\/api.w.org\/{rel}","templated":true}]}}