{"id":150607,"date":"2026-08-31T18:50:21","date_gmt":"2026-08-31T15:50:21","guid":{"rendered":"https:\/\/www.kibrishost.com\/tak\/turkiyenin-lefkosa-buyukelciligi-bunyesinde-kurulan-kriz-masasi-kazazedeler-icin-seferber-oldu\/"},"modified":"2026-08-31T18:50:21","modified_gmt":"2026-08-31T15:50:21","slug":"turkiyenin-lefkosa-buyukelciligi-bunyesinde-kurulan-kriz-masasi-kazazedeler-icin-seferber-oldu","status":"publish","type":"post","link":"https:\/\/www.kibrishost.com\/tak\/turkiyenin-lefkosa-buyukelciligi-bunyesinde-kurulan-kriz-masasi-kazazedeler-icin-seferber-oldu\/","title":{"rendered":"T\u00fcrkiye&#8217;nin Lefko\u015fa B\u00fcy\u00fckel\u00e7ili\u011fi b\u00fcnyesinde kurulan &#8220;Kriz Masas\u0131&#8221; kazazedeler i\u00e7in seferber oldu"},"content":{"rendered":"<p>T\u00fcrkiye&#8217;nin Lefko\u015fa B\u00fcy\u00fckel\u00e7ili\u011finin, Girne a\u00e7\u0131klar\u0131nda yolcu gemisinin alabora olmas\u0131n\u0131n ard\u0131ndan kurdu\u011fu &#8220;Kriz Masas\u0131&#8221; kazazedelere ve yak\u0131nlar\u0131na geni\u015f kapsaml\u0131 destek program\u0131 ba\u015flatt\u0131.<\/p>\n<p>Al\u0131nan bilgiye g\u00f6re, T\u00fcrkiye&#8217;nin Lefko\u015fa B\u00fcy\u00fckel\u00e7ili\u011finin kurdu\u011fu &#8220;Kriz Masas\u0131&#8221; g\u00f6revlileri, Girne a\u00e7\u0131klar\u0131nda alabora olduktan sonra batan gemiden kurtar\u0131lan yaral\u0131lar\u0131 ziyaret etti, kazazedelerin ve yak\u0131nlar\u0131n\u0131n temel ihtiya\u00e7lar\u0131n\u0131 kar\u015f\u0131lad\u0131.<\/p>\n<p>Tedavileri tamamlanarak taburcu olanlar otellere transfer edilerek konaklamalar\u0131 sa\u011flan\u0131rken, T\u00fcrkiye&#8217;ye d\u00f6nmek isteyen kazazedelerin gidecekleri yere bak\u0131lmaks\u0131z\u0131n u\u00e7ak biletleri al\u0131nd\u0131.<\/p>\n<p>Kay\u0131p yolcular\u0131n yak\u0131nlar\u0131 anbean yetkililer taraf\u0131ndan bilgilendirilirken, kimlik kartlar\u0131n\u0131 kaybedenler i\u00e7in &#8220;Ge\u00e7ici Seyahat Belgesi&#8221; d\u00fczenlenmeye ba\u015fland\u0131. B\u00f6ylece kazazedelerin hem resmi i\u015flemleri hem de T\u00fcrkiye&#8217;ye d\u00f6n\u00fc\u015f i\u015flemleri h\u0131zland\u0131r\u0131lm\u0131\u015f oldu.<\/p>\n<p>Kazada ya\u015fam\u0131n\u0131 yitirenlerin cenazelerinin T\u00fcrkiye&#8217;ye g\u00f6nderilmesi sa\u011flan\u0131rken, kazazedelere ayr\u0131ca i\u00e7inde insani ihtiya\u00e7lar, giysi ve hijyen \u00fcr\u00fcnleri olan paketler da\u011f\u0131t\u0131ld\u0131.<\/p>\n<p>T\u00fcrkiye&#8217;nin Lefko\u015fa B\u00fcy\u00fckel\u00e7ili\u011fi koordinasyonunda T\u00fcrkiye&#8217;nin ilgili kurumlar\u0131 da geminin alabora olmas\u0131n\u0131n ard\u0131ndan kazazedelere y\u00f6nelik seferber edildi.<\/p><\/p>\n","protected":false},"excerpt":{"rendered":"<p>T\u00fcrkiye&#8217;nin Lefko\u015fa B\u00fcy\u00fckel\u00e7ili\u011finin, Girne a\u00e7\u0131klar\u0131nda yolcu gemisinin alabora olmas\u0131n\u0131n ard\u0131ndan kurdu\u011fu &#8220;Kriz Masas\u0131&#8221; kazazedelere ve yak\u0131nlar\u0131na geni\u015f kapsaml\u0131 destek program\u0131 ba\u015flatt\u0131. Al\u0131nan bilgiye g\u00f6re, T\u00fcrkiye&#8217;nin Lefko\u015fa B\u00fcy\u00fckel\u00e7ili\u011finin kurdu\u011fu &#8220;Kriz Masas\u0131&#8221; g\u00f6revlileri, Girne a\u00e7\u0131klar\u0131nda alabora olduktan sonra batan gemiden kurtar\u0131lan yaral\u0131lar\u0131 ziyaret etti, kazazedelerin ve yak\u0131nlar\u0131n\u0131n temel ihtiya\u00e7lar\u0131n\u0131 kar\u015f\u0131lad\u0131. Tedavileri tamamlanarak taburcu olanlar otellere transfer edilerek &hellip;<\/p>\n","protected":false},"author":1,"featured_media":150608,"comment_status":"open","ping_status":"open","sticky":false,"template":"","format":"standard","meta":{"footnotes":""},"categories":[2],"tags":[56,3501,7460,116,48663,5695,12924,3395,100,32578,811],"class_list":["post-150607","post","type-post","status-publish","format-standard","has-post-thumbnail","hentry","category-kibris","tag-lefkosa","tag-bunyesinde","tag-buyukelciligi","tag-icin","tag-kazazedeler","tag-kriz","tag-kurulan","tag-masasi","tag-oldu","tag-seferber","tag-turkiyenin"],"_links":{"self":[{"href":"https:\/\/www.kibrishost.com\/tak\/wp-json\/wp\/v2\/posts\/150607"}],"collection":[{"href":"https:\/\/www.kibrishost.com\/tak\/wp-json\/wp\/v2\/posts"}],"about":[{"href":"https:\/\/www.kibrishost.com\/tak\/wp-json\/wp\/v2\/types\/post"}],"author":[{"embeddable":true,"href":"https:\/\/www.kibrishost.com\/tak\/wp-json\/wp\/v2\/users\/1"}],"replies":[{"embeddable":true,"href":"https:\/\/www.kibrishost.com\/tak\/wp-json\/wp\/v2\/comments?post=150607"}],"version-history":[{"count":0,"href":"https:\/\/www.kibrishost.com\/tak\/wp-json\/wp\/v2\/posts\/150607\/revisions"}],"wp:featuredmedia":[{"embeddable":true,"href":"https:\/\/www.kibrishost.com\/tak\/wp-json\/wp\/v2\/media\/150608"}],"wp:attachment":[{"href":"https:\/\/www.kibrishost.com\/tak\/wp-json\/wp\/v2\/media?parent=150607"}],"wp:term":[{"taxonomy":"category","embeddable":true,"href":"https:\/\/www.kibrishost.com\/tak\/wp-json\/wp\/v2\/categories?post=150607"},{"taxonomy":"post_tag","embeddable":true,"href":"https:\/\/www.kibrishost.com\/tak\/wp-json\/wp\/v2\/tags?post=150607"}],"curies":[{"name":"wp","href":"https:\/\/api.w.org\/{rel}","templated":true}]}}