{"id":150598,"date":"2026-08-31T18:10:27","date_gmt":"2026-08-31T15:10:27","guid":{"rendered":"https:\/\/www.kibrishost.com\/tak\/incirli-her-bir-sorumlunun-hukuk-onunde-hesap-vermesi-kritik-bir-oneme-sahip\/"},"modified":"2026-08-31T18:10:32","modified_gmt":"2026-08-31T15:10:32","slug":"incirli-her-bir-sorumlunun-hukuk-onunde-hesap-vermesi-kritik-bir-oneme-sahip","status":"publish","type":"post","link":"https:\/\/www.kibrishost.com\/tak\/incirli-her-bir-sorumlunun-hukuk-onunde-hesap-vermesi-kritik-bir-oneme-sahip\/","title":{"rendered":"\u0130ncirli: \u201cHer bir sorumlunun hukuk \u00f6n\u00fcnde hesap vermesi kritik bir \u00f6neme sahip\u201d"},"content":{"rendered":"<p>Cumhuriyet\u00e7i T\u00fcrk Partisi (CTP) Genel Ba\u015fkan\u0131 S\u0131la Usar \u0130ncirli, d\u00fcn Girne a\u00e7\u0131klar\u0131nda meydana gelen gemi facias\u0131yla birlikte \u00e7ok boyutlu bir krizin i\u00e7ine girildi\u011fini belirterek, olay\u0131n en sars\u0131c\u0131 ve en \u00f6nemli boyutunun insani y\u00f6n\u00fc oldu\u011funu s\u00f6yledi.<\/p>\n<p>CTP Bas\u0131n B\u00fcrosu\u2019ndan yap\u0131lan a\u00e7\u0131klamaya g\u00f6re \u0130ncirli, \u201cHer bir sorumlunun h\u0131zl\u0131, \u015feffaf ve g\u00fcvenilir bir \u015fekilde soru\u015fturulmas\u0131, hukuk \u00f6n\u00fcnde hesap vermesi bundan sonras\u0131 i\u00e7in kritik \u00f6neme sahiptir.\u201d dedi.<\/p>\n<p><strong>-\u201cEn i\u00e7ten ba\u015fsa\u011fl\u0131\u011f\u0131 ve ge\u00e7mi\u015f olsun dileklerimi sunuyorum\u201d<\/strong><\/p>\n<p>Can kay\u0131plar\u0131, kurtulanlar\u0131n ya\u015fad\u0131\u011f\u0131 travmalar ve ailelerin ac\u0131lar\u0131n\u0131n telafisi m\u00fcmk\u00fcn olmayan a\u011f\u0131r sonu\u00e7lar do\u011furdu\u011funu kaydeden \u0130ncirli, \u201cHen\u00fcz konu\u015fmaya ba\u015flamam\u0131\u015f bebekler, k\u00fc\u00e7\u00fck \u00e7ocuklar, ya\u015fl\u0131lar, yak\u0131nlar\u0131n\u0131 kaybedenler ve umutla kay\u0131plar\u0131n\u0131 bekleyenlerin y\u00fcre\u011finde onulmaz yaralar a\u00e7\u0131lm\u0131\u015ft\u0131r. Hayatlar\u0131n\u0131 kaybedenler i\u00e7in \u00e7ok \u00fczg\u00fcn\u00fcm. En i\u00e7ten ba\u015fsa\u011fl\u0131\u011f\u0131 ve ge\u00e7mi\u015f olsun dileklerimi sunuyorum.\u201d ifadelerini kulland\u0131.<\/p>\n<p>Arama-kurtarma \u00e7al\u0131\u015fmalar\u0131n\u0131n kurumlar, asker ve T\u00fcrkiye Cumhuriyeti\u2019nin deste\u011fiyle kesintisiz s\u00fcrmesinin hayati \u00f6nem ta\u015f\u0131d\u0131\u011f\u0131n\u0131 belirten \u0130ncirli, \u00f6zel teknelerin katk\u0131s\u0131n\u0131n da b\u00fcy\u00fck oldu\u011funu ve g\u00f6sterilen \u201cinsan\u00fcst\u00fc gayreti\u201d takdirle kar\u015f\u0131lad\u0131klar\u0131n\u0131 ifade etti.<\/p>\n<p><strong>-\u201cKamuoyu zaman\u0131nda ve yeterli derecede bilgilendirilemedi\u201d<\/strong><\/p>\n<p>Kriz durumlar\u0131nda devletin t\u00fcm kurumlar\u0131yla insanlar\u0131n yan\u0131nda olmas\u0131n\u0131n, ihtiya\u00e7lar\u0131 kar\u015f\u0131lamas\u0131n\u0131n ve kamuoyuna do\u011fru bilgiler vermesinin b\u00fcy\u00fck \u00f6nem ta\u015f\u0131d\u0131\u011f\u0131n\u0131 belirten \u0130ncirli, belediyeler arac\u0131l\u0131\u011f\u0131yla insani yard\u0131mlar ile psikolog ve psikiyatristler taraf\u0131ndan \u00e7al\u0131\u015fmalar yap\u0131lmas\u0131na ra\u011fmen psiko-sosyal destek a\u011f\u0131n\u0131n arzu edilen h\u0131zda, kapsamda ve koordinasyon i\u00e7inde olu\u015fturulamad\u0131\u011f\u0131n\u0131 s\u00f6yledi.<\/p>\n<p>\u0130ncirli, \u201cKamuoyu zaman\u0131nda ve yeterli derecede bilgilendirilmedi. Sorulan sorular cevaps\u0131z kald\u0131. Sonu\u00e7ta insanlar isyan etti. Bir yanda kay\u0131plar\u0131n\u0131 endi\u015fe i\u00e7inde bekleyen, di\u011fer yanda evlerine nas\u0131l d\u00f6nece\u011fini bilmeyen insanlar var.\u201d dedi.<\/p>\n<p><strong>-\u201cOlay\u0131n siyasi bir sorumlulu\u011fu da bulunmaktad\u0131r\u201d<\/strong><\/p>\n<p>Ya\u015fanan felaketin ve benzeri olaylar\u0131n kendili\u011finden meydana gelmedi\u011fini ifade eden \u0130ncirli, s\u00fcrecin arkas\u0131nda buna neden olan ki\u015filer ve kurumlar bulundu\u011funu belirtti.<\/p>\n<p>\u0130ncirli, \u201cOlay\u0131n siyasi bir sorumlulu\u011fu da bulunmaktad\u0131r. Her bir sorumlunun h\u0131zl\u0131, \u015feffaf ve g\u00fcvenilir bir \u015fekilde soru\u015fturulmas\u0131, hukuk \u00f6n\u00fcnde hesap vermesi bundan sonras\u0131 i\u00e7in kritik \u00f6neme sahiptir.\u201d ifadelerini kulland\u0131.<\/p>\n<p><strong>-\u201cH\u00fck\u00fcmetin ciddiyetle hareket etmesi gerek\u201d<\/strong><\/p>\n<p>Olay\u0131n, t\u00fcm d\u00fcnyan\u0131n yak\u0131ndan takip etti\u011fi uluslararas\u0131 bir g\u00fcvenlik boyutu da bulundu\u011funu belirten \u0130ncirli, devlet ciddiyeti i\u00e7inde davran\u0131lmas\u0131n\u0131n \u00f6nemli oldu\u011funu vurgulad\u0131.<\/p>\n<p>H\u00fck\u00fcmetin, d\u00fcnyan\u0131n g\u00f6z\u00fcn\u00fcn \u00fczerlerinde oldu\u011fu bilinci ve ciddiyetiyle hareket etmesi gerekti\u011fini ifade eden \u0130ncirli, \u201cda\u011f\u0131n\u0131k, \u00e7eli\u015fkili ve eksik bilgilendirme\u201d halinden bir an \u00f6nce \u00e7\u0131k\u0131lmas\u0131n\u0131n \u00f6nemine i\u015faret etti.<\/p>\n<p><strong>-\u201c\u00d6nceliklerimizden biri limanlar ve denizcilik altyap\u0131lar\u0131n\u0131n d\u00f6n\u00fc\u015ft\u00fcr\u00fclmesi olacak\u201d<\/strong><\/p>\n<p>\u0130ncirli a\u00e7\u0131klamas\u0131n\u0131, \u201cBu ac\u0131 olay, denizcilik politikalar\u0131n\u0131 y\u00f6netecek, t\u00fcm faaliyetleri s\u0131k\u0131 bir \u015fekilde denetleyecek g\u00fc\u00e7l\u00fc bir kurumsal yap\u0131ya ve \u00fcst otoriteye olan ihtiyac\u0131m\u0131z\u0131 bir kez daha g\u00f6zler \u00f6n\u00fcne sermi\u015ftir. \u00d6n\u00fcm\u00fczdeki d\u00f6nemde \u00f6nceliklerimizden bir tanesi de limanlar ve denizcilik altyap\u0131lar\u0131n\u0131n d\u00f6n\u00fc\u015ft\u00fcr\u00fclmesi olacakt\u0131r.\u201d ifadeleriyle tamamlad\u0131.<\/p>\n<\/p>\n<p><img decoding=\"async\" width=\"1024\" height=\"684\" src=\"https:\/\/www.kibrishost.com\/tak\/wp-content\/uploads\/2026\/08\/incirli-her-bir-sorumlunun-hukuk-onunde-hesap-vermesi-kritik-bir-oneme-sahip-1-1024x684.jpeg\" class=\"aligncenter wp-image-150600\" alt=\"\u0130ncirli: \u201cHer bir sorumlunun hukuk \u00f6n\u00fcnde hesap vermesi kritik bir \u00f6neme sahip\u201d\" loading=\"lazy\" srcset=\"https:\/\/www.kibrishost.com\/tak\/wp-content\/uploads\/2026\/08\/incirli-her-bir-sorumlunun-hukuk-onunde-hesap-vermesi-kritik-bir-oneme-sahip-1-1024x684.jpeg 1024w, https:\/\/www.kibrishost.com\/tak\/wp-content\/uploads\/2026\/08\/incirli-her-bir-sorumlunun-hukuk-onunde-hesap-vermesi-kritik-bir-oneme-sahip-1-300x200.jpeg 300w, https:\/\/www.kibrishost.com\/tak\/wp-content\/uploads\/2026\/08\/incirli-her-bir-sorumlunun-hukuk-onunde-hesap-vermesi-kritik-bir-oneme-sahip-1-768x513.jpeg 768w, https:\/\/www.kibrishost.com\/tak\/wp-content\/uploads\/2026\/08\/incirli-her-bir-sorumlunun-hukuk-onunde-hesap-vermesi-kritik-bir-oneme-sahip-1-1536x1025.jpeg 1536w, https:\/\/www.kibrishost.com\/tak\/wp-content\/uploads\/2026\/08\/incirli-her-bir-sorumlunun-hukuk-onunde-hesap-vermesi-kritik-bir-oneme-sahip-1.jpeg 2048w\" sizes=\"(max-width: 1024px) 100vw, 1024px\" \/><\/p>\n<p><img decoding=\"async\" width=\"1024\" height=\"684\" src=\"https:\/\/www.kibrishost.com\/tak\/wp-content\/uploads\/2026\/08\/incirli-her-bir-sorumlunun-hukuk-onunde-hesap-vermesi-kritik-bir-oneme-sahip-2-1024x684.jpeg\" class=\"aligncenter wp-image-150601\" alt=\"\u0130ncirli: \u201cHer bir sorumlunun hukuk \u00f6n\u00fcnde hesap vermesi kritik bir \u00f6neme sahip\u201d\" loading=\"lazy\" srcset=\"https:\/\/www.kibrishost.com\/tak\/wp-content\/uploads\/2026\/08\/incirli-her-bir-sorumlunun-hukuk-onunde-hesap-vermesi-kritik-bir-oneme-sahip-2-1024x684.jpeg 1024w, https:\/\/www.kibrishost.com\/tak\/wp-content\/uploads\/2026\/08\/incirli-her-bir-sorumlunun-hukuk-onunde-hesap-vermesi-kritik-bir-oneme-sahip-2-300x200.jpeg 300w, https:\/\/www.kibrishost.com\/tak\/wp-content\/uploads\/2026\/08\/incirli-her-bir-sorumlunun-hukuk-onunde-hesap-vermesi-kritik-bir-oneme-sahip-2-768x513.jpeg 768w, https:\/\/www.kibrishost.com\/tak\/wp-content\/uploads\/2026\/08\/incirli-her-bir-sorumlunun-hukuk-onunde-hesap-vermesi-kritik-bir-oneme-sahip-2-1536x1025.jpeg 1536w, https:\/\/www.kibrishost.com\/tak\/wp-content\/uploads\/2026\/08\/incirli-her-bir-sorumlunun-hukuk-onunde-hesap-vermesi-kritik-bir-oneme-sahip-2.jpeg 2048w\" sizes=\"(max-width: 1024px) 100vw, 1024px\" \/><\/p>\n","protected":false},"excerpt":{"rendered":"<p>Cumhuriyet\u00e7i T\u00fcrk Partisi (CTP) Genel Ba\u015fkan\u0131 S\u0131la Usar \u0130ncirli, d\u00fcn Girne a\u00e7\u0131klar\u0131nda meydana gelen gemi facias\u0131yla birlikte \u00e7ok boyutlu bir krizin i\u00e7ine girildi\u011fini belirterek, olay\u0131n en sars\u0131c\u0131 ve en \u00f6nemli boyutunun insani y\u00f6n\u00fc oldu\u011funu s\u00f6yledi. CTP Bas\u0131n B\u00fcrosu\u2019ndan yap\u0131lan a\u00e7\u0131klamaya g\u00f6re \u0130ncirli, \u201cHer bir sorumlunun h\u0131zl\u0131, \u015feffaf ve g\u00fcvenilir bir \u015fekilde soru\u015fturulmas\u0131, hukuk \u00f6n\u00fcnde hesap &hellip;<\/p>\n","protected":false},"author":1,"featured_media":150599,"comment_status":"open","ping_status":"open","sticky":false,"template":"","format":"standard","meta":{"footnotes":""},"categories":[2],"tags":[64,82,836,1099,13431,3439,2164,437,1028,48659,5734],"class_list":["post-150598","post","type-post","status-publish","format-standard","has-post-thumbnail","hentry","category-kibris","tag-bir","tag-her","tag-hesap","tag-hukuk","tag-incirli","tag-kritik","tag-oneme","tag-onunde","tag-sahip","tag-sorumlunun","tag-vermesi"],"_links":{"self":[{"href":"https:\/\/www.kibrishost.com\/tak\/wp-json\/wp\/v2\/posts\/150598"}],"collection":[{"href":"https:\/\/www.kibrishost.com\/tak\/wp-json\/wp\/v2\/posts"}],"about":[{"href":"https:\/\/www.kibrishost.com\/tak\/wp-json\/wp\/v2\/types\/post"}],"author":[{"embeddable":true,"href":"https:\/\/www.kibrishost.com\/tak\/wp-json\/wp\/v2\/users\/1"}],"replies":[{"embeddable":true,"href":"https:\/\/www.kibrishost.com\/tak\/wp-json\/wp\/v2\/comments?post=150598"}],"version-history":[{"count":1,"href":"https:\/\/www.kibrishost.com\/tak\/wp-json\/wp\/v2\/posts\/150598\/revisions"}],"predecessor-version":[{"id":150602,"href":"https:\/\/www.kibrishost.com\/tak\/wp-json\/wp\/v2\/posts\/150598\/revisions\/150602"}],"wp:featuredmedia":[{"embeddable":true,"href":"https:\/\/www.kibrishost.com\/tak\/wp-json\/wp\/v2\/media\/150599"}],"wp:attachment":[{"href":"https:\/\/www.kibrishost.com\/tak\/wp-json\/wp\/v2\/media?parent=150598"}],"wp:term":[{"taxonomy":"category","embeddable":true,"href":"https:\/\/www.kibrishost.com\/tak\/wp-json\/wp\/v2\/categories?post=150598"},{"taxonomy":"post_tag","embeddable":true,"href":"https:\/\/www.kibrishost.com\/tak\/wp-json\/wp\/v2\/tags?post=150598"}],"curies":[{"name":"wp","href":"https:\/\/api.w.org\/{rel}","templated":true}]}}