{"id":150594,"date":"2026-08-31T17:40:23","date_gmt":"2026-08-31T14:40:23","guid":{"rendered":"https:\/\/www.kibrishost.com\/tak\/redif-ekinci-istifa-cagrisinda-bulundu\/"},"modified":"2026-08-31T17:40:23","modified_gmt":"2026-08-31T14:40:23","slug":"redif-ekinci-istifa-cagrisinda-bulundu","status":"publish","type":"post","link":"https:\/\/www.kibrishost.com\/tak\/redif-ekinci-istifa-cagrisinda-bulundu\/","title":{"rendered":"Redif Ekinci istifa \u00e7a\u011fr\u0131s\u0131nda bulundu"},"content":{"rendered":"<p>Toplumcu Demokrasi Partisi (TDP) Genel Sekreteri Redif Ekinci, Girne a\u00e7\u0131klar\u0131nda ya\u015fanan deniz facias\u0131ndan dolay\u0131 ilgili bakana istifa \u00e7a\u011fr\u0131s\u0131nda bulundu.Ekinci, TDP Bas\u0131n B\u00fcrosu arac\u0131l\u0131\u011f\u0131yla yapt\u0131\u011f\u0131 yaz\u0131l\u0131 a\u00e7\u0131klamada,\u00a0 bir bakan\u0131n siyasi sorumluluk ta\u015f\u0131mas\u0131 i\u00e7in ihmali bizzat ger\u00e7ekle\u015ftirmi\u015f olmas\u0131n\u0131n gerekmedi\u011fini ancak \u201cba\u011fl\u0131 kurumlar\u0131n i\u015fleyi\u015fi, denetim mekanizmalar\u0131, seyir g\u00fcvenli\u011fi, verilen izinler ve kriz y\u00f6netiminin&#8221; siyasi makamlar\u0131n sorumlulu\u011fu alt\u0131nda oldu\u011funu kaydetti.Siyasi sorumlulu\u011fun makam\u0131n do\u011fal sonucu oldu\u011funu belirten Ekinci, \u201c\u0130stifa, su\u00e7un kabul\u00fc de\u011fildir. \u0130stifa, kamu y\u00f6netiminde sorumluluk \u00fcstlenme iradesidir.\u201d dedi.\u00a0Ekinci, \u201cTabii ki istifan\u0131z\u0131 isteyece\u011fiz. \u00c7\u00fcnk\u00fc kaybetti\u011fimiz canlar\u0131n hesab\u0131n\u0131 sormak siyasi rant de\u011fil, halka kar\u015f\u0131 sorumlulu\u011fumuzdur. Kamu g\u00f6revi ayr\u0131cal\u0131k de\u011fil, hesap verme y\u00fck\u00fcml\u00fcl\u00fc\u011f\u00fcd\u00fcr. Bu toplum art\u0131k mazeret de\u011fil, sorumluluk g\u00f6rmek istiyor.\u201d dedi.Olaydan sonra yolcu yak\u0131nlar\u0131n\u0131n saatlerce haber almaya \u00e7al\u0131\u015ft\u0131\u011f\u0131n\u0131 kaydeden Ekinci, kazan\u0131n meydana geli\u015f \u015fekli, geminin tabi oldu\u011fu denetimler, sefer izin s\u00fcreci ve kriz s\u00fcreci y\u00f6netimi konusunda kamuoyunun yan\u0131t bekledi\u011fini belirtti.(ID\/YIL)<\/p><\/p>\n","protected":false},"excerpt":{"rendered":"<p>Toplumcu Demokrasi Partisi (TDP) Genel Sekreteri Redif Ekinci, Girne a\u00e7\u0131klar\u0131nda ya\u015fanan deniz facias\u0131ndan dolay\u0131 ilgili bakana istifa \u00e7a\u011fr\u0131s\u0131nda bulundu.Ekinci, TDP Bas\u0131n B\u00fcrosu arac\u0131l\u0131\u011f\u0131yla yapt\u0131\u011f\u0131 yaz\u0131l\u0131 a\u00e7\u0131klamada,\u00a0 bir bakan\u0131n siyasi sorumluluk ta\u015f\u0131mas\u0131 i\u00e7in ihmali bizzat ger\u00e7ekle\u015ftirmi\u015f olmas\u0131n\u0131n gerekmedi\u011fini ancak \u201cba\u011fl\u0131 kurumlar\u0131n i\u015fleyi\u015fi, denetim mekanizmalar\u0131, seyir g\u00fcvenli\u011fi, verilen izinler ve kriz y\u00f6netiminin&#8221; siyasi makamlar\u0131n sorumlulu\u011fu alt\u0131nda oldu\u011funu &hellip;<\/p>\n","protected":false},"author":1,"featured_media":150595,"comment_status":"open","ping_status":"open","sticky":false,"template":"","format":"standard","meta":{"footnotes":""},"categories":[2],"tags":[541,2578,3678,2147,34797],"class_list":["post-150594","post","type-post","status-publish","format-standard","has-post-thumbnail","hentry","category-kibris","tag-bulundu","tag-cagrisinda","tag-ekinci","tag-istifa","tag-redif"],"_links":{"self":[{"href":"https:\/\/www.kibrishost.com\/tak\/wp-json\/wp\/v2\/posts\/150594"}],"collection":[{"href":"https:\/\/www.kibrishost.com\/tak\/wp-json\/wp\/v2\/posts"}],"about":[{"href":"https:\/\/www.kibrishost.com\/tak\/wp-json\/wp\/v2\/types\/post"}],"author":[{"embeddable":true,"href":"https:\/\/www.kibrishost.com\/tak\/wp-json\/wp\/v2\/users\/1"}],"replies":[{"embeddable":true,"href":"https:\/\/www.kibrishost.com\/tak\/wp-json\/wp\/v2\/comments?post=150594"}],"version-history":[{"count":0,"href":"https:\/\/www.kibrishost.com\/tak\/wp-json\/wp\/v2\/posts\/150594\/revisions"}],"wp:featuredmedia":[{"embeddable":true,"href":"https:\/\/www.kibrishost.com\/tak\/wp-json\/wp\/v2\/media\/150595"}],"wp:attachment":[{"href":"https:\/\/www.kibrishost.com\/tak\/wp-json\/wp\/v2\/media?parent=150594"}],"wp:term":[{"taxonomy":"category","embeddable":true,"href":"https:\/\/www.kibrishost.com\/tak\/wp-json\/wp\/v2\/categories?post=150594"},{"taxonomy":"post_tag","embeddable":true,"href":"https:\/\/www.kibrishost.com\/tak\/wp-json\/wp\/v2\/tags?post=150594"}],"curies":[{"name":"wp","href":"https:\/\/api.w.org\/{rel}","templated":true}]}}