{"id":150592,"date":"2026-08-31T17:30:31","date_gmt":"2026-08-31T14:30:31","guid":{"rendered":"https:\/\/www.kibrishost.com\/tak\/dsp-genel-baskani-aksakal-cumhurbaskani-erhurmana-taziye-mesaji-gonderdi\/"},"modified":"2026-08-31T17:30:31","modified_gmt":"2026-08-31T14:30:31","slug":"dsp-genel-baskani-aksakal-cumhurbaskani-erhurmana-taziye-mesaji-gonderdi","status":"publish","type":"post","link":"https:\/\/www.kibrishost.com\/tak\/dsp-genel-baskani-aksakal-cumhurbaskani-erhurmana-taziye-mesaji-gonderdi\/","title":{"rendered":"DSP Genel Ba\u015fkan\u0131 Aksakal, Cumhurba\u015fkan\u0131 Erh\u00fcrman\u2019a taziye mesaj\u0131 g\u00f6nderdi"},"content":{"rendered":"<p>Demokratik Sol Parti (DSP) Genel Ba\u015fkan\u0131 \u00d6nder Aksakal, Girne Liman\u0131\u2019ndan Mersin Ta\u015fucu Liman\u0131\u2019na gitmek \u00fczere yola \u00e7\u0131kan yolcu feribotunun batmas\u0131 sonucu meydana gelen facia nedeniyle Cumhurba\u015fkan\u0131 Tufan Erh\u00fcrman\u2019a taziye mesaj\u0131 g\u00f6nderdi.<\/p>\n<p>Aksakal mesaj\u0131nda, kaza nedeniyle vatanda\u015flar\u0131n hayat\u0131n\u0131 kaybetmesi ve kay\u0131p yolcular\u0131n olmas\u0131n\u0131n herkesi derin \u00fcz\u00fcnt\u00fcye bo\u011fdu\u011funu ifade etti.<\/p>\n<p>\u00d6ncelikle ya\u015fam\u0131n\u0131 yitiren yolculara Allah\u2019tan rahmet dileyen Aksakal, aranan kay\u0131plar\u0131n bir an \u00f6nce bulunmas\u0131n\u0131 temenni ederek, kurtar\u0131lan yolculara da ge\u00e7mi\u015f olsun dileklerini iletti. Aksakal, Erh\u00fcrman\u2019\u0131n \u015fahs\u0131nda, Kuzey K\u0131br\u0131s\u2019taki yurtta\u015flara ve yak\u0131nlar\u0131n\u0131 yitiren ailelere ba\u015f sa\u011fl\u0131\u011f\u0131 diledi.<\/p>\n<p>Aksakal, \u201cKuzey K\u0131br\u0131s T\u00fcrk Cumhuriyeti Devleti&#8217;nin alm\u0131\u015f oldu\u011fu 3 g\u00fcnl\u00fck yas ilan\u0131na Demokratik Sol Parti Genel Merkezi&#8217;mizin \u00f6n\u00fcnde dalgalanan KKTC bayra\u011f\u0131n\u0131 yar\u0131ya indirerek, kat\u0131ld\u0131\u011f\u0131m\u0131z\u0131 belirtiyor en i\u00e7ten sayg\u0131lar\u0131m\u0131 sunuyorum\u201d dedi.<\/p><\/p>\n","protected":false},"excerpt":{"rendered":"<p>Demokratik Sol Parti (DSP) Genel Ba\u015fkan\u0131 \u00d6nder Aksakal, Girne Liman\u0131\u2019ndan Mersin Ta\u015fucu Liman\u0131\u2019na gitmek \u00fczere yola \u00e7\u0131kan yolcu feribotunun batmas\u0131 sonucu meydana gelen facia nedeniyle Cumhurba\u015fkan\u0131 Tufan Erh\u00fcrman\u2019a taziye mesaj\u0131 g\u00f6nderdi. Aksakal mesaj\u0131nda, kaza nedeniyle vatanda\u015flar\u0131n hayat\u0131n\u0131 kaybetmesi ve kay\u0131p yolcular\u0131n olmas\u0131n\u0131n herkesi derin \u00fcz\u00fcnt\u00fcye bo\u011fdu\u011funu ifade etti. \u00d6ncelikle ya\u015fam\u0131n\u0131 yitiren yolculara Allah\u2019tan rahmet dileyen &hellip;<\/p>\n","protected":false},"author":1,"featured_media":150593,"comment_status":"open","ping_status":"open","sticky":false,"template":"","format":"standard","meta":{"footnotes":""},"categories":[2],"tags":[18843,103,183,14554,31895,493,5736,2548,3700],"class_list":["post-150592","post","type-post","status-publish","format-standard","has-post-thumbnail","hentry","category-kibris","tag-aksakal","tag-baskani","tag-cumhurbaskani","tag-dsp","tag-erhurmana","tag-genel","tag-gonderdi","tag-mesaji","tag-taziye"],"_links":{"self":[{"href":"https:\/\/www.kibrishost.com\/tak\/wp-json\/wp\/v2\/posts\/150592"}],"collection":[{"href":"https:\/\/www.kibrishost.com\/tak\/wp-json\/wp\/v2\/posts"}],"about":[{"href":"https:\/\/www.kibrishost.com\/tak\/wp-json\/wp\/v2\/types\/post"}],"author":[{"embeddable":true,"href":"https:\/\/www.kibrishost.com\/tak\/wp-json\/wp\/v2\/users\/1"}],"replies":[{"embeddable":true,"href":"https:\/\/www.kibrishost.com\/tak\/wp-json\/wp\/v2\/comments?post=150592"}],"version-history":[{"count":0,"href":"https:\/\/www.kibrishost.com\/tak\/wp-json\/wp\/v2\/posts\/150592\/revisions"}],"wp:featuredmedia":[{"embeddable":true,"href":"https:\/\/www.kibrishost.com\/tak\/wp-json\/wp\/v2\/media\/150593"}],"wp:attachment":[{"href":"https:\/\/www.kibrishost.com\/tak\/wp-json\/wp\/v2\/media?parent=150592"}],"wp:term":[{"taxonomy":"category","embeddable":true,"href":"https:\/\/www.kibrishost.com\/tak\/wp-json\/wp\/v2\/categories?post=150592"},{"taxonomy":"post_tag","embeddable":true,"href":"https:\/\/www.kibrishost.com\/tak\/wp-json\/wp\/v2\/tags?post=150592"}],"curies":[{"name":"wp","href":"https:\/\/api.w.org\/{rel}","templated":true}]}}