{"id":150583,"date":"2026-08-31T17:10:23","date_gmt":"2026-08-31T14:10:23","guid":{"rendered":"https:\/\/www.kibrishost.com\/tak\/girne-aciklarindaki-gemi-faciasi-dokuz-tutuklama-bes-kisi-hakkinda-derhal-tahkikat-baslatilmasi-emri\/"},"modified":"2026-08-31T17:10:41","modified_gmt":"2026-08-31T14:10:41","slug":"girne-aciklarindaki-gemi-faciasi-dokuz-tutuklama-bes-kisi-hakkinda-derhal-tahkikat-baslatilmasi-emri","status":"publish","type":"post","link":"https:\/\/www.kibrishost.com\/tak\/girne-aciklarindaki-gemi-faciasi-dokuz-tutuklama-bes-kisi-hakkinda-derhal-tahkikat-baslatilmasi-emri\/","title":{"rendered":"Girne a\u00e7\u0131klar\u0131ndaki gemi facias\u0131: Dokuz tutuklama, be\u015f ki\u015fi hakk\u0131nda derhal tahkikat ba\u015flat\u0131lmas\u0131 emri"},"content":{"rendered":"<p>Girne a\u00e7\u0131klar\u0131nda d\u00fcn meydana gelen ve sekiz ki\u015finin ya\u015fam\u0131n\u0131 yitirdi\u011fi gemi kazas\u0131yla ilgili bug\u00fcn Girne Kaza Mahkemesi\u2019ne \u00e7\u0131kar\u0131lan kaptan, yedi m\u00fcrettebat ve bir \u015firket yetkilisi olmak \u00fczere dokuz zanl\u0131 tutukland\u0131. <\/p>\n<p>Girne Kaza Mahkemesi\u2019nde Yarg\u0131\u00e7 Hazal Hac\u0131mulla huzurunda g\u00f6r\u00fclen duru\u015fmada Polis M\u00fcfetti\u015f Muavini Mehmet Manna\u015f, Filo Denizcilike ait F\u0130LO JET yolcu gemisinin 12 y\u0131l \u00f6nce T\u00fcrkiye\u2019de kaza yaparak hasar g\u00f6rd\u00fc\u011f\u00fc ve tamir sonras\u0131 2024\u2019te Filo Denizcilik \u015firketi taraf\u0131ndan sat\u0131n al\u0131nd\u0131\u011f\u0131 ve sefer izni \u00e7\u0131kar\u0131ld\u0131\u011f\u0131 bilgisini payla\u015ft\u0131.<\/p>\n<p>Girne Kaza Mahkemesi\u2019nde bug\u00fcn yap\u0131lan duru\u015fmada Yarg\u0131\u00e7 Hazal Hac\u0131mulla, dokuz zanl\u0131 hakk\u0131nda \u00fc\u00e7er g\u00fcn tutukluluk karar\u0131 verdi. \u00a0<\/p>\n<p>Yarg\u0131\u00e7 Hazal Hac\u0131mulla\u2019n\u0131n d\u00fcn mahkeme taraf\u0131ndan haklar\u0131nda derdest \u00e7\u0131kar\u0131lan ve bug\u00fcn mahkemeye getirilmesini emretti\u011fi 16 ki\u015fiden 14\u2019\u00fc mahkemeye \u00e7\u0131kar\u0131ld\u0131.<\/p>\n<p>Sabahki duru\u015fmaya getirilen kaptan, yedi m\u00fcrettebat ve bir \u015firket yetkilisinden olu\u015fan dokuz ki\u015finin yan\u0131 s\u0131ra, aralar\u0131nda \u015firket hissedarlar\u0131 ve liman dairesi yetkililerinin de bulundu\u011fu be\u015f ki\u015fi de yarg\u0131\u00e7 huzuruna \u00e7\u0131kar\u0131ld\u0131.<\/p>\n<p>Yarg\u0131\u00e7 Hazal Hac\u0131mulla, \u015firket yetkilisi, kaptan ve yedi m\u00fcrettebat olmak \u00fczere dokuz zanl\u0131 hakk\u0131nda \u00fc\u00e7er g\u00fcn tutukluluk karar\u0131 verdi. Yarg\u0131\u00e7 Hac\u0131mulla, duru\u015fmaya getirilen aralar\u0131nda \u015firket hissedarlar\u0131 ve Liman Ba\u015fkanl\u0131\u011f\u0131 g\u00f6revlilerinin de bulundu\u011fu di\u011fer be\u015f ki\u015fi hakk\u0131nda da derhal tahkikat ba\u015flat\u0131lmas\u0131 emrini verdi.<\/p>\n<p>-\u201cGemi, 12 y\u0131l \u00f6nce T\u00fcrkiye\u2019de kaza yaparak hasar g\u00f6rd\u00fc\u011f\u00fc ve tamir sonras\u0131 2024\u2019te Filo Denizcilik \u015firketi taraf\u0131ndan sat\u0131n al\u0131nd\u0131 ve sefer izni \u00e7\u0131kar\u0131ld\u0131\u201d<\/p>\n<p>Polis M\u00fcfetti\u015f Muavini Mehmet Manna\u015f, d\u00fcn Girne Liman\u0131ndan Girne-Ta\u015fucu seferi yapan Filo Denizcilike ait Filo Jet yolcu gemisinin limandan yakla\u015f\u0131k 4 mil a\u00e7\u0131klar\u0131na ilerledikten sonra sol \u00f6n k\u0131zak u\u00e7 k\u0131sm\u0131n\u0131n k\u0131r\u0131ld\u0131\u011f\u0131n\u0131 ve geminin su alarak alabora oldu\u011funu aktard\u0131.<\/p>\n<p>Manna\u015f, arama-kurtarma \u00e7al\u0131\u015fmalar\u0131nda gemide bulunan 259 yolcu ve sekiz m\u00fcrettebat olmak \u00fczere 267 ki\u015fiden 239 ki\u015finin canl\u0131 kurtar\u0131ld\u0131\u011f\u0131n\u0131, sekiz ki\u015finin ise hayat\u0131n\u0131 kaybetti\u011fini ve geriye kalan ki\u015filer i\u00e7in arama-kurtarma \u00e7al\u0131\u015fmalar\u0131n\u0131n devam etti\u011fini belirtti.<\/p>\n<p>Manna\u015f, \u015firket direkt\u00f6r\u00fc A.\u00d6. gemi kaptan\u0131 M.\u00d6., ikinci kaptan M.S., geminin ba\u015f makinisti Z.\u00d6. ve ikinci makinisti M.G., gemi m\u00fcrettebat\u0131 S.E., K.K., V.H. ve R.\u0130. olmak \u00fczere dokuz zanl\u0131ya \u201ctedbirsizlik ve dikkatsizlik sonucu \u00f6l\u00fcme sebebiyet verme\u201d su\u00e7lamas\u0131 getirildi\u011fini s\u00f6yledi.<\/p>\n<p>&#8211; \u201cGeminin T\u00fcrk Loydu taraf\u0131ndan onay\u0131 ve Liman Ba\u015fkanl\u0131\u011f\u0131 taraf\u0131ndan verilen izinleri var\u201d<\/p>\n<p>Manna\u015f, geminin T\u00fcrk men\u015feli uluslararas\u0131 bir \u015firket olan T\u00fcrk Loydu taraf\u0131ndan onay\u0131 ve Liman Ba\u015fkanl\u0131\u011f\u0131 taraf\u0131ndan verilen izinlerinin bulundu\u011fu bilgisini payla\u015ft\u0131.\u00a0<\/p>\n<p>Gemide bulunan yolcu say\u0131s\u0131n\u0131n ve y\u00fck\u00fcn\u00fcn geminin kapasitesini a\u015fmad\u0131\u011f\u0131n\u0131 belirten Manna\u015f, Meteoroloji Dairesi\u2019nden de sefer \u00f6ncesinde hava ko\u015fullar\u0131n\u0131n uygun oldu\u011funa dair rapor verildi\u011fini de ifade etti.<\/p>\n<p>Yarg\u0131c\u0131n geminin uluslararas\u0131 sularda seyretmek i\u00e7in teknik kapasitesi ve izninin olup olmad\u0131\u011f\u0131 sorusu \u00fczerine Mehmet Manna\u015f, izinlerin mevcut oldu\u011funu belirtti.<\/p>\n<p>Yarg\u0131c\u0131n geminin daha \u00f6nce hasar al\u0131p almad\u0131\u011f\u0131na ili\u015fkin sorusuna yan\u0131t veren Manna\u015f, geminin 12 y\u0131l \u00f6nce T\u00fcrkiye\u2019de kaza yaparak hasar g\u00f6rd\u00fc\u011f\u00fcn\u00fc ve tamir sonras\u0131 2024\u2019te Filo Denizcilik \u015firketi taraf\u0131ndan sat\u0131n al\u0131nd\u0131\u011f\u0131n\u0131 ve sefer izni \u00e7\u0131kar\u0131ld\u0131\u011f\u0131 bilgisini payla\u015ft\u0131. Manna\u015f, ayr\u0131ca bu konunun T\u00fcrkiye\u2019de ara\u015ft\u0131r\u0131laca\u011f\u0131n\u0131 da belirtti. Manna\u015f, geminin Haziran 2026\u2019da T\u00fcrk Loydu taraf\u0131ndan onayland\u0131\u011f\u0131n\u0131 ve bu onayla buradaki seferlerini s\u00fcrd\u00fcrd\u00fc\u011f\u00fcn\u00fc belirtti. \u00a0<\/p>\n<p>Manna\u015f, gemide yeterli say\u0131da can yele\u011fi ve filika bulundu\u011funu ili\u015fkin KKTC yetkili kurumlar\u0131 taraf\u0131ndan onay bulundu\u011fu bilgisini payla\u015ft\u0131. <\/p>\n<p>Manna\u015f, ilk d\u00f6rt zanl\u0131n\u0131n geminin sevk ve idaresinden sorumlu oldu\u011funu belirterek, duru\u015fmada, geminin atl\u0131ndan su geldi\u011fi ve bu konuda m\u00fcrettebata bilgi verildi\u011fi ancak t\u00fcm uyar\u0131lara ra\u011fmen sefere devam edildi\u011fi y\u00f6n\u00fcnde ifadeler bulundu\u011fu kaydetti.<\/p>\n<p>Manna\u015f ayr\u0131ca, al\u0131nan ifadelerde, gemi su al\u0131rken gemide panik ya\u015fand\u0131\u011f\u0131, gemi m\u00fcrettebat\u0131n\u0131n can yeleklerinin g\u00f6sterilmesi ve geminin tahliyesi konusunda yard\u0131mda bulunulmad\u0131\u011f\u0131 y\u00f6n\u00fcnde ifadeler bulundu\u011funu da aktard\u0131. Manna\u015f, \u015fu ana kadar 100\u2019\u00fcn \u00fczerinde ifade al\u0131nd\u0131\u011f\u0131n\u0131 da belirtti.<\/p>\n<p>-Zanl\u0131lar\u0131n avukat\u0131<\/p>\n<p>Tutuklanan zanl\u0131lar\u0131n avukat\u0131, mahkemede huzurunda yapt\u0131\u011f\u0131 konu\u015fmada, \u00fc\u00e7 g\u00fcnl\u00fck tutukluluk talebine itiraz etmedi. \u00a0<\/p>\n<p>Geminde, her biri 100 ki\u015fiyi ta\u015f\u0131yabilecek kapasiteli d\u00f6rt can sal\u0131 bulundu\u011funu, yani 400 ki\u015finin bu sallarla kurutulabilece\u011fini iddia eden avukat, zanl\u0131lar\u0131n \u00fczerlerine d\u00fc\u015fen sorumluluklar\u0131 yerine getirdi\u011fini, geminin t\u00fcm izinlerinin bulundu\u011funu ve m\u00fcrettebat\u0131n da yolculara yard\u0131m etti\u011fi y\u00f6n\u00fcnde g\u00f6r\u00fcnt\u00fclerin bulundu\u011funu ileri s\u00fcrd\u00fc.<\/p>\n<p>Avukat ayr\u0131ca, geminin sol \u00f6n k\u0131za\u011f\u0131n\u0131n k\u0131r\u0131ld\u0131\u011f\u0131n\u0131 y\u00f6n\u00fcnde bilgi veren ki\u015finin polise b\u00f6yle bir bilgi vermek i\u00e7in yeterli teknik bilgisi bulunmad\u0131\u011f\u0131n\u0131 savundu. <\/p>\n<p>Yarg\u0131\u00e7 Hazal Hac\u0131mulla, gemi kazas\u0131nda \u201ctedbirsizlik ve dikkatsizlik sonucu \u00f6l\u00fcme sebebiyet verme\u201d su\u00e7lar\u0131ndan tutuklanan dokuz zanl\u0131n\u0131n \u00fc\u00e7er g\u00fcn tutuklu kalmas\u0131na emir verdi. <\/p>\n<p>Yarg\u0131\u00e7 Hac\u0131mulla, liman ba\u015fkanl\u0131\u011f\u0131 g\u00f6revlileri ve \u015firket hissedarlar\u0131n\u0131n da aralar\u0131nda bulundu\u011fu di\u011fer be\u015f ki\u015fi hakk\u0131nda derhal tahkikat ba\u015flat\u0131lmas\u0131 emrini verdi.<\/p>\n<p>Haber: An\u0131l I\u015f\u0131k<\/p>\n<p>Foto\u011farlar: S\u00fcleyman \u00d6nal\u00a0<\/p>\n<\/p>\n<p><img decoding=\"async\" width=\"1024\" height=\"684\" src=\"https:\/\/www.kibrishost.com\/tak\/wp-content\/uploads\/2026\/08\/girne-aciklarindaki-gemi-faciasi-dokuz-tutuklama-bes-kisi-hakkinda-derhal-tahkikat-baslatilmasi-emri-1-1024x684.jpeg\" class=\"aligncenter wp-image-150585\" alt=\"Girne a\u00e7\u0131klar\u0131ndaki gemi facias\u0131: Dokuz tutuklama, be\u015f ki\u015fi hakk\u0131nda derhal tahkikat ba\u015flat\u0131lmas\u0131 emri\" loading=\"lazy\" srcset=\"https:\/\/www.kibrishost.com\/tak\/wp-content\/uploads\/2026\/08\/girne-aciklarindaki-gemi-faciasi-dokuz-tutuklama-bes-kisi-hakkinda-derhal-tahkikat-baslatilmasi-emri-1-1024x684.jpeg 1024w, https:\/\/www.kibrishost.com\/tak\/wp-content\/uploads\/2026\/08\/girne-aciklarindaki-gemi-faciasi-dokuz-tutuklama-bes-kisi-hakkinda-derhal-tahkikat-baslatilmasi-emri-1-300x200.jpeg 300w, https:\/\/www.kibrishost.com\/tak\/wp-content\/uploads\/2026\/08\/girne-aciklarindaki-gemi-faciasi-dokuz-tutuklama-bes-kisi-hakkinda-derhal-tahkikat-baslatilmasi-emri-1-768x513.jpeg 768w, https:\/\/www.kibrishost.com\/tak\/wp-content\/uploads\/2026\/08\/girne-aciklarindaki-gemi-faciasi-dokuz-tutuklama-bes-kisi-hakkinda-derhal-tahkikat-baslatilmasi-emri-1-1536x1026.jpeg 1536w, https:\/\/www.kibrishost.com\/tak\/wp-content\/uploads\/2026\/08\/girne-aciklarindaki-gemi-faciasi-dokuz-tutuklama-bes-kisi-hakkinda-derhal-tahkikat-baslatilmasi-emri-1-2048x1368.jpeg 2048w\" sizes=\"(max-width: 1024px) 100vw, 1024px\" \/><\/p>\n<p><img decoding=\"async\" width=\"1024\" height=\"684\" src=\"https:\/\/www.kibrishost.com\/tak\/wp-content\/uploads\/2026\/08\/girne-aciklarindaki-gemi-faciasi-dokuz-tutuklama-bes-kisi-hakkinda-derhal-tahkikat-baslatilmasi-emri-2-1024x684.jpeg\" class=\"aligncenter wp-image-150586\" alt=\"Girne a\u00e7\u0131klar\u0131ndaki gemi facias\u0131: Dokuz tutuklama, be\u015f ki\u015fi hakk\u0131nda derhal tahkikat ba\u015flat\u0131lmas\u0131 emri\" loading=\"lazy\" srcset=\"https:\/\/www.kibrishost.com\/tak\/wp-content\/uploads\/2026\/08\/girne-aciklarindaki-gemi-faciasi-dokuz-tutuklama-bes-kisi-hakkinda-derhal-tahkikat-baslatilmasi-emri-2-1024x684.jpeg 1024w, https:\/\/www.kibrishost.com\/tak\/wp-content\/uploads\/2026\/08\/girne-aciklarindaki-gemi-faciasi-dokuz-tutuklama-bes-kisi-hakkinda-derhal-tahkikat-baslatilmasi-emri-2-300x200.jpeg 300w, https:\/\/www.kibrishost.com\/tak\/wp-content\/uploads\/2026\/08\/girne-aciklarindaki-gemi-faciasi-dokuz-tutuklama-bes-kisi-hakkinda-derhal-tahkikat-baslatilmasi-emri-2-768x513.jpeg 768w, https:\/\/www.kibrishost.com\/tak\/wp-content\/uploads\/2026\/08\/girne-aciklarindaki-gemi-faciasi-dokuz-tutuklama-bes-kisi-hakkinda-derhal-tahkikat-baslatilmasi-emri-2-1536x1026.jpeg 1536w, https:\/\/www.kibrishost.com\/tak\/wp-content\/uploads\/2026\/08\/girne-aciklarindaki-gemi-faciasi-dokuz-tutuklama-bes-kisi-hakkinda-derhal-tahkikat-baslatilmasi-emri-2-2048x1368.jpeg 2048w\" sizes=\"(max-width: 1024px) 100vw, 1024px\" \/><\/p>\n<p><img decoding=\"async\" width=\"1024\" height=\"684\" src=\"https:\/\/www.kibrishost.com\/tak\/wp-content\/uploads\/2026\/08\/girne-aciklarindaki-gemi-faciasi-dokuz-tutuklama-bes-kisi-hakkinda-derhal-tahkikat-baslatilmasi-emri-3-1024x684.jpeg\" class=\"aligncenter wp-image-150587\" alt=\"Girne a\u00e7\u0131klar\u0131ndaki gemi facias\u0131: Dokuz tutuklama, be\u015f ki\u015fi hakk\u0131nda derhal tahkikat ba\u015flat\u0131lmas\u0131 emri\" loading=\"lazy\" srcset=\"https:\/\/www.kibrishost.com\/tak\/wp-content\/uploads\/2026\/08\/girne-aciklarindaki-gemi-faciasi-dokuz-tutuklama-bes-kisi-hakkinda-derhal-tahkikat-baslatilmasi-emri-3-1024x684.jpeg 1024w, https:\/\/www.kibrishost.com\/tak\/wp-content\/uploads\/2026\/08\/girne-aciklarindaki-gemi-faciasi-dokuz-tutuklama-bes-kisi-hakkinda-derhal-tahkikat-baslatilmasi-emri-3-300x200.jpeg 300w, https:\/\/www.kibrishost.com\/tak\/wp-content\/uploads\/2026\/08\/girne-aciklarindaki-gemi-faciasi-dokuz-tutuklama-bes-kisi-hakkinda-derhal-tahkikat-baslatilmasi-emri-3-768x513.jpeg 768w, https:\/\/www.kibrishost.com\/tak\/wp-content\/uploads\/2026\/08\/girne-aciklarindaki-gemi-faciasi-dokuz-tutuklama-bes-kisi-hakkinda-derhal-tahkikat-baslatilmasi-emri-3-1536x1026.jpeg 1536w, https:\/\/www.kibrishost.com\/tak\/wp-content\/uploads\/2026\/08\/girne-aciklarindaki-gemi-faciasi-dokuz-tutuklama-bes-kisi-hakkinda-derhal-tahkikat-baslatilmasi-emri-3-2048x1368.jpeg 2048w\" sizes=\"(max-width: 1024px) 100vw, 1024px\" \/><\/p>\n<p><img decoding=\"async\" width=\"1024\" height=\"684\" src=\"https:\/\/www.kibrishost.com\/tak\/wp-content\/uploads\/2026\/08\/girne-aciklarindaki-gemi-faciasi-dokuz-tutuklama-bes-kisi-hakkinda-derhal-tahkikat-baslatilmasi-emri-4-1024x684.jpeg\" class=\"aligncenter wp-image-150588\" alt=\"Girne a\u00e7\u0131klar\u0131ndaki gemi facias\u0131: Dokuz tutuklama, be\u015f ki\u015fi hakk\u0131nda derhal tahkikat ba\u015flat\u0131lmas\u0131 emri\" loading=\"lazy\" srcset=\"https:\/\/www.kibrishost.com\/tak\/wp-content\/uploads\/2026\/08\/girne-aciklarindaki-gemi-faciasi-dokuz-tutuklama-bes-kisi-hakkinda-derhal-tahkikat-baslatilmasi-emri-4-1024x684.jpeg 1024w, https:\/\/www.kibrishost.com\/tak\/wp-content\/uploads\/2026\/08\/girne-aciklarindaki-gemi-faciasi-dokuz-tutuklama-bes-kisi-hakkinda-derhal-tahkikat-baslatilmasi-emri-4-300x200.jpeg 300w, https:\/\/www.kibrishost.com\/tak\/wp-content\/uploads\/2026\/08\/girne-aciklarindaki-gemi-faciasi-dokuz-tutuklama-bes-kisi-hakkinda-derhal-tahkikat-baslatilmasi-emri-4-768x513.jpeg 768w, https:\/\/www.kibrishost.com\/tak\/wp-content\/uploads\/2026\/08\/girne-aciklarindaki-gemi-faciasi-dokuz-tutuklama-bes-kisi-hakkinda-derhal-tahkikat-baslatilmasi-emri-4-1536x1026.jpeg 1536w, https:\/\/www.kibrishost.com\/tak\/wp-content\/uploads\/2026\/08\/girne-aciklarindaki-gemi-faciasi-dokuz-tutuklama-bes-kisi-hakkinda-derhal-tahkikat-baslatilmasi-emri-4-2048x1368.jpeg 2048w\" sizes=\"(max-width: 1024px) 100vw, 1024px\" \/><\/p>\n","protected":false},"excerpt":{"rendered":"<p>Girne a\u00e7\u0131klar\u0131nda d\u00fcn meydana gelen ve sekiz ki\u015finin ya\u015fam\u0131n\u0131 yitirdi\u011fi gemi kazas\u0131yla ilgili bug\u00fcn Girne Kaza Mahkemesi\u2019ne \u00e7\u0131kar\u0131lan kaptan, yedi m\u00fcrettebat ve bir \u015firket yetkilisi olmak \u00fczere dokuz zanl\u0131 tutukland\u0131. Girne Kaza Mahkemesi\u2019nde Yarg\u0131\u00e7 Hazal Hac\u0131mulla huzurunda g\u00f6r\u00fclen duru\u015fmada Polis M\u00fcfetti\u015f Muavini Mehmet Manna\u015f, Filo Denizcilike ait F\u0130LO JET yolcu gemisinin 12 y\u0131l \u00f6nce T\u00fcrkiye\u2019de &hellip;<\/p>\n","protected":false},"author":1,"featured_media":150584,"comment_status":"open","ping_status":"open","sticky":false,"template":"","format":"standard","meta":{"footnotes":""},"categories":[2],"tags":[1201,3702,17351,4298,5819,1334,34151,16445,1870,1312,303,10100,490],"class_list":["post-150583","post","type-post","status-publish","format-standard","has-post-thumbnail","hentry","category-kibris","tag-derhal","tag-aciklarindaki","tag-baslatilmasi","tag-bes","tag-dokuz","tag-emri","tag-faciasi","tag-gemi","tag-girne","tag-hakkinda","tag-kisi","tag-tahkikat","tag-tutuklama"],"_links":{"self":[{"href":"https:\/\/www.kibrishost.com\/tak\/wp-json\/wp\/v2\/posts\/150583"}],"collection":[{"href":"https:\/\/www.kibrishost.com\/tak\/wp-json\/wp\/v2\/posts"}],"about":[{"href":"https:\/\/www.kibrishost.com\/tak\/wp-json\/wp\/v2\/types\/post"}],"author":[{"embeddable":true,"href":"https:\/\/www.kibrishost.com\/tak\/wp-json\/wp\/v2\/users\/1"}],"replies":[{"embeddable":true,"href":"https:\/\/www.kibrishost.com\/tak\/wp-json\/wp\/v2\/comments?post=150583"}],"version-history":[{"count":1,"href":"https:\/\/www.kibrishost.com\/tak\/wp-json\/wp\/v2\/posts\/150583\/revisions"}],"predecessor-version":[{"id":150589,"href":"https:\/\/www.kibrishost.com\/tak\/wp-json\/wp\/v2\/posts\/150583\/revisions\/150589"}],"wp:featuredmedia":[{"embeddable":true,"href":"https:\/\/www.kibrishost.com\/tak\/wp-json\/wp\/v2\/media\/150584"}],"wp:attachment":[{"href":"https:\/\/www.kibrishost.com\/tak\/wp-json\/wp\/v2\/media?parent=150583"}],"wp:term":[{"taxonomy":"category","embeddable":true,"href":"https:\/\/www.kibrishost.com\/tak\/wp-json\/wp\/v2\/categories?post=150583"},{"taxonomy":"post_tag","embeddable":true,"href":"https:\/\/www.kibrishost.com\/tak\/wp-json\/wp\/v2\/tags?post=150583"}],"curies":[{"name":"wp","href":"https:\/\/api.w.org\/{rel}","templated":true}]}}