{"id":150579,"date":"2026-08-31T16:50:27","date_gmt":"2026-08-31T13:50:27","guid":{"rendered":"https:\/\/www.kibrishost.com\/tak\/ustel-arama-kurtarma-gemisi-canakkaleden-yola-cikti-batan-gemiye-yarin-ogleden-sonra-ulasilmasi-planlaniyor\/"},"modified":"2026-08-31T16:50:30","modified_gmt":"2026-08-31T13:50:30","slug":"ustel-arama-kurtarma-gemisi-canakkaleden-yola-cikti-batan-gemiye-yarin-ogleden-sonra-ulasilmasi-planlaniyor","status":"publish","type":"post","link":"https:\/\/www.kibrishost.com\/tak\/ustel-arama-kurtarma-gemisi-canakkaleden-yola-cikti-batan-gemiye-yarin-ogleden-sonra-ulasilmasi-planlaniyor\/","title":{"rendered":"\u00dcstel: \u201cArama-kurtarma gemisi \u00c7anakkale\u2019den yola \u00e7\u0131kt\u0131&#8230;Batan gemiye yar\u0131n \u00f6\u011fleden sonra ula\u015f\u0131lmas\u0131 planlan\u0131yor\u201d"},"content":{"rendered":"<p>Ba\u015fbakan \u00dcnal \u00dcstel, Girne\u2019de meydana gelen gemi kazas\u0131nda kaybolan 20 ki\u015fiye ula\u015f\u0131lmas\u0131 i\u00e7in\u00a0arama-kurtarma gemisinin\u00a0\u00c7anakkale\u2019den yola \u00e7\u0131kt\u0131\u011f\u0131n\u0131 a\u00e7\u0131klad\u0131.<\/p>\n<p>\u00dcstel,\u00a0\u201c514 metre derinli\u011fe batan gemiye yar\u0131n \u00f6\u011fleden sonra ula\u015f\u0131lmas\u0131 planlan\u0131yor.\u201d dedi.<\/p>\n<p>Ba\u015fbakan \u00dcstel, 8 ki\u015finin hayat\u0131n\u0131 kaybetti\u011fi gemi kazas\u0131nda kaybolan 20 ki\u015finin bulunmas\u0131 i\u00e7in arama kurtarma \u00e7al\u0131\u015fmalar\u0131n\u0131n b\u00fct\u00fcn h\u0131z\u0131yla s\u00fcrd\u00fc\u011f\u00fcn\u00fc vurgulad\u0131.<\/p>\n<p>Girne Liman\u0131\u2019nda kurulan kriz merkezinde a\u00e7\u0131klama yapan \u00dcstel, arama kurtarma \u00e7al\u0131\u015fmalar\u0131n\u0131n ilgili t\u00fcm birimlerin koordinasyonuyla s\u00fcrd\u00fc\u011f\u00fcn\u00fc, kamuoyunun ise teyit edilmi\u015f bilgiler do\u011frultusunda bilgilendirildi\u011fini belirtti.<\/p>\n<p><strong>&#8211; &#8220;C<\/strong>enazeler ailelerine teslim edilmeye ba\u015fland\u0131&#8221;<\/p>\n<p>\u00dcstel, d\u00fcn Girne Liman\u0131\u2019ndan hareket ettikten sonra SOS veren gemiye Sahil G\u00fcvenlik, arama kurtarma ekipleri ve sivil unsurlar\u0131n k\u0131sa s\u00fcrede ula\u015ft\u0131\u011f\u0131n\u0131 belirtti.<\/p>\n<p>Geminin batmaya ba\u015flamas\u0131yla yolcular\u0131n b\u00fcy\u00fck b\u00f6l\u00fcm\u00fcn\u00fcn kurtar\u0131ld\u0131\u011f\u0131n\u0131 ifade eden \u00dcstel, 8 ki\u015finin hayat\u0131n\u0131 kaybetti\u011fini an\u0131msatt\u0131.<\/p>\n<p>Kurtar\u0131lanlar\u0131n Girne Dr. Ak\u00e7i\u00e7ek Hastanesi, Girne Asker Hastanesi, Lefko\u015fa Dr. Burhan Nalbanto\u011flu Devlet Hastanesi ve Yak\u0131n Do\u011fu Hastanesi\u2019ne sevk edildi\u011fini belirten \u00dcstel, geminin yolcu listesiyle kurtar\u0131lanlar\u0131n isimlerinin kar\u015f\u0131la\u015ft\u0131r\u0131lmas\u0131 sonucu 20 ki\u015finin kay\u0131p oldu\u011funun belirlendi\u011fini s\u00f6yledi.<\/p>\n<p><strong>\u00dcstel, hayat\u0131n\u0131 kaybedenlerle kay\u0131plar\u0131n isimlerinin belirlendi\u011fini,\u00a0<\/strong>cenazelerin ailelerine teslim edilmeye ba\u015fland\u0131\u011f\u0131n\u0131 belirtti.<\/p>\n<p><strong>&#8211; &#8220;Arama kurtarma \u00e7al\u0131\u015fmalar\u0131 geni\u015fletildi&#8221;<\/strong><\/p>\n<p>Polis te\u015fkilat\u0131, G\u00fcvenlik Kuvvetleri, Bar\u0131\u015f Kuvvetleri ve ilgili t\u00fcm birimlerin \u00e7al\u0131\u015fmalar\u0131n\u0131 s\u00fcrd\u00fcrd\u00fc\u011f\u00fcn\u00fc ifade eden \u00dcstel, T\u00fcrkiye Cumhuriyeti\u2019nin de gemi, helikopter, u\u00e7ak ve arama kurtarma ekipleriyle \u00e7al\u0131\u015fmalara destek verdi\u011fini s\u00f6yledi.<\/p>\n<p>\u00dcstel, T\u00fcrkiye Cumhurba\u015fkan\u0131 Recep Tayyip Erdo\u011fan, Cumhurba\u015fkan\u0131 Yard\u0131mc\u0131s\u0131 Cevdet Y\u0131lmaz, h\u00fck\u00fcmet yetkilileri ve MHP Genel Ba\u015fkan\u0131 Devlet Bah\u00e7eli\u2019nin de geli\u015fmeleri yak\u0131ndan takip ederek bilgi ald\u0131\u011f\u0131n\u0131 s\u00f6yledi.<\/p>\n<p>Arama kurtarma \u00e7al\u0131\u015fmalar\u0131n\u0131n 24 saat esas\u0131na g\u00f6re s\u00fcrd\u00fc\u011f\u00fcn\u00fc kaydeden \u00dcstel, gemi, helikopter, u\u00e7ak ve di\u011fer arama kurtarma ekiplerinin kat\u0131l\u0131m\u0131yla arama alan\u0131n\u0131n geni\u015fletildi\u011fini belirtti.<\/p>\n<p><strong>&#8211; &#8220;514 metre derinlikteki gemiye yar\u0131n ula\u015f\u0131lmas\u0131 planlan\u0131yor&#8221;<\/strong><\/p>\n<p>\u00dcstel, yakla\u015f\u0131k 514 metre derinli\u011fe batan gemiye ula\u015f\u0131lmas\u0131 amac\u0131yla \u00c7anakkale\u2019den bir arama kurtarma gemisinin b\u00f6lgeye do\u011fru hareket etti\u011fini s\u00f6yledi.<\/p>\n<p>Derine dalg\u0131\u00e7 indirebilen s\u00f6z konusu gemiyle yar\u0131n \u00f6\u011fleden sonra bat\u0131\u011fa ula\u015f\u0131lmas\u0131n\u0131n planland\u0131\u011f\u0131n\u0131 ifade eden \u00dcstel, gemide herhangi bir ki\u015fi veya bulgu olup olmad\u0131\u011f\u0131n\u0131n yap\u0131lacak \u00e7al\u0131\u015fmalarla ortaya \u00e7\u0131kar\u0131laca\u011f\u0131n\u0131 kaydetti.<\/p>\n<p>\u00dcstel, \u00e7al\u0131\u015fmalardan elde edilecek bilgiler do\u011frultusunda kamuoyunun yeniden bilgilendirilece\u011fini belirtti.<\/p>\n<p><strong>&#8211; \u201c20 insan\u0131m\u0131za ula\u015fmak i\u00e7in \u00e7al\u0131\u015fmalar son s\u00fcrat devam ediyor\u201d<\/strong><\/p>\n<p>\u201cAc\u0131m\u0131z \u00e7ok b\u00fcy\u00fck. Hepimizin ba\u015f\u0131 sa\u011f olsun.\u201d diyen \u00dcstel, gerek T\u00fcrkiye Cumhuriyeti gerekse KKTC olarak kay\u0131p 20 ki\u015fiye ula\u015fmak i\u00e7in t\u00fcm imkanlar\u0131n kullan\u0131ld\u0131\u011f\u0131n\u0131 s\u00f6yledi.<\/p>\n<p>\u00dcstel, \u201c20 insan\u0131m\u0131za ula\u015fmak i\u00e7in \u00e7al\u0131\u015fmalar son s\u00fcrat devam ediyor.\u201d dedi.<\/p>\n<p>Haber: Mehmet Kara ve Arda Mercan<\/p>\n<\/p>\n<p><img decoding=\"async\" width=\"1024\" height=\"638\" src=\"https:\/\/www.kibrishost.com\/tak\/wp-content\/uploads\/2026\/08\/ustel-arama-kurtarma-gemisi-canakkaleden-yola-cikti-batan-gemiye-yarin-ogleden-sonra-ulasilmasi-planlaniyor-1-1024x638.jpeg\" class=\"aligncenter wp-image-150581\" alt=\"\u00dcstel: \u201cArama-kurtarma gemisi \u00c7anakkale\u2019den yola \u00e7\u0131kt\u0131...Batan gemiye yar\u0131n \u00f6\u011fleden sonra ula\u015f\u0131lmas\u0131 planlan\u0131yor\u201d\" loading=\"lazy\" srcset=\"https:\/\/www.kibrishost.com\/tak\/wp-content\/uploads\/2026\/08\/ustel-arama-kurtarma-gemisi-canakkaleden-yola-cikti-batan-gemiye-yarin-ogleden-sonra-ulasilmasi-planlaniyor-1-1024x638.jpeg 1024w, https:\/\/www.kibrishost.com\/tak\/wp-content\/uploads\/2026\/08\/ustel-arama-kurtarma-gemisi-canakkaleden-yola-cikti-batan-gemiye-yarin-ogleden-sonra-ulasilmasi-planlaniyor-1-300x187.jpeg 300w, https:\/\/www.kibrishost.com\/tak\/wp-content\/uploads\/2026\/08\/ustel-arama-kurtarma-gemisi-canakkaleden-yola-cikti-batan-gemiye-yarin-ogleden-sonra-ulasilmasi-planlaniyor-1-768x478.jpeg 768w, https:\/\/www.kibrishost.com\/tak\/wp-content\/uploads\/2026\/08\/ustel-arama-kurtarma-gemisi-canakkaleden-yola-cikti-batan-gemiye-yarin-ogleden-sonra-ulasilmasi-planlaniyor-1-1536x956.jpeg 1536w, https:\/\/www.kibrishost.com\/tak\/wp-content\/uploads\/2026\/08\/ustel-arama-kurtarma-gemisi-canakkaleden-yola-cikti-batan-gemiye-yarin-ogleden-sonra-ulasilmasi-planlaniyor-1.jpeg 2048w\" sizes=\"(max-width: 1024px) 100vw, 1024px\" \/><\/p>\n","protected":false},"excerpt":{"rendered":"<p>Ba\u015fbakan \u00dcnal \u00dcstel, Girne\u2019de meydana gelen gemi kazas\u0131nda kaybolan 20 ki\u015fiye ula\u015f\u0131lmas\u0131 i\u00e7in\u00a0arama-kurtarma gemisinin\u00a0\u00c7anakkale\u2019den yola \u00e7\u0131kt\u0131\u011f\u0131n\u0131 a\u00e7\u0131klad\u0131. \u00dcstel,\u00a0\u201c514 metre derinli\u011fe batan gemiye yar\u0131n \u00f6\u011fleden sonra ula\u015f\u0131lmas\u0131 planlan\u0131yor.\u201d dedi. Ba\u015fbakan \u00dcstel, 8 ki\u015finin hayat\u0131n\u0131 kaybetti\u011fi gemi kazas\u0131nda kaybolan 20 ki\u015finin bulunmas\u0131 i\u00e7in arama kurtarma \u00e7al\u0131\u015fmalar\u0131n\u0131n b\u00fct\u00fcn h\u0131z\u0131yla s\u00fcrd\u00fc\u011f\u00fcn\u00fc vurgulad\u0131. Girne Liman\u0131\u2019nda kurulan kriz merkezinde a\u00e7\u0131klama yapan &hellip;<\/p>\n","protected":false},"author":1,"featured_media":150580,"comment_status":"open","ping_status":"open","sticky":false,"template":"","format":"standard","meta":{"footnotes":""},"categories":[2],"tags":[48615,48656,48657,343,3704,26809,15882,1337,46294,1016,54,4161],"class_list":["post-150579","post","type-post","status-publish","format-standard","has-post-thumbnail","hentry","category-kibris","tag-arama-kurtarma","tag-canakkaleden","tag-cikti-batan","tag-gemisi","tag-gemiye","tag-ogleden","tag-planlaniyor","tag-sonra","tag-ulasilmasi","tag-ustel","tag-yarin","tag-yola"],"_links":{"self":[{"href":"https:\/\/www.kibrishost.com\/tak\/wp-json\/wp\/v2\/posts\/150579"}],"collection":[{"href":"https:\/\/www.kibrishost.com\/tak\/wp-json\/wp\/v2\/posts"}],"about":[{"href":"https:\/\/www.kibrishost.com\/tak\/wp-json\/wp\/v2\/types\/post"}],"author":[{"embeddable":true,"href":"https:\/\/www.kibrishost.com\/tak\/wp-json\/wp\/v2\/users\/1"}],"replies":[{"embeddable":true,"href":"https:\/\/www.kibrishost.com\/tak\/wp-json\/wp\/v2\/comments?post=150579"}],"version-history":[{"count":1,"href":"https:\/\/www.kibrishost.com\/tak\/wp-json\/wp\/v2\/posts\/150579\/revisions"}],"predecessor-version":[{"id":150582,"href":"https:\/\/www.kibrishost.com\/tak\/wp-json\/wp\/v2\/posts\/150579\/revisions\/150582"}],"wp:featuredmedia":[{"embeddable":true,"href":"https:\/\/www.kibrishost.com\/tak\/wp-json\/wp\/v2\/media\/150580"}],"wp:attachment":[{"href":"https:\/\/www.kibrishost.com\/tak\/wp-json\/wp\/v2\/media?parent=150579"}],"wp:term":[{"taxonomy":"category","embeddable":true,"href":"https:\/\/www.kibrishost.com\/tak\/wp-json\/wp\/v2\/categories?post=150579"},{"taxonomy":"post_tag","embeddable":true,"href":"https:\/\/www.kibrishost.com\/tak\/wp-json\/wp\/v2\/tags?post=150579"}],"curies":[{"name":"wp","href":"https:\/\/api.w.org\/{rel}","templated":true}]}}